{"id":107,"date":"2010-07-09T16:57:41","date_gmt":"2010-07-09T14:57:41","guid":{"rendered":"http:\/\/www.porta-mallorquina.de\/blog\/?p=107"},"modified":"2015-10-30T11:03:07","modified_gmt":"2015-10-30T09:03:07","slug":"praktikum-im-administrativen-bereich-auf-mallorca","status":"publish","type":"post","link":"https:\/\/www.porta-mallorquina.de\/blog\/praktikum-im-administrativen-bereich-auf-mallorca\/","title":{"rendered":"Praktikum auf Mallorca im administrativen Bereich"},"content":{"rendered":"<div id=\"attachment_95\" class=\"wp-caption alignright\" style=\"width: 270px\"><a href=\"https:\/\/www.porta-mallorquina.de\/blog\/wp-content\/uploads\/2010\/06\/immobilienberater-mallorca-buero-son-bugadelles.jpg\"><img loading=\"lazy\" decoding=\"async\" class=\"size-medium wp-image-95 \" title=\"Praktikum auf Mallorca im administrativen Bereich\" src=\"https:\/\/www.porta-mallorquina.de\/blog\/wp-content\/uploads\/2010\/06\/immobilienberater-mallorca-buero-son-bugadelles-300x200.jpg\" alt=\"Praktikum auf Mallorca im administrativen Bereich\" width=\"270\" height=\"180\" srcset=\"https:\/\/www.porta-mallorquina.de\/blog\/mallorca\/2010\/06\/immobilienberater-mallorca-buero-son-bugadelles-300x200.jpg 300w, https:\/\/www.porta-mallorquina.de\/blog\/mallorca\/2010\/06\/immobilienberater-mallorca-buero-son-bugadelles.jpg 600w\" sizes=\"auto, (max-width: 270px) 100vw, 270px\" \/><\/a><p class=\"wp-caption-text\">Praktikumsplatz im administrativen Bereich beim Immobilienmakler auf Mallorca<\/p><\/div>\n<p>F\u00fcr den administrativen Bereich in unseren <a title=\"Immobilienb\u00fcros\" href=\"https:\/\/www.porta-mallorquina.de\/suedwest\/\">Immobilienb\u00fcros auf Mallorca<\/a> suchen wir zum n\u00e4chstm\u00f6glichen Zeitpunkt einen Praktikant(in) f\u00fcr mindestens 6 Monate.<\/p>\n<h3>Ihr Profil<\/h3>\n<p>Sie besitzen gute PC-Kenntnisse und sprechen mindestens zwei unserer Korrespondenzsprachen (Deutsch, Spanisch, Englisch).<\/p>\n<p>Ihre aussagef\u00e4higen Unterlagen senden Sie bitte an:<br \/>\nE-Mail: info@portamallorquina.com<br \/>\nPorta Mallorquina Real Estate S.L.U.<br \/>\nC.\/ Colom 20 2\u00ba<br \/>\n07001 Palma<br \/>\nMallorca<br \/>\nT. +34 971 698 242<\/p>\n","protected":false},"excerpt":{"rendered":"<p>F\u00fcr den administrativen Bereich in unseren Immobilienb\u00fcros auf Mallorca suchen wir zum n\u00e4chstm\u00f6glichen Zeitpunkt einen Praktikant(in) f\u00fcr mindestens 6 Monate.<\/p>\n","protected":false},"author":9,"featured_media":0,"comment_status":"open","ping_status":"open","sticky":false,"template":"","format":"standard","meta":{"footnotes":""},"categories":[15],"tags":[],"class_list":["post-107","post","type-post","status-publish","format-standard","hentry","category-stellenangebote"],"yoast_head":"<!-- This site is optimized with the Yoast SEO plugin v27.2 - https:\/\/yoast.com\/product\/yoast-seo-wordpress\/ -->\n<title>Mallorca: Praktikum beim Immobilienmakler im administrativen Bereich<\/title>\n<meta name=\"description\" content=\"F\u00fcr den administrativen Bereich in unseren Immobilienb\u00fcros auf Mallorca suchen wir zum n\u00e4chstm\u00f6glichen Zeitpunkt einen Praktikant(in) f\u00fcr 6 Monate.\" \/>\n<meta name=\"robots\" content=\"index, follow, max-snippet:-1, max-image-preview:large, max-video-preview:-1\" \/>\n<link rel=\"canonical\" href=\"https:\/\/www.porta-mallorquina.de\/blog\/praktikum-im-administrativen-bereich-auf-mallorca\/\" \/>\n<meta property=\"og:locale\" content=\"de_DE\" \/>\n<meta property=\"og:type\" content=\"article\" \/>\n<meta property=\"og:title\" content=\"Mallorca: Praktikum beim Immobilienmakler im administrativen Bereich\" \/>\n<meta property=\"og:description\" content=\"F\u00fcr den administrativen Bereich in unseren Immobilienb\u00fcros auf Mallorca suchen wir zum n\u00e4chstm\u00f6glichen Zeitpunkt einen Praktikant(in) f\u00fcr 6 Monate.\" \/>\n<meta property=\"og:url\" content=\"https:\/\/www.porta-mallorquina.de\/blog\/praktikum-im-administrativen-bereich-auf-mallorca\/\" \/>\n<meta property=\"og:site_name\" content=\"Porta Mallorquina Blog\" \/>\n<meta property=\"article:published_time\" content=\"2010-07-09T14:57:41+00:00\" \/>\n<meta property=\"article:modified_time\" content=\"2015-10-30T09:03:07+00:00\" \/>\n<meta property=\"og:image\" content=\"https:\/\/www.porta-mallorquina.de\/blog\/wp-content\/uploads\/2010\/06\/immobilienberater-mallorca-buero-son-bugadelles-300x200.jpg\" \/>\n<meta name=\"author\" content=\"Porta Mallorquina\" \/>\n<meta name=\"twitter:card\" content=\"summary_large_image\" \/>\n<meta name=\"twitter:label1\" content=\"Verfasst von\" \/>\n\t<meta name=\"twitter:data1\" content=\"Porta Mallorquina\" \/>\n<script type=\"application\/ld+json\" class=\"yoast-schema-graph\">{\"@context\":\"https:\/\/schema.org\",\"@graph\":[{\"@type\":\"Article\",\"@id\":\"https:\/\/www.porta-mallorquina.de\/blog\/praktikum-im-administrativen-bereich-auf-mallorca\/#article\",\"isPartOf\":{\"@id\":\"https:\/\/www.porta-mallorquina.de\/blog\/praktikum-im-administrativen-bereich-auf-mallorca\/\"},\"author\":{\"name\":\"Porta Mallorquina\",\"@id\":\"https:\/\/www.porta-mallorquina.de\/blog\/#\/schema\/person\/762f5edd41dcc87e16e9391fd25d519d\"},\"headline\":\"Praktikum auf Mallorca im administrativen Bereich\",\"datePublished\":\"2010-07-09T14:57:41+00:00\",\"dateModified\":\"2015-10-30T09:03:07+00:00\",\"mainEntityOfPage\":{\"@id\":\"https:\/\/www.porta-mallorquina.de\/blog\/praktikum-im-administrativen-bereich-auf-mallorca\/\"},\"wordCount\":85,\"commentCount\":1,\"publisher\":{\"@id\":\"https:\/\/www.porta-mallorquina.de\/blog\/#organization\"},\"image\":{\"@id\":\"https:\/\/www.porta-mallorquina.de\/blog\/praktikum-im-administrativen-bereich-auf-mallorca\/#primaryimage\"},\"thumbnailUrl\":\"https:\/\/www.porta-mallorquina.de\/blog\/wp-content\/uploads\/2010\/06\/immobilienberater-mallorca-buero-son-bugadelles-300x200.jpg\",\"articleSection\":[\"Stellenangebote\"],\"inLanguage\":\"de\",\"potentialAction\":[{\"@type\":\"CommentAction\",\"name\":\"Comment\",\"target\":[\"https:\/\/www.porta-mallorquina.de\/blog\/praktikum-im-administrativen-bereich-auf-mallorca\/#respond\"]}]},{\"@type\":\"WebPage\",\"@id\":\"https:\/\/www.porta-mallorquina.de\/blog\/praktikum-im-administrativen-bereich-auf-mallorca\/\",\"url\":\"https:\/\/www.porta-mallorquina.de\/blog\/praktikum-im-administrativen-bereich-auf-mallorca\/\",\"name\":\"Mallorca: Praktikum beim Immobilienmakler im administrativen Bereich\",\"isPartOf\":{\"@id\":\"https:\/\/www.porta-mallorquina.de\/blog\/#website\"},\"primaryImageOfPage\":{\"@id\":\"https:\/\/www.porta-mallorquina.de\/blog\/praktikum-im-administrativen-bereich-auf-mallorca\/#primaryimage\"},\"image\":{\"@id\":\"https:\/\/www.porta-mallorquina.de\/blog\/praktikum-im-administrativen-bereich-auf-mallorca\/#primaryimage\"},\"thumbnailUrl\":\"https:\/\/www.porta-mallorquina.de\/blog\/wp-content\/uploads\/2010\/06\/immobilienberater-mallorca-buero-son-bugadelles-300x200.jpg\",\"datePublished\":\"2010-07-09T14:57:41+00:00\",\"dateModified\":\"2015-10-30T09:03:07+00:00\",\"description\":\"F\u00fcr den administrativen Bereich in unseren Immobilienb\u00fcros auf Mallorca suchen wir zum n\u00e4chstm\u00f6glichen Zeitpunkt einen Praktikant(in) f\u00fcr 6 Monate.\",\"breadcrumb\":{\"@id\":\"https:\/\/www.porta-mallorquina.de\/blog\/praktikum-im-administrativen-bereich-auf-mallorca\/#breadcrumb\"},\"inLanguage\":\"de\",\"potentialAction\":[{\"@type\":\"ReadAction\",\"target\":[\"https:\/\/www.porta-mallorquina.de\/blog\/praktikum-im-administrativen-bereich-auf-mallorca\/\"]}]},{\"@type\":\"ImageObject\",\"inLanguage\":\"de\",\"@id\":\"https:\/\/www.porta-mallorquina.de\/blog\/praktikum-im-administrativen-bereich-auf-mallorca\/#primaryimage\",\"url\":\"https:\/\/www.porta-mallorquina.de\/blog\/wp-content\/uploads\/2010\/06\/immobilienberater-mallorca-buero-son-bugadelles-300x200.jpg\",\"contentUrl\":\"https:\/\/www.porta-mallorquina.de\/blog\/wp-content\/uploads\/2010\/06\/immobilienberater-mallorca-buero-son-bugadelles-300x200.jpg\"},{\"@type\":\"BreadcrumbList\",\"@id\":\"https:\/\/www.porta-mallorquina.de\/blog\/praktikum-im-administrativen-bereich-auf-mallorca\/#breadcrumb\",\"itemListElement\":[{\"@type\":\"ListItem\",\"position\":1,\"name\":\"Startseite\",\"item\":\"https:\/\/www.porta-mallorquina.de\/blog\/\"},{\"@type\":\"ListItem\",\"position\":2,\"name\":\"Praktikum auf Mallorca im administrativen Bereich\"}]},{\"@type\":\"WebSite\",\"@id\":\"https:\/\/www.porta-mallorquina.de\/blog\/#website\",\"url\":\"https:\/\/www.porta-mallorquina.de\/blog\/\",\"name\":\"Porta Mallorquina Blog\",\"description\":\"Mehr als Mallorca Immobilien\",\"publisher\":{\"@id\":\"https:\/\/www.porta-mallorquina.de\/blog\/#organization\"},\"potentialAction\":[{\"@type\":\"SearchAction\",\"target\":{\"@type\":\"EntryPoint\",\"urlTemplate\":\"https:\/\/www.porta-mallorquina.de\/blog\/?s={search_term_string}\"},\"query-input\":{\"@type\":\"PropertyValueSpecification\",\"valueRequired\":true,\"valueName\":\"search_term_string\"}}],\"inLanguage\":\"de\"},{\"@type\":\"Organization\",\"@id\":\"https:\/\/www.porta-mallorquina.de\/blog\/#organization\",\"name\":\"Porta Mallorquina Blog\",\"url\":\"https:\/\/www.porta-mallorquina.de\/blog\/\",\"logo\":{\"@type\":\"ImageObject\",\"inLanguage\":\"de\",\"@id\":\"https:\/\/www.porta-mallorquina.de\/blog\/#\/schema\/logo\/image\/\",\"url\":\"https:\/\/www.porta-mallorquina.de\/blog\/mallorca\/porta-mallorquina-real-estate-mallorca-logo.png\",\"contentUrl\":\"https:\/\/www.porta-mallorquina.de\/blog\/mallorca\/porta-mallorquina-real-estate-mallorca-logo.png\",\"width\":570,\"height\":400,\"caption\":\"Porta Mallorquina Blog\"},\"image\":{\"@id\":\"https:\/\/www.porta-mallorquina.de\/blog\/#\/schema\/logo\/image\/\"}},{\"@type\":\"Person\",\"@id\":\"https:\/\/www.porta-mallorquina.de\/blog\/#\/schema\/person\/762f5edd41dcc87e16e9391fd25d519d\",\"name\":\"Porta Mallorquina\",\"url\":\"https:\/\/www.porta-mallorquina.de\/blog\/author\/lnmt53naz\/\"}]}<\/script>\n<!-- \/ Yoast SEO plugin. -->","yoast_head_json":{"title":"Mallorca: Praktikum beim Immobilienmakler im administrativen Bereich","description":"F\u00fcr den administrativen Bereich in unseren Immobilienb\u00fcros auf Mallorca suchen wir zum n\u00e4chstm\u00f6glichen Zeitpunkt einen Praktikant(in) f\u00fcr 6 Monate.","robots":{"index":"index","follow":"follow","max-snippet":"max-snippet:-1","max-image-preview":"max-image-preview:large","max-video-preview":"max-video-preview:-1"},"canonical":"https:\/\/www.porta-mallorquina.de\/blog\/praktikum-im-administrativen-bereich-auf-mallorca\/","og_locale":"de_DE","og_type":"article","og_title":"Mallorca: Praktikum beim Immobilienmakler im administrativen Bereich","og_description":"F\u00fcr den administrativen Bereich in unseren Immobilienb\u00fcros auf Mallorca suchen wir zum n\u00e4chstm\u00f6glichen Zeitpunkt einen Praktikant(in) f\u00fcr 6 Monate.","og_url":"https:\/\/www.porta-mallorquina.de\/blog\/praktikum-im-administrativen-bereich-auf-mallorca\/","og_site_name":"Porta Mallorquina Blog","article_published_time":"2010-07-09T14:57:41+00:00","article_modified_time":"2015-10-30T09:03:07+00:00","og_image":[{"url":"https:\/\/www.porta-mallorquina.de\/blog\/wp-content\/uploads\/2010\/06\/immobilienberater-mallorca-buero-son-bugadelles-300x200.jpg","type":"","width":"","height":""}],"author":"Porta Mallorquina","twitter_card":"summary_large_image","twitter_misc":{"Verfasst von":"Porta Mallorquina"},"schema":{"@context":"https:\/\/schema.org","@graph":[{"@type":"Article","@id":"https:\/\/www.porta-mallorquina.de\/blog\/praktikum-im-administrativen-bereich-auf-mallorca\/#article","isPartOf":{"@id":"https:\/\/www.porta-mallorquina.de\/blog\/praktikum-im-administrativen-bereich-auf-mallorca\/"},"author":{"name":"Porta Mallorquina","@id":"https:\/\/www.porta-mallorquina.de\/blog\/#\/schema\/person\/762f5edd41dcc87e16e9391fd25d519d"},"headline":"Praktikum auf Mallorca im administrativen Bereich","datePublished":"2010-07-09T14:57:41+00:00","dateModified":"2015-10-30T09:03:07+00:00","mainEntityOfPage":{"@id":"https:\/\/www.porta-mallorquina.de\/blog\/praktikum-im-administrativen-bereich-auf-mallorca\/"},"wordCount":85,"commentCount":1,"publisher":{"@id":"https:\/\/www.porta-mallorquina.de\/blog\/#organization"},"image":{"@id":"https:\/\/www.porta-mallorquina.de\/blog\/praktikum-im-administrativen-bereich-auf-mallorca\/#primaryimage"},"thumbnailUrl":"https:\/\/www.porta-mallorquina.de\/blog\/wp-content\/uploads\/2010\/06\/immobilienberater-mallorca-buero-son-bugadelles-300x200.jpg","articleSection":["Stellenangebote"],"inLanguage":"de","potentialAction":[{"@type":"CommentAction","name":"Comment","target":["https:\/\/www.porta-mallorquina.de\/blog\/praktikum-im-administrativen-bereich-auf-mallorca\/#respond"]}]},{"@type":"WebPage","@id":"https:\/\/www.porta-mallorquina.de\/blog\/praktikum-im-administrativen-bereich-auf-mallorca\/","url":"https:\/\/www.porta-mallorquina.de\/blog\/praktikum-im-administrativen-bereich-auf-mallorca\/","name":"Mallorca: Praktikum beim Immobilienmakler im administrativen Bereich","isPartOf":{"@id":"https:\/\/www.porta-mallorquina.de\/blog\/#website"},"primaryImageOfPage":{"@id":"https:\/\/www.porta-mallorquina.de\/blog\/praktikum-im-administrativen-bereich-auf-mallorca\/#primaryimage"},"image":{"@id":"https:\/\/www.porta-mallorquina.de\/blog\/praktikum-im-administrativen-bereich-auf-mallorca\/#primaryimage"},"thumbnailUrl":"https:\/\/www.porta-mallorquina.de\/blog\/wp-content\/uploads\/2010\/06\/immobilienberater-mallorca-buero-son-bugadelles-300x200.jpg","datePublished":"2010-07-09T14:57:41+00:00","dateModified":"2015-10-30T09:03:07+00:00","description":"F\u00fcr den administrativen Bereich in unseren Immobilienb\u00fcros auf Mallorca suchen wir zum n\u00e4chstm\u00f6glichen Zeitpunkt einen Praktikant(in) f\u00fcr 6 Monate.","breadcrumb":{"@id":"https:\/\/www.porta-mallorquina.de\/blog\/praktikum-im-administrativen-bereich-auf-mallorca\/#breadcrumb"},"inLanguage":"de","potentialAction":[{"@type":"ReadAction","target":["https:\/\/www.porta-mallorquina.de\/blog\/praktikum-im-administrativen-bereich-auf-mallorca\/"]}]},{"@type":"ImageObject","inLanguage":"de","@id":"https:\/\/www.porta-mallorquina.de\/blog\/praktikum-im-administrativen-bereich-auf-mallorca\/#primaryimage","url":"https:\/\/www.porta-mallorquina.de\/blog\/wp-content\/uploads\/2010\/06\/immobilienberater-mallorca-buero-son-bugadelles-300x200.jpg","contentUrl":"https:\/\/www.porta-mallorquina.de\/blog\/wp-content\/uploads\/2010\/06\/immobilienberater-mallorca-buero-son-bugadelles-300x200.jpg"},{"@type":"BreadcrumbList","@id":"https:\/\/www.porta-mallorquina.de\/blog\/praktikum-im-administrativen-bereich-auf-mallorca\/#breadcrumb","itemListElement":[{"@type":"ListItem","position":1,"name":"Startseite","item":"https:\/\/www.porta-mallorquina.de\/blog\/"},{"@type":"ListItem","position":2,"name":"Praktikum auf Mallorca im administrativen Bereich"}]},{"@type":"WebSite","@id":"https:\/\/www.porta-mallorquina.de\/blog\/#website","url":"https:\/\/www.porta-mallorquina.de\/blog\/","name":"Porta Mallorquina Blog","description":"Mehr als Mallorca Immobilien","publisher":{"@id":"https:\/\/www.porta-mallorquina.de\/blog\/#organization"},"potentialAction":[{"@type":"SearchAction","target":{"@type":"EntryPoint","urlTemplate":"https:\/\/www.porta-mallorquina.de\/blog\/?s={search_term_string}"},"query-input":{"@type":"PropertyValueSpecification","valueRequired":true,"valueName":"search_term_string"}}],"inLanguage":"de"},{"@type":"Organization","@id":"https:\/\/www.porta-mallorquina.de\/blog\/#organization","name":"Porta Mallorquina Blog","url":"https:\/\/www.porta-mallorquina.de\/blog\/","logo":{"@type":"ImageObject","inLanguage":"de","@id":"https:\/\/www.porta-mallorquina.de\/blog\/#\/schema\/logo\/image\/","url":"https:\/\/www.porta-mallorquina.de\/blog\/mallorca\/porta-mallorquina-real-estate-mallorca-logo.png","contentUrl":"https:\/\/www.porta-mallorquina.de\/blog\/mallorca\/porta-mallorquina-real-estate-mallorca-logo.png","width":570,"height":400,"caption":"Porta Mallorquina Blog"},"image":{"@id":"https:\/\/www.porta-mallorquina.de\/blog\/#\/schema\/logo\/image\/"}},{"@type":"Person","@id":"https:\/\/www.porta-mallorquina.de\/blog\/#\/schema\/person\/762f5edd41dcc87e16e9391fd25d519d","name":"Porta Mallorquina","url":"https:\/\/www.porta-mallorquina.de\/blog\/author\/lnmt53naz\/"}]}},"_links":{"self":[{"href":"https:\/\/www.porta-mallorquina.de\/blog\/wp-json\/wp\/v2\/posts\/107","targetHints":{"allow":["GET"]}}],"collection":[{"href":"https:\/\/www.porta-mallorquina.de\/blog\/wp-json\/wp\/v2\/posts"}],"about":[{"href":"https:\/\/www.porta-mallorquina.de\/blog\/wp-json\/wp\/v2\/types\/post"}],"author":[{"embeddable":true,"href":"https:\/\/www.porta-mallorquina.de\/blog\/wp-json\/wp\/v2\/users\/9"}],"replies":[{"embeddable":true,"href":"https:\/\/www.porta-mallorquina.de\/blog\/wp-json\/wp\/v2\/comments?post=107"}],"version-history":[{"count":12,"href":"https:\/\/www.porta-mallorquina.de\/blog\/wp-json\/wp\/v2\/posts\/107\/revisions"}],"predecessor-version":[{"id":3566,"href":"https:\/\/www.porta-mallorquina.de\/blog\/wp-json\/wp\/v2\/posts\/107\/revisions\/3566"}],"wp:attachment":[{"href":"https:\/\/www.porta-mallorquina.de\/blog\/wp-json\/wp\/v2\/media?parent=107"}],"wp:term":[{"taxonomy":"category","embeddable":true,"href":"https:\/\/www.porta-mallorquina.de\/blog\/wp-json\/wp\/v2\/categories?post=107"},{"taxonomy":"post_tag","embeddable":true,"href":"https:\/\/www.porta-mallorquina.de\/blog\/wp-json\/wp\/v2\/tags?post=107"}],"curies":[{"name":"wp","href":"https:\/\/api.w.org\/{rel}","templated":true}]}}