{"id":1180,"date":"2012-02-13T14:28:43","date_gmt":"2012-02-13T12:28:43","guid":{"rendered":"http:\/\/www.porta-mallorquina.de\/blog\/?p=1180"},"modified":"2012-02-14T18:13:35","modified_gmt":"2012-02-14T16:13:35","slug":"tapas-tour-durch-arta","status":"publish","type":"post","link":"https:\/\/www.porta-mallorquina.de\/blog\/tapas-tour-durch-arta\/","title":{"rendered":"Tapas Tour durch Art\u00e1"},"content":{"rendered":"<div id=\"attachment_1181\" class=\"wp-caption alignleft\" style=\"width: 367px\"><a title=\"Immobilien Arta\" href=\"https:\/\/www.porta-mallorquina.de\/immobilien\/kaufen\/arta\/\" target=\"_blank\"><img loading=\"lazy\" decoding=\"async\" class=\"size-full wp-image-1181  \" title=\"Blick \u00fcber die D\u00e4cher von Arta auf Mallorca\" src=\"https:\/\/www.porta-mallorquina.de\/blog\/mallorca\/blick-daecher-arta-103506.jpg\" alt=\"Blick \u00fcber Arta auf Mallorca\" width=\"367\" height=\"244\" \/><\/a><p class=\"wp-caption-text\">Die Festung mit der Kirche Sant Salvador \u00fcber der Stadt ist das Wahrzeichen von Arta. Liebevoll sanierte Dorfh\u00e4user in der Gemeinde erfreuen sich auch bei Touristen zunehmender Beliebtheit.<\/p><\/div>\n<p>In Zusammenarbeit mit den \u00f6rtlichen Kaufleuten l\u00e4dt die Gemeinde <strong>Art\u00e1 <\/strong>ab sofort <strong>jeden Freitag <\/strong>zur <strong>Tapas Tour<\/strong> ein. Die kulinarische Entdeckungsreise kann entweder zu Fu\u00df\u00a0 begangen werden, oder romantisch mit dem Pferdewagen. Mit solchen Promotionaktionen soll auch die regionale K\u00fcche st\u00e4rker bekannt werden.<\/p>\n<h2>Wochenmarkt in Arta<\/h2>\n<p>Das in erster Linie f\u00fcr seinen gro\u00dfen Wochenmarkt bekannte St\u00e4dtchen im <a title=\"Rundgang im Norden Mallorcas\" href=\"https:\/\/www.porta-mallorquina.de\/blog\/rundgang-im-norden-mallorcas\/\">Nordosten<\/a> ist sehr aktiv und st\u00e4ndig bem\u00fcht, das Freizeitangebot in der Gegend noch attraktiver zu gestalten. Als n\u00e4chstes Projekt ist eine Touristenkarte geplant, mit zahlreichen Verg\u00fcnstigungen f\u00fcr Museen und kulturelle Veranstaltungen in Art\u00e1 und Umgebung.<\/p>\n<p>&nbsp;<\/p>\n","protected":false},"excerpt":{"rendered":"<p>Die Gemeinde Art\u00e1 l\u00e4dt ab sofort jeden Freitag zur Tapas Tour ein. Die kulinarische Entdeckungsreise kann entweder zu Fu\u00df  begangen werden, oder romantisch mit dem Pferdewagen.<\/p>\n","protected":false},"author":9,"featured_media":0,"comment_status":"open","ping_status":"open","sticky":false,"template":"","format":"standard","meta":{"footnotes":""},"categories":[19,3],"tags":[],"class_list":["post-1180","post","type-post","status-publish","format-standard","hentry","category-feste-und-brauchtum","category-mallorca"],"yoast_head":"<!-- This site is optimized with the Yoast SEO plugin v27.2 - https:\/\/yoast.com\/product\/yoast-seo-wordpress\/ -->\n<title>Tapas Tour durch Arta<\/title>\n<meta name=\"description\" content=\"Die Gemeinde Art\u00e1 l\u00e4dt ab sofort jeden Freitag zur Tapas Tour ein. Die kulinarische Entdeckungsreise kann entweder zu Fu\u00df begangen werden, oder romantisch mit dem Pferdewagen.\" \/>\n<meta name=\"robots\" content=\"index, follow, max-snippet:-1, max-image-preview:large, max-video-preview:-1\" \/>\n<link rel=\"canonical\" href=\"https:\/\/www.porta-mallorquina.de\/blog\/tapas-tour-durch-arta\/\" \/>\n<meta property=\"og:locale\" content=\"de_DE\" \/>\n<meta property=\"og:type\" content=\"article\" \/>\n<meta property=\"og:title\" content=\"Tapas Tour durch Arta\" \/>\n<meta property=\"og:description\" content=\"Die Gemeinde Art\u00e1 l\u00e4dt ab sofort jeden Freitag zur Tapas Tour ein. Die kulinarische Entdeckungsreise kann entweder zu Fu\u00df begangen werden, oder romantisch mit dem Pferdewagen.\" \/>\n<meta property=\"og:url\" content=\"https:\/\/www.porta-mallorquina.de\/blog\/tapas-tour-durch-arta\/\" \/>\n<meta property=\"og:site_name\" content=\"Porta Mallorquina Blog\" \/>\n<meta property=\"article:published_time\" content=\"2012-02-13T12:28:43+00:00\" \/>\n<meta property=\"article:modified_time\" content=\"2012-02-14T16:13:35+00:00\" \/>\n<meta property=\"og:image\" content=\"https:\/\/www.porta-mallorquina.de\/blog\/mallorca\/blick-daecher-arta-103506.jpg\" \/>\n<meta name=\"author\" content=\"Porta Mallorquina\" \/>\n<meta name=\"twitter:card\" content=\"summary_large_image\" \/>\n<meta name=\"twitter:label1\" content=\"Verfasst von\" \/>\n\t<meta name=\"twitter:data1\" content=\"Porta Mallorquina\" \/>\n\t<meta name=\"twitter:label2\" content=\"Gesch\u00e4tzte Lesezeit\" \/>\n\t<meta name=\"twitter:data2\" content=\"1\u00a0Minute\" \/>\n<script type=\"application\/ld+json\" class=\"yoast-schema-graph\">{\"@context\":\"https:\/\/schema.org\",\"@graph\":[{\"@type\":\"Article\",\"@id\":\"https:\/\/www.porta-mallorquina.de\/blog\/tapas-tour-durch-arta\/#article\",\"isPartOf\":{\"@id\":\"https:\/\/www.porta-mallorquina.de\/blog\/tapas-tour-durch-arta\/\"},\"author\":{\"name\":\"Porta Mallorquina\",\"@id\":\"https:\/\/www.porta-mallorquina.de\/blog\/#\/schema\/person\/762f5edd41dcc87e16e9391fd25d519d\"},\"headline\":\"Tapas Tour durch Art\u00e1\",\"datePublished\":\"2012-02-13T12:28:43+00:00\",\"dateModified\":\"2012-02-14T16:13:35+00:00\",\"mainEntityOfPage\":{\"@id\":\"https:\/\/www.porta-mallorquina.de\/blog\/tapas-tour-durch-arta\/\"},\"wordCount\":145,\"commentCount\":0,\"publisher\":{\"@id\":\"https:\/\/www.porta-mallorquina.de\/blog\/#organization\"},\"image\":{\"@id\":\"https:\/\/www.porta-mallorquina.de\/blog\/tapas-tour-durch-arta\/#primaryimage\"},\"thumbnailUrl\":\"https:\/\/www.porta-mallorquina.de\/blog\/mallorca\/blick-daecher-arta-103506.jpg\",\"articleSection\":[\"Feste und Brauchtum\",\"Mallorca\"],\"inLanguage\":\"de\",\"potentialAction\":[{\"@type\":\"CommentAction\",\"name\":\"Comment\",\"target\":[\"https:\/\/www.porta-mallorquina.de\/blog\/tapas-tour-durch-arta\/#respond\"]}]},{\"@type\":\"WebPage\",\"@id\":\"https:\/\/www.porta-mallorquina.de\/blog\/tapas-tour-durch-arta\/\",\"url\":\"https:\/\/www.porta-mallorquina.de\/blog\/tapas-tour-durch-arta\/\",\"name\":\"Tapas Tour durch Arta\",\"isPartOf\":{\"@id\":\"https:\/\/www.porta-mallorquina.de\/blog\/#website\"},\"primaryImageOfPage\":{\"@id\":\"https:\/\/www.porta-mallorquina.de\/blog\/tapas-tour-durch-arta\/#primaryimage\"},\"image\":{\"@id\":\"https:\/\/www.porta-mallorquina.de\/blog\/tapas-tour-durch-arta\/#primaryimage\"},\"thumbnailUrl\":\"https:\/\/www.porta-mallorquina.de\/blog\/mallorca\/blick-daecher-arta-103506.jpg\",\"datePublished\":\"2012-02-13T12:28:43+00:00\",\"dateModified\":\"2012-02-14T16:13:35+00:00\",\"description\":\"Die Gemeinde Art\u00e1 l\u00e4dt ab sofort jeden Freitag zur Tapas Tour ein. Die kulinarische Entdeckungsreise kann entweder zu Fu\u00df begangen werden, oder romantisch mit dem Pferdewagen.\",\"breadcrumb\":{\"@id\":\"https:\/\/www.porta-mallorquina.de\/blog\/tapas-tour-durch-arta\/#breadcrumb\"},\"inLanguage\":\"de\",\"potentialAction\":[{\"@type\":\"ReadAction\",\"target\":[\"https:\/\/www.porta-mallorquina.de\/blog\/tapas-tour-durch-arta\/\"]}]},{\"@type\":\"ImageObject\",\"inLanguage\":\"de\",\"@id\":\"https:\/\/www.porta-mallorquina.de\/blog\/tapas-tour-durch-arta\/#primaryimage\",\"url\":\"https:\/\/www.porta-mallorquina.de\/blog\/mallorca\/blick-daecher-arta-103506.jpg\",\"contentUrl\":\"https:\/\/www.porta-mallorquina.de\/blog\/mallorca\/blick-daecher-arta-103506.jpg\",\"width\":\"510\",\"height\":\"339\",\"caption\":\"Die Kirche von Sant Salvador ist das Wahrzeichen von Arta. Liebevoll sanierte Dorfh\u00e4user in der Gemeinde erfreuen sich auch bei Touristen zunehmender Beliebtheit.\"},{\"@type\":\"BreadcrumbList\",\"@id\":\"https:\/\/www.porta-mallorquina.de\/blog\/tapas-tour-durch-arta\/#breadcrumb\",\"itemListElement\":[{\"@type\":\"ListItem\",\"position\":1,\"name\":\"Startseite\",\"item\":\"https:\/\/www.porta-mallorquina.de\/blog\/\"},{\"@type\":\"ListItem\",\"position\":2,\"name\":\"Tapas Tour durch Art\u00e1\"}]},{\"@type\":\"WebSite\",\"@id\":\"https:\/\/www.porta-mallorquina.de\/blog\/#website\",\"url\":\"https:\/\/www.porta-mallorquina.de\/blog\/\",\"name\":\"Porta Mallorquina Blog\",\"description\":\"Mehr als Mallorca Immobilien\",\"publisher\":{\"@id\":\"https:\/\/www.porta-mallorquina.de\/blog\/#organization\"},\"potentialAction\":[{\"@type\":\"SearchAction\",\"target\":{\"@type\":\"EntryPoint\",\"urlTemplate\":\"https:\/\/www.porta-mallorquina.de\/blog\/?s={search_term_string}\"},\"query-input\":{\"@type\":\"PropertyValueSpecification\",\"valueRequired\":true,\"valueName\":\"search_term_string\"}}],\"inLanguage\":\"de\"},{\"@type\":\"Organization\",\"@id\":\"https:\/\/www.porta-mallorquina.de\/blog\/#organization\",\"name\":\"Porta Mallorquina Blog\",\"url\":\"https:\/\/www.porta-mallorquina.de\/blog\/\",\"logo\":{\"@type\":\"ImageObject\",\"inLanguage\":\"de\",\"@id\":\"https:\/\/www.porta-mallorquina.de\/blog\/#\/schema\/logo\/image\/\",\"url\":\"https:\/\/www.porta-mallorquina.de\/blog\/mallorca\/porta-mallorquina-real-estate-mallorca-logo.png\",\"contentUrl\":\"https:\/\/www.porta-mallorquina.de\/blog\/mallorca\/porta-mallorquina-real-estate-mallorca-logo.png\",\"width\":570,\"height\":400,\"caption\":\"Porta Mallorquina Blog\"},\"image\":{\"@id\":\"https:\/\/www.porta-mallorquina.de\/blog\/#\/schema\/logo\/image\/\"}},{\"@type\":\"Person\",\"@id\":\"https:\/\/www.porta-mallorquina.de\/blog\/#\/schema\/person\/762f5edd41dcc87e16e9391fd25d519d\",\"name\":\"Porta Mallorquina\",\"url\":\"https:\/\/www.porta-mallorquina.de\/blog\/author\/lnmt53naz\/\"}]}<\/script>\n<!-- \/ Yoast SEO plugin. -->","yoast_head_json":{"title":"Tapas Tour durch Arta","description":"Die Gemeinde Art\u00e1 l\u00e4dt ab sofort jeden Freitag zur Tapas Tour ein. Die kulinarische Entdeckungsreise kann entweder zu Fu\u00df begangen werden, oder romantisch mit dem Pferdewagen.","robots":{"index":"index","follow":"follow","max-snippet":"max-snippet:-1","max-image-preview":"max-image-preview:large","max-video-preview":"max-video-preview:-1"},"canonical":"https:\/\/www.porta-mallorquina.de\/blog\/tapas-tour-durch-arta\/","og_locale":"de_DE","og_type":"article","og_title":"Tapas Tour durch Arta","og_description":"Die Gemeinde Art\u00e1 l\u00e4dt ab sofort jeden Freitag zur Tapas Tour ein. Die kulinarische Entdeckungsreise kann entweder zu Fu\u00df begangen werden, oder romantisch mit dem Pferdewagen.","og_url":"https:\/\/www.porta-mallorquina.de\/blog\/tapas-tour-durch-arta\/","og_site_name":"Porta Mallorquina Blog","article_published_time":"2012-02-13T12:28:43+00:00","article_modified_time":"2012-02-14T16:13:35+00:00","og_image":[{"url":"https:\/\/www.porta-mallorquina.de\/blog\/mallorca\/blick-daecher-arta-103506.jpg","type":"","width":"","height":""}],"author":"Porta Mallorquina","twitter_card":"summary_large_image","twitter_misc":{"Verfasst von":"Porta Mallorquina","Gesch\u00e4tzte Lesezeit":"1\u00a0Minute"},"schema":{"@context":"https:\/\/schema.org","@graph":[{"@type":"Article","@id":"https:\/\/www.porta-mallorquina.de\/blog\/tapas-tour-durch-arta\/#article","isPartOf":{"@id":"https:\/\/www.porta-mallorquina.de\/blog\/tapas-tour-durch-arta\/"},"author":{"name":"Porta Mallorquina","@id":"https:\/\/www.porta-mallorquina.de\/blog\/#\/schema\/person\/762f5edd41dcc87e16e9391fd25d519d"},"headline":"Tapas Tour durch Art\u00e1","datePublished":"2012-02-13T12:28:43+00:00","dateModified":"2012-02-14T16:13:35+00:00","mainEntityOfPage":{"@id":"https:\/\/www.porta-mallorquina.de\/blog\/tapas-tour-durch-arta\/"},"wordCount":145,"commentCount":0,"publisher":{"@id":"https:\/\/www.porta-mallorquina.de\/blog\/#organization"},"image":{"@id":"https:\/\/www.porta-mallorquina.de\/blog\/tapas-tour-durch-arta\/#primaryimage"},"thumbnailUrl":"https:\/\/www.porta-mallorquina.de\/blog\/mallorca\/blick-daecher-arta-103506.jpg","articleSection":["Feste und Brauchtum","Mallorca"],"inLanguage":"de","potentialAction":[{"@type":"CommentAction","name":"Comment","target":["https:\/\/www.porta-mallorquina.de\/blog\/tapas-tour-durch-arta\/#respond"]}]},{"@type":"WebPage","@id":"https:\/\/www.porta-mallorquina.de\/blog\/tapas-tour-durch-arta\/","url":"https:\/\/www.porta-mallorquina.de\/blog\/tapas-tour-durch-arta\/","name":"Tapas Tour durch Arta","isPartOf":{"@id":"https:\/\/www.porta-mallorquina.de\/blog\/#website"},"primaryImageOfPage":{"@id":"https:\/\/www.porta-mallorquina.de\/blog\/tapas-tour-durch-arta\/#primaryimage"},"image":{"@id":"https:\/\/www.porta-mallorquina.de\/blog\/tapas-tour-durch-arta\/#primaryimage"},"thumbnailUrl":"https:\/\/www.porta-mallorquina.de\/blog\/mallorca\/blick-daecher-arta-103506.jpg","datePublished":"2012-02-13T12:28:43+00:00","dateModified":"2012-02-14T16:13:35+00:00","description":"Die Gemeinde Art\u00e1 l\u00e4dt ab sofort jeden Freitag zur Tapas Tour ein. Die kulinarische Entdeckungsreise kann entweder zu Fu\u00df begangen werden, oder romantisch mit dem Pferdewagen.","breadcrumb":{"@id":"https:\/\/www.porta-mallorquina.de\/blog\/tapas-tour-durch-arta\/#breadcrumb"},"inLanguage":"de","potentialAction":[{"@type":"ReadAction","target":["https:\/\/www.porta-mallorquina.de\/blog\/tapas-tour-durch-arta\/"]}]},{"@type":"ImageObject","inLanguage":"de","@id":"https:\/\/www.porta-mallorquina.de\/blog\/tapas-tour-durch-arta\/#primaryimage","url":"https:\/\/www.porta-mallorquina.de\/blog\/mallorca\/blick-daecher-arta-103506.jpg","contentUrl":"https:\/\/www.porta-mallorquina.de\/blog\/mallorca\/blick-daecher-arta-103506.jpg","width":"510","height":"339","caption":"Die Kirche von Sant Salvador ist das Wahrzeichen von Arta. Liebevoll sanierte Dorfh\u00e4user in der Gemeinde erfreuen sich auch bei Touristen zunehmender Beliebtheit."},{"@type":"BreadcrumbList","@id":"https:\/\/www.porta-mallorquina.de\/blog\/tapas-tour-durch-arta\/#breadcrumb","itemListElement":[{"@type":"ListItem","position":1,"name":"Startseite","item":"https:\/\/www.porta-mallorquina.de\/blog\/"},{"@type":"ListItem","position":2,"name":"Tapas Tour durch Art\u00e1"}]},{"@type":"WebSite","@id":"https:\/\/www.porta-mallorquina.de\/blog\/#website","url":"https:\/\/www.porta-mallorquina.de\/blog\/","name":"Porta Mallorquina Blog","description":"Mehr als Mallorca Immobilien","publisher":{"@id":"https:\/\/www.porta-mallorquina.de\/blog\/#organization"},"potentialAction":[{"@type":"SearchAction","target":{"@type":"EntryPoint","urlTemplate":"https:\/\/www.porta-mallorquina.de\/blog\/?s={search_term_string}"},"query-input":{"@type":"PropertyValueSpecification","valueRequired":true,"valueName":"search_term_string"}}],"inLanguage":"de"},{"@type":"Organization","@id":"https:\/\/www.porta-mallorquina.de\/blog\/#organization","name":"Porta Mallorquina Blog","url":"https:\/\/www.porta-mallorquina.de\/blog\/","logo":{"@type":"ImageObject","inLanguage":"de","@id":"https:\/\/www.porta-mallorquina.de\/blog\/#\/schema\/logo\/image\/","url":"https:\/\/www.porta-mallorquina.de\/blog\/mallorca\/porta-mallorquina-real-estate-mallorca-logo.png","contentUrl":"https:\/\/www.porta-mallorquina.de\/blog\/mallorca\/porta-mallorquina-real-estate-mallorca-logo.png","width":570,"height":400,"caption":"Porta Mallorquina Blog"},"image":{"@id":"https:\/\/www.porta-mallorquina.de\/blog\/#\/schema\/logo\/image\/"}},{"@type":"Person","@id":"https:\/\/www.porta-mallorquina.de\/blog\/#\/schema\/person\/762f5edd41dcc87e16e9391fd25d519d","name":"Porta Mallorquina","url":"https:\/\/www.porta-mallorquina.de\/blog\/author\/lnmt53naz\/"}]}},"_links":{"self":[{"href":"https:\/\/www.porta-mallorquina.de\/blog\/wp-json\/wp\/v2\/posts\/1180","targetHints":{"allow":["GET"]}}],"collection":[{"href":"https:\/\/www.porta-mallorquina.de\/blog\/wp-json\/wp\/v2\/posts"}],"about":[{"href":"https:\/\/www.porta-mallorquina.de\/blog\/wp-json\/wp\/v2\/types\/post"}],"author":[{"embeddable":true,"href":"https:\/\/www.porta-mallorquina.de\/blog\/wp-json\/wp\/v2\/users\/9"}],"replies":[{"embeddable":true,"href":"https:\/\/www.porta-mallorquina.de\/blog\/wp-json\/wp\/v2\/comments?post=1180"}],"version-history":[{"count":8,"href":"https:\/\/www.porta-mallorquina.de\/blog\/wp-json\/wp\/v2\/posts\/1180\/revisions"}],"predecessor-version":[{"id":1293,"href":"https:\/\/www.porta-mallorquina.de\/blog\/wp-json\/wp\/v2\/posts\/1180\/revisions\/1293"}],"wp:attachment":[{"href":"https:\/\/www.porta-mallorquina.de\/blog\/wp-json\/wp\/v2\/media?parent=1180"}],"wp:term":[{"taxonomy":"category","embeddable":true,"href":"https:\/\/www.porta-mallorquina.de\/blog\/wp-json\/wp\/v2\/categories?post=1180"},{"taxonomy":"post_tag","embeddable":true,"href":"https:\/\/www.porta-mallorquina.de\/blog\/wp-json\/wp\/v2\/tags?post=1180"}],"curies":[{"name":"wp","href":"https:\/\/api.w.org\/{rel}","templated":true}]}}