{"id":1188,"date":"2012-02-14T10:57:18","date_gmt":"2012-02-14T08:57:18","guid":{"rendered":"http:\/\/www.porta-mallorquina.de\/blog\/?p=1188"},"modified":"2023-04-19T10:26:58","modified_gmt":"2023-04-19T08:26:58","slug":"porta-mallorquina-vergibt-zwei-weitere-franchise-lizenzen-auf-mallorca","status":"publish","type":"post","link":"https:\/\/www.porta-mallorquina.de\/blog\/porta-mallorquina-vergibt-zwei-weitere-franchise-lizenzen-auf-mallorca\/","title":{"rendered":"Palma &#038; Mallorca Nord: Porta Mallorquina vergibt 2 weitere Franchiselizenzen auf Mallorca"},"content":{"rendered":"<p><img loading=\"lazy\" decoding=\"async\" class=\"wp-image-1282 size-full aligncenter\" title=\"franchise-lizenzen-mallorquina\" src=\"https:\/\/www.porta-mallorquina.de\/blog\/mallorca\/franchise-lizenzen-mallorquina.jpg\" alt=\"Karte Mallorca Franchisegebiete\" width=\"466\" height=\"305\" \/><\/p>\n<p>Mit der Lizenzvergabe f\u00fcr die Verkaufsgebiete\u00a0 <strong>\u201ePalma\u201c<\/strong> und <strong>\u201eMallorca Nord\u201c <\/strong>baut Immobilienanbieter Porta Mallorquina sein <a title=\"Immobilien Franchise\" href=\"https:\/\/www.porta-mallorquina.de\/franchisepartner.html\" target=\"_blank\" rel=\"noopener noreferrer\">Franchisenetz auf Mallorca<\/a> weiter aus.<\/p>\n<p>Beide neuen Franchisepartner, <strong>Ria Blum <\/strong>(Palma) und <strong>Sebastian Boelger<\/strong> (Mallorca Nord), waren zuvor bereits als Gebietsleiter f\u00fcr Porta Mallorquina t\u00e4tig und nahmen mit dem Schritt ins Unternehmertum nun eine Karrierechance wahr, wie sie sich auf Mallorca nur selten einem Makler bietet.<\/p>\n<div id=\"attachment_1189\" class=\"wp-caption alignright\" style=\"width: 225px\"><img loading=\"lazy\" decoding=\"async\" class=\"wp-image-1189 size-full\" title=\"Ria Blum, neue Porta Mallorquina Franchisepartnerin f\u00fcr die Region Palma\" src=\"https:\/\/www.porta-mallorquina.de\/blog\/mallorca\/Ria-Blum-Maklerin-Palma-Mallorca.jpg\" alt=\"Immobilienmaklerin Ria Blum\" width=\"225\" height=\"338\" \/><p class=\"wp-caption-text\">Ria Blum, neue Porta Mallorquina Franchisepartnerin f\u00fcr die Region Palma<\/p><\/div>\n<p>Erste Erfahrungen im internationalen Immobilienvertrieb konnte <strong>Ria Blum<\/strong> bereits bei Coldwell Banker in der Dominikanischen Republik sammeln, bevor sie 2008 Mallorca als neue Wahlheimat erkor und dort im Immobilienvertrieb startete. 2010 wechselte sie zu Porta Mallorquina und \u00fcbernahm die Verkaufsregion Palma als Gebietsleiterin. Eine Entscheidung, die sie auch heute wieder so treffen w\u00fcrde:<\/p>\n<blockquote><p>\u201ePorta Mallorquina bietet ein leistungsstarkes Franchisesystem mit transparenter und fairer Verg\u00fctungsregelung. Die Zentrale unterst\u00fctzt mich vor allem im Marketing und kaufm\u00e4nnischen Bereich, w\u00e4hrend ich im Vertrieb frei agieren kann.\u201c<\/p><\/blockquote>\n<p>Gemeinsam mit ihren 3 Mitarbeitern betreut sie derzeit mehr als <a title=\"Immobilien Palma Altstadt\" href=\"https:\/\/www.porta-mallorquina.de\/immobilien\/kaufen\/palma-de-mallorca-altstadt\/\" target=\"_blank\" rel=\"noopener noreferrer\">170 Immobilien in Palma de Mallorca<\/a> und Umgebung. Die Er\u00f6ffnung eines Immobilienshops in Palma ist f\u00fcr dieses Jahr geplant.<\/p>\n<h2>Leistungsspektrum ausgebaut<\/h2>\n<p>Gemeinsam mit <strong>Immobilienberater Claudio Mendoza<\/strong>, Architekt und erfahrener Bauleiter, erweitert Ria Blum derzeit ihr Servicespektrum:<\/p>\n<blockquote><p>\u201eMit einem vertrauensw\u00fcrdigen Partner vor Ort f\u00e4llt es Kunden oft leichter, auch Objekte mit Renovierungsbedarf zu erwerben. Belohnt wird dies mit Preisvorteilen und teilweise traumhaften Lagen, die heute sonst unbezahlbar w\u00e4ren\u201c<\/p><\/blockquote>\n<p>Auf Wunsch bietet Porta Mallorquina Palma bei Renovierungsfragen vorab eine <strong>marktgerechte Bewertung <\/strong>und kann auch die Arbeiten vor Ort f\u00fcr die Kunden koordinieren. 2012 winken au\u00dferdem attraktive <a title=\"Grunderwerbssteuer f\u00fcr spanische Immobilien gesenkt\" href=\"https:\/\/www.porta-mallorquina.de\/blog\/2012-nur-4-grunderwerbssteuer-und-iva-bei-immobilienkauf-in-spanien\/\" target=\"_blank\" rel=\"noopener noreferrer\">Steuerverg\u00fcnstigungen<\/a>, wenn man in eine Bestandsimmobilie entsprechend investiert.<\/p>\n<p>Die zahlreichen Anfragen \u00fcber die Immobilienwebsite <a title=\"Porta Mallorquina\" href=\"https:\/\/www.porta-mallorquina.de\" target=\"_blank\" rel=\"noopener noreferrer\">portamallorquina.com<\/a> zeigen, dass die <a title=\"Immobilien in Palma de Mallorca immer beliebter\" href=\"https:\/\/www.porta-mallorquina.de\/blog\/immobilien-in-palma-de-mallorca-immer-beliebter\/\">Region Palma<\/a> zu einer der beliebtesten Verkaufsregionen z\u00e4hlt. Ria Blum wundert das nicht:<\/p>\n<blockquote><p>\u201eViele Kunden sch\u00e4tzen, dass hier auch im Winter immer was los ist. Palma bietet einfach tollen Lifestyle.\u201c<\/p><\/blockquote>\n<h2>Erfahrener Makler und Inselkenner im Norden Mallorcas<\/h2>\n<div id=\"attachment_1220\" class=\"wp-caption alignright\" style=\"width: 225px\"><img loading=\"lazy\" decoding=\"async\" class=\"wp-image-1220 size-full\" title=\"Immobilienmakler Sebastian Boelger hat die Franchise-Lizenz f\u00fcr Mallorca Nord \u00fcbernommen\" src=\"https:\/\/www.porta-mallorquina.de\/blog\/mallorca\/sebastian-boelger-makler-mallorca-nord.jpg\" alt=\"Sebastian Boelger - Immobilienmakler im Norden Mallorcas\" width=\"225\" height=\"337\" \/><p class=\"wp-caption-text\">Immobilienmakler Sebastian Boelger hat die Franchise-Lizenz f\u00fcr Mallorca Nord \u00fcbernommen<\/p><\/div>\n<p>\u00dcber mangelnde Kundenanfragen kann sich auch ihr Kollege aus dem Norden, <strong>Sebastian Boelger<\/strong>, nicht beschweren. Der Immobilienprofi ist seit Ende 2010 f\u00fcr das Verkaufsgebiet <strong>Mallorca Nord<\/strong> verantwortlich.<\/p>\n<p>Sebastian Boelger kennt die Vorteile eines Franchise-Systems, vor dem Wechsel zu Porta Mallorquina war er jahrelang f\u00fcr Engel&amp;V\u00f6lkers t\u00e4tig, zuletzt in der Funktion als Office Manager Menorca. Der geb\u00fcrtige M\u00fcnchener, der seit \u00fcber 12 Jahren auf Mallorca lebt, zeigt sich vor allem von der modernen Vermarktungsstrategie begeistert:<\/p>\n<blockquote><p>\u201ePorta Mallorquina hat die Internet-Vermarktung perfektioniert. Eine Immobilie mit gutem Preis-Leistungsverh\u00e4ltnis, mit professionellen Bildern ansprechend pr\u00e4sentiert, generiert dank der guten Platzierung in den Suchmaschinen innerhalb k\u00fcrzester Zeit hohe Nachfrage.\u201c<\/p><\/blockquote>\n<p>Dazu hat ihn die Aufstiegschance gereizt, sp\u00e4ter das Verkaufsgebiet als <a title=\"Selbst\u00e4ndigkeit im Immobilien-Franchise auf Mallorca\" href=\"https:\/\/www.porta-mallorquina.de\/blog\/selbstaendigkeit-mit-immobilien-franchise-auf-mallorca\/\">selbstst\u00e4ndiger Franchise-Partner<\/a> zu \u00fcbernehmen. Als ihm Porta Mallorquina auch noch seine Wunschregion anbieten konnte, ergriff er die Gelegenheit und \u00fcbernahm die Verkaufsregion Mallorca Nord:<\/p>\n<blockquote><p>\u201eDer Norden ist f\u00fcr mich die reizvollste Gegend Mallorcas &#8211; geradezu ideal f\u00fcr Ferienimmobilien\u201c.<\/p><\/blockquote>\n<p>Wer die Sch\u00f6nheiten des Inselnordens gerne n\u00e4her entdecken m\u00f6chte, den l\u00e4dt Sebastian Boelger im Porta Mallorquina-Blog auf einen <a title=\"Rundgang im Norden Mallorcas\" href=\"https:\/\/www.porta-mallorquina.de\/blog\/rundgang-im-norden-mallorcas\/\">Rundgang im Norden Mallorcas<\/a> ein.<\/p>\n<h2>Immobilienshop in Alcudia geplant<\/h2>\n<p>Als erfahrener Makler wei\u00df Sebastian Boelger, wie wichtig auch im Zeitalter des Internets die Markenpr\u00e4senz vor Ort ist. Sebastian Boelger plant deshalb 2012 einen eigenen Immobilienshop in <a title=\"Alc\u00fadia heute \u2013 Klasse statt Masse\" href=\"https:\/\/www.porta-mallorquina.de\/blog\/alcudia-heute-klasse-statt-masse\/\">Alcudia<\/a>. Derzeit umfasst das Portfolio im <strong>Norden <\/strong>bereits mehr als <strong>120 Immobilien<\/strong>: \u201ein jeder Lage \u2013 in jeder Preiskategorie\u201c. Mittelfristig beabsichtigt Sebastian Boelger, das Angebot noch weiter auszubauen, weshalb er derzeit Unterst\u00fctzung im Verkauf sucht.<\/p>\n","protected":false},"excerpt":{"rendered":"<p>Mit der Vergabe der Lizenzen f\u00fcr &#8222;Palma&#8220; und &#8222;Mallorca Nord&#8220; baut Porta Mallorquina sein Franchisenetz weiter aus.<\/p>\n","protected":false},"author":5,"featured_media":0,"comment_status":"open","ping_status":"open","sticky":false,"template":"","format":"standard","meta":{"footnotes":""},"categories":[7,4,6],"tags":[],"class_list":["post-1188","post","type-post","status-publish","format-standard","hentry","category-franchise","category-immobilien","category-porta-mallorquina"],"yoast_head":"<!-- This site is optimized with the Yoast SEO plugin v27.2 - https:\/\/yoast.com\/product\/yoast-seo-wordpress\/ -->\n<title>Palma &amp; Mallorca Nord: Porta Mallorquina vergibt zwei weitere Franchiselizenzen auf Mallorca<\/title>\n<meta name=\"description\" content=\"Mit der Vergabe der Lizenzen f\u00fcr &quot;Palma&quot; und &quot;Mallorca Nord&quot; baut Porta Mallorquina sein Franchisenetz weiter aus. Erfahren Sie hier mehr \u00fcber das Franchisesystem.\" \/>\n<meta name=\"robots\" content=\"index, follow, max-snippet:-1, max-image-preview:large, max-video-preview:-1\" \/>\n<link rel=\"canonical\" href=\"https:\/\/www.porta-mallorquina.de\/blog\/porta-mallorquina-vergibt-zwei-weitere-franchise-lizenzen-auf-mallorca\/\" \/>\n<meta property=\"og:locale\" content=\"de_DE\" \/>\n<meta property=\"og:type\" content=\"article\" \/>\n<meta property=\"og:title\" content=\"Palma &amp; Mallorca Nord: Porta Mallorquina vergibt zwei weitere Franchiselizenzen auf Mallorca\" \/>\n<meta property=\"og:description\" content=\"Mit der Vergabe der Lizenzen f\u00fcr &quot;Palma&quot; und &quot;Mallorca Nord&quot; baut Porta Mallorquina sein Franchisenetz weiter aus. Erfahren Sie hier mehr \u00fcber das Franchisesystem.\" \/>\n<meta property=\"og:url\" content=\"https:\/\/www.porta-mallorquina.de\/blog\/porta-mallorquina-vergibt-zwei-weitere-franchise-lizenzen-auf-mallorca\/\" \/>\n<meta property=\"og:site_name\" content=\"Porta Mallorquina Blog\" \/>\n<meta property=\"article:published_time\" content=\"2012-02-14T08:57:18+00:00\" \/>\n<meta property=\"article:modified_time\" content=\"2023-04-19T08:26:58+00:00\" \/>\n<meta property=\"og:image\" content=\"https:\/\/www.porta-mallorquina.de\/blog\/mallorca\/franchise-lizenzen-mallorquina.jpg\" \/>\n<meta name=\"author\" content=\"Ulrike Eschenbecher\" \/>\n<meta name=\"twitter:card\" content=\"summary_large_image\" \/>\n<meta name=\"twitter:label1\" content=\"Verfasst von\" \/>\n\t<meta name=\"twitter:data1\" content=\"Ulrike Eschenbecher\" \/>\n\t<meta name=\"twitter:label2\" content=\"Gesch\u00e4tzte Lesezeit\" \/>\n\t<meta name=\"twitter:data2\" content=\"4\u00a0Minuten\" \/>\n<script type=\"application\/ld+json\" class=\"yoast-schema-graph\">{\"@context\":\"https:\/\/schema.org\",\"@graph\":[{\"@type\":\"Article\",\"@id\":\"https:\/\/www.porta-mallorquina.de\/blog\/porta-mallorquina-vergibt-zwei-weitere-franchise-lizenzen-auf-mallorca\/#article\",\"isPartOf\":{\"@id\":\"https:\/\/www.porta-mallorquina.de\/blog\/porta-mallorquina-vergibt-zwei-weitere-franchise-lizenzen-auf-mallorca\/\"},\"author\":{\"name\":\"Ulrike Eschenbecher\",\"@id\":\"https:\/\/www.porta-mallorquina.de\/blog\/#\/schema\/person\/0b62d90dc6962d6e6eb377d955178fc3\"},\"headline\":\"Palma &#038; Mallorca Nord: Porta Mallorquina vergibt 2 weitere Franchiselizenzen auf Mallorca\",\"datePublished\":\"2012-02-14T08:57:18+00:00\",\"dateModified\":\"2023-04-19T08:26:58+00:00\",\"mainEntityOfPage\":{\"@id\":\"https:\/\/www.porta-mallorquina.de\/blog\/porta-mallorquina-vergibt-zwei-weitere-franchise-lizenzen-auf-mallorca\/\"},\"wordCount\":618,\"commentCount\":2,\"publisher\":{\"@id\":\"https:\/\/www.porta-mallorquina.de\/blog\/#organization\"},\"image\":{\"@id\":\"https:\/\/www.porta-mallorquina.de\/blog\/porta-mallorquina-vergibt-zwei-weitere-franchise-lizenzen-auf-mallorca\/#primaryimage\"},\"thumbnailUrl\":\"https:\/\/www.porta-mallorquina.de\/blog\/mallorca\/franchise-lizenzen-mallorquina.jpg\",\"articleSection\":[\"Franchise\",\"Immobilien\",\"Porta Mallorquina\"],\"inLanguage\":\"de\",\"potentialAction\":[{\"@type\":\"CommentAction\",\"name\":\"Comment\",\"target\":[\"https:\/\/www.porta-mallorquina.de\/blog\/porta-mallorquina-vergibt-zwei-weitere-franchise-lizenzen-auf-mallorca\/#respond\"]}]},{\"@type\":\"WebPage\",\"@id\":\"https:\/\/www.porta-mallorquina.de\/blog\/porta-mallorquina-vergibt-zwei-weitere-franchise-lizenzen-auf-mallorca\/\",\"url\":\"https:\/\/www.porta-mallorquina.de\/blog\/porta-mallorquina-vergibt-zwei-weitere-franchise-lizenzen-auf-mallorca\/\",\"name\":\"Palma & Mallorca Nord: Porta Mallorquina vergibt zwei weitere Franchiselizenzen auf Mallorca\",\"isPartOf\":{\"@id\":\"https:\/\/www.porta-mallorquina.de\/blog\/#website\"},\"primaryImageOfPage\":{\"@id\":\"https:\/\/www.porta-mallorquina.de\/blog\/porta-mallorquina-vergibt-zwei-weitere-franchise-lizenzen-auf-mallorca\/#primaryimage\"},\"image\":{\"@id\":\"https:\/\/www.porta-mallorquina.de\/blog\/porta-mallorquina-vergibt-zwei-weitere-franchise-lizenzen-auf-mallorca\/#primaryimage\"},\"thumbnailUrl\":\"https:\/\/www.porta-mallorquina.de\/blog\/mallorca\/franchise-lizenzen-mallorquina.jpg\",\"datePublished\":\"2012-02-14T08:57:18+00:00\",\"dateModified\":\"2023-04-19T08:26:58+00:00\",\"description\":\"Mit der Vergabe der Lizenzen f\u00fcr \\\"Palma\\\" und \\\"Mallorca Nord\\\" baut Porta Mallorquina sein Franchisenetz weiter aus. Erfahren Sie hier mehr \u00fcber das Franchisesystem.\",\"breadcrumb\":{\"@id\":\"https:\/\/www.porta-mallorquina.de\/blog\/porta-mallorquina-vergibt-zwei-weitere-franchise-lizenzen-auf-mallorca\/#breadcrumb\"},\"inLanguage\":\"de\",\"potentialAction\":[{\"@type\":\"ReadAction\",\"target\":[\"https:\/\/www.porta-mallorquina.de\/blog\/porta-mallorquina-vergibt-zwei-weitere-franchise-lizenzen-auf-mallorca\/\"]}]},{\"@type\":\"ImageObject\",\"inLanguage\":\"de\",\"@id\":\"https:\/\/www.porta-mallorquina.de\/blog\/porta-mallorquina-vergibt-zwei-weitere-franchise-lizenzen-auf-mallorca\/#primaryimage\",\"url\":\"https:\/\/www.porta-mallorquina.de\/blog\/mallorca\/franchise-lizenzen-mallorquina.jpg\",\"contentUrl\":\"https:\/\/www.porta-mallorquina.de\/blog\/mallorca\/franchise-lizenzen-mallorquina.jpg\",\"width\":\"466\",\"height\":\"305\",\"caption\":\"Karte Mallorca Franchisegebiete\"},{\"@type\":\"BreadcrumbList\",\"@id\":\"https:\/\/www.porta-mallorquina.de\/blog\/porta-mallorquina-vergibt-zwei-weitere-franchise-lizenzen-auf-mallorca\/#breadcrumb\",\"itemListElement\":[{\"@type\":\"ListItem\",\"position\":1,\"name\":\"Startseite\",\"item\":\"https:\/\/www.porta-mallorquina.de\/blog\/\"},{\"@type\":\"ListItem\",\"position\":2,\"name\":\"Palma &#038; Mallorca Nord: Porta Mallorquina vergibt 2 weitere Franchiselizenzen auf Mallorca\"}]},{\"@type\":\"WebSite\",\"@id\":\"https:\/\/www.porta-mallorquina.de\/blog\/#website\",\"url\":\"https:\/\/www.porta-mallorquina.de\/blog\/\",\"name\":\"Porta Mallorquina Blog\",\"description\":\"Mehr als Mallorca Immobilien\",\"publisher\":{\"@id\":\"https:\/\/www.porta-mallorquina.de\/blog\/#organization\"},\"potentialAction\":[{\"@type\":\"SearchAction\",\"target\":{\"@type\":\"EntryPoint\",\"urlTemplate\":\"https:\/\/www.porta-mallorquina.de\/blog\/?s={search_term_string}\"},\"query-input\":{\"@type\":\"PropertyValueSpecification\",\"valueRequired\":true,\"valueName\":\"search_term_string\"}}],\"inLanguage\":\"de\"},{\"@type\":\"Organization\",\"@id\":\"https:\/\/www.porta-mallorquina.de\/blog\/#organization\",\"name\":\"Porta Mallorquina Blog\",\"url\":\"https:\/\/www.porta-mallorquina.de\/blog\/\",\"logo\":{\"@type\":\"ImageObject\",\"inLanguage\":\"de\",\"@id\":\"https:\/\/www.porta-mallorquina.de\/blog\/#\/schema\/logo\/image\/\",\"url\":\"https:\/\/www.porta-mallorquina.de\/blog\/mallorca\/porta-mallorquina-real-estate-mallorca-logo.png\",\"contentUrl\":\"https:\/\/www.porta-mallorquina.de\/blog\/mallorca\/porta-mallorquina-real-estate-mallorca-logo.png\",\"width\":570,\"height\":400,\"caption\":\"Porta Mallorquina Blog\"},\"image\":{\"@id\":\"https:\/\/www.porta-mallorquina.de\/blog\/#\/schema\/logo\/image\/\"}},{\"@type\":\"Person\",\"@id\":\"https:\/\/www.porta-mallorquina.de\/blog\/#\/schema\/person\/0b62d90dc6962d6e6eb377d955178fc3\",\"name\":\"Ulrike Eschenbecher\",\"url\":\"https:\/\/www.porta-mallorquina.de\/blog\/author\/eschenbecher\/\"}]}<\/script>\n<!-- \/ Yoast SEO plugin. -->","yoast_head_json":{"title":"Palma & Mallorca Nord: Porta Mallorquina vergibt zwei weitere Franchiselizenzen auf Mallorca","description":"Mit der Vergabe der Lizenzen f\u00fcr \"Palma\" und \"Mallorca Nord\" baut Porta Mallorquina sein Franchisenetz weiter aus. Erfahren Sie hier mehr \u00fcber das Franchisesystem.","robots":{"index":"index","follow":"follow","max-snippet":"max-snippet:-1","max-image-preview":"max-image-preview:large","max-video-preview":"max-video-preview:-1"},"canonical":"https:\/\/www.porta-mallorquina.de\/blog\/porta-mallorquina-vergibt-zwei-weitere-franchise-lizenzen-auf-mallorca\/","og_locale":"de_DE","og_type":"article","og_title":"Palma & Mallorca Nord: Porta Mallorquina vergibt zwei weitere Franchiselizenzen auf Mallorca","og_description":"Mit der Vergabe der Lizenzen f\u00fcr \"Palma\" und \"Mallorca Nord\" baut Porta Mallorquina sein Franchisenetz weiter aus. Erfahren Sie hier mehr \u00fcber das Franchisesystem.","og_url":"https:\/\/www.porta-mallorquina.de\/blog\/porta-mallorquina-vergibt-zwei-weitere-franchise-lizenzen-auf-mallorca\/","og_site_name":"Porta Mallorquina Blog","article_published_time":"2012-02-14T08:57:18+00:00","article_modified_time":"2023-04-19T08:26:58+00:00","og_image":[{"url":"https:\/\/www.porta-mallorquina.de\/blog\/mallorca\/franchise-lizenzen-mallorquina.jpg","type":"","width":"","height":""}],"author":"Ulrike Eschenbecher","twitter_card":"summary_large_image","twitter_misc":{"Verfasst von":"Ulrike Eschenbecher","Gesch\u00e4tzte Lesezeit":"4\u00a0Minuten"},"schema":{"@context":"https:\/\/schema.org","@graph":[{"@type":"Article","@id":"https:\/\/www.porta-mallorquina.de\/blog\/porta-mallorquina-vergibt-zwei-weitere-franchise-lizenzen-auf-mallorca\/#article","isPartOf":{"@id":"https:\/\/www.porta-mallorquina.de\/blog\/porta-mallorquina-vergibt-zwei-weitere-franchise-lizenzen-auf-mallorca\/"},"author":{"name":"Ulrike Eschenbecher","@id":"https:\/\/www.porta-mallorquina.de\/blog\/#\/schema\/person\/0b62d90dc6962d6e6eb377d955178fc3"},"headline":"Palma &#038; Mallorca Nord: Porta Mallorquina vergibt 2 weitere Franchiselizenzen auf Mallorca","datePublished":"2012-02-14T08:57:18+00:00","dateModified":"2023-04-19T08:26:58+00:00","mainEntityOfPage":{"@id":"https:\/\/www.porta-mallorquina.de\/blog\/porta-mallorquina-vergibt-zwei-weitere-franchise-lizenzen-auf-mallorca\/"},"wordCount":618,"commentCount":2,"publisher":{"@id":"https:\/\/www.porta-mallorquina.de\/blog\/#organization"},"image":{"@id":"https:\/\/www.porta-mallorquina.de\/blog\/porta-mallorquina-vergibt-zwei-weitere-franchise-lizenzen-auf-mallorca\/#primaryimage"},"thumbnailUrl":"https:\/\/www.porta-mallorquina.de\/blog\/mallorca\/franchise-lizenzen-mallorquina.jpg","articleSection":["Franchise","Immobilien","Porta Mallorquina"],"inLanguage":"de","potentialAction":[{"@type":"CommentAction","name":"Comment","target":["https:\/\/www.porta-mallorquina.de\/blog\/porta-mallorquina-vergibt-zwei-weitere-franchise-lizenzen-auf-mallorca\/#respond"]}]},{"@type":"WebPage","@id":"https:\/\/www.porta-mallorquina.de\/blog\/porta-mallorquina-vergibt-zwei-weitere-franchise-lizenzen-auf-mallorca\/","url":"https:\/\/www.porta-mallorquina.de\/blog\/porta-mallorquina-vergibt-zwei-weitere-franchise-lizenzen-auf-mallorca\/","name":"Palma & Mallorca Nord: Porta Mallorquina vergibt zwei weitere Franchiselizenzen auf Mallorca","isPartOf":{"@id":"https:\/\/www.porta-mallorquina.de\/blog\/#website"},"primaryImageOfPage":{"@id":"https:\/\/www.porta-mallorquina.de\/blog\/porta-mallorquina-vergibt-zwei-weitere-franchise-lizenzen-auf-mallorca\/#primaryimage"},"image":{"@id":"https:\/\/www.porta-mallorquina.de\/blog\/porta-mallorquina-vergibt-zwei-weitere-franchise-lizenzen-auf-mallorca\/#primaryimage"},"thumbnailUrl":"https:\/\/www.porta-mallorquina.de\/blog\/mallorca\/franchise-lizenzen-mallorquina.jpg","datePublished":"2012-02-14T08:57:18+00:00","dateModified":"2023-04-19T08:26:58+00:00","description":"Mit der Vergabe der Lizenzen f\u00fcr \"Palma\" und \"Mallorca Nord\" baut Porta Mallorquina sein Franchisenetz weiter aus. Erfahren Sie hier mehr \u00fcber das Franchisesystem.","breadcrumb":{"@id":"https:\/\/www.porta-mallorquina.de\/blog\/porta-mallorquina-vergibt-zwei-weitere-franchise-lizenzen-auf-mallorca\/#breadcrumb"},"inLanguage":"de","potentialAction":[{"@type":"ReadAction","target":["https:\/\/www.porta-mallorquina.de\/blog\/porta-mallorquina-vergibt-zwei-weitere-franchise-lizenzen-auf-mallorca\/"]}]},{"@type":"ImageObject","inLanguage":"de","@id":"https:\/\/www.porta-mallorquina.de\/blog\/porta-mallorquina-vergibt-zwei-weitere-franchise-lizenzen-auf-mallorca\/#primaryimage","url":"https:\/\/www.porta-mallorquina.de\/blog\/mallorca\/franchise-lizenzen-mallorquina.jpg","contentUrl":"https:\/\/www.porta-mallorquina.de\/blog\/mallorca\/franchise-lizenzen-mallorquina.jpg","width":"466","height":"305","caption":"Karte Mallorca Franchisegebiete"},{"@type":"BreadcrumbList","@id":"https:\/\/www.porta-mallorquina.de\/blog\/porta-mallorquina-vergibt-zwei-weitere-franchise-lizenzen-auf-mallorca\/#breadcrumb","itemListElement":[{"@type":"ListItem","position":1,"name":"Startseite","item":"https:\/\/www.porta-mallorquina.de\/blog\/"},{"@type":"ListItem","position":2,"name":"Palma &#038; Mallorca Nord: Porta Mallorquina vergibt 2 weitere Franchiselizenzen auf Mallorca"}]},{"@type":"WebSite","@id":"https:\/\/www.porta-mallorquina.de\/blog\/#website","url":"https:\/\/www.porta-mallorquina.de\/blog\/","name":"Porta Mallorquina Blog","description":"Mehr als Mallorca Immobilien","publisher":{"@id":"https:\/\/www.porta-mallorquina.de\/blog\/#organization"},"potentialAction":[{"@type":"SearchAction","target":{"@type":"EntryPoint","urlTemplate":"https:\/\/www.porta-mallorquina.de\/blog\/?s={search_term_string}"},"query-input":{"@type":"PropertyValueSpecification","valueRequired":true,"valueName":"search_term_string"}}],"inLanguage":"de"},{"@type":"Organization","@id":"https:\/\/www.porta-mallorquina.de\/blog\/#organization","name":"Porta Mallorquina Blog","url":"https:\/\/www.porta-mallorquina.de\/blog\/","logo":{"@type":"ImageObject","inLanguage":"de","@id":"https:\/\/www.porta-mallorquina.de\/blog\/#\/schema\/logo\/image\/","url":"https:\/\/www.porta-mallorquina.de\/blog\/mallorca\/porta-mallorquina-real-estate-mallorca-logo.png","contentUrl":"https:\/\/www.porta-mallorquina.de\/blog\/mallorca\/porta-mallorquina-real-estate-mallorca-logo.png","width":570,"height":400,"caption":"Porta Mallorquina Blog"},"image":{"@id":"https:\/\/www.porta-mallorquina.de\/blog\/#\/schema\/logo\/image\/"}},{"@type":"Person","@id":"https:\/\/www.porta-mallorquina.de\/blog\/#\/schema\/person\/0b62d90dc6962d6e6eb377d955178fc3","name":"Ulrike Eschenbecher","url":"https:\/\/www.porta-mallorquina.de\/blog\/author\/eschenbecher\/"}]}},"_links":{"self":[{"href":"https:\/\/www.porta-mallorquina.de\/blog\/wp-json\/wp\/v2\/posts\/1188","targetHints":{"allow":["GET"]}}],"collection":[{"href":"https:\/\/www.porta-mallorquina.de\/blog\/wp-json\/wp\/v2\/posts"}],"about":[{"href":"https:\/\/www.porta-mallorquina.de\/blog\/wp-json\/wp\/v2\/types\/post"}],"author":[{"embeddable":true,"href":"https:\/\/www.porta-mallorquina.de\/blog\/wp-json\/wp\/v2\/users\/5"}],"replies":[{"embeddable":true,"href":"https:\/\/www.porta-mallorquina.de\/blog\/wp-json\/wp\/v2\/comments?post=1188"}],"version-history":[{"count":103,"href":"https:\/\/www.porta-mallorquina.de\/blog\/wp-json\/wp\/v2\/posts\/1188\/revisions"}],"predecessor-version":[{"id":5145,"href":"https:\/\/www.porta-mallorquina.de\/blog\/wp-json\/wp\/v2\/posts\/1188\/revisions\/5145"}],"wp:attachment":[{"href":"https:\/\/www.porta-mallorquina.de\/blog\/wp-json\/wp\/v2\/media?parent=1188"}],"wp:term":[{"taxonomy":"category","embeddable":true,"href":"https:\/\/www.porta-mallorquina.de\/blog\/wp-json\/wp\/v2\/categories?post=1188"},{"taxonomy":"post_tag","embeddable":true,"href":"https:\/\/www.porta-mallorquina.de\/blog\/wp-json\/wp\/v2\/tags?post=1188"}],"curies":[{"name":"wp","href":"https:\/\/api.w.org\/{rel}","templated":true}]}}