{"id":223,"date":"2011-03-14T14:22:22","date_gmt":"2011-03-14T12:22:22","guid":{"rendered":"http:\/\/www.porta-mallorquina.de\/blog\/?p=223"},"modified":"2019-04-09T18:43:30","modified_gmt":"2019-04-09T16:43:30","slug":"der-verzaubernde-norden-mallorcas-ein-wahrer-geheimtipp","status":"publish","type":"post","link":"https:\/\/www.porta-mallorquina.de\/blog\/der-verzaubernde-norden-mallorcas-ein-wahrer-geheimtipp\/","title":{"rendered":"Der verzaubernde Norden Mallorcas \u2013 ein wahrer Geheimtipp"},"content":{"rendered":"<p>Der Norden Mallorcas war schon immer ein besonderer Geheimtipp bei Inselliebhabern.<\/p>\n<div id=\"attachment_280\" class=\"wp-caption alignleft\" style=\"width: 590px\"><img loading=\"lazy\" decoding=\"async\" class=\"size-full wp-image-280\" title=\"Puig de Maria in Pollensa\" src=\"https:\/\/www.porta-mallorquina.de\/blog\/mallorca\/puig-de-maria-in-pollensa.jpg\" alt=\"Puig de Maria in Pollensa\" width=\"590\" height=\"402\" \/><p class=\"wp-caption-text\">Der Berg Puig de Maria in Pollensa<\/p><\/div>\n<h2>Pollensa<\/h2>\n<p>Die Gegenden um das wirklich entz\u00fcckende St\u00e4dtchen <a title=\"Immobilien in Pollensa\" href=\"https:\/\/www.porta-mallorquina.de\/immobilien\/kaufen\/pollensa\/\">Pollensa<\/a> mit seinen landschaftlichen, und kulturellen Wahrzeichen, wie z.B. dem Berg <em>\u201cPuig de Maria\u201d<\/em>, oder die geschichtstr\u00e4chtigen Kalvarienstufen direkt vom Ort den Berg <em>\u201cCalvari\u201d<\/em> hinauf, sowie die entz\u00fcckend malerische Innenstadt von Alcudia, welche einmal die Hauptstadt der Insel war, sind von \u00e4u\u00dferst abwechslungsreicher und spannender Natur gepr\u00e4gt.<\/p>\n<div id=\"attachment_282\" class=\"wp-caption alignright\" style=\"width: 248px\"><img loading=\"lazy\" decoding=\"async\" class=\"size-full wp-image-282 \" title=\"Playa de Muro\" src=\"https:\/\/www.porta-mallorquina.de\/blog\/mallorca\/playa-de-muro.jpg\" alt=\"Playa de Muro\" width=\"248\" height=\"169\" \/><p class=\"wp-caption-text\">Der Strand Playa de Muro<\/p><\/div>\n<h2>Playa de Muro<\/h2>\n<p>Im Norden gibt es von allem etwas, was das Besucher- oder Residentenherz begehrt: <strong>Einen der traumhaftesten Str\u00e4nde Mallorcas<\/strong> mit der <em>\u201cPlaya de Muro\u201d<\/em>, die besten Buchten f\u00fcr jegliche Art von Wassersport (absolut Kult bei Kitesurfern z.B. ist die Bucht von Puerto Pollensa), ausgedehnte Berg- und Gr\u00fcnlandschaften f\u00fcr Radfahrer und Wanderer etc. \u2013 und das alles gerade einmal eine halbe Stunde von Palma de Mallorca entfernt.<\/p>\n<h3>Immobilienangebot im Norden<\/h3>\n<p>Abwechslungsreich und \u00e4u\u00dferst ansprechend ist auch das gro\u00dfartige Immobilienangebot in dieser Region. Wunderbare Liegenschaften in erster Meereslinie, sowie ansprechende Villenviertel mit fantastischem Ausblick, wie <em>\u201cLa Font\u201d<\/em> bei Pollensa, oder <a title=\"Alcudia heute - Klasse statt Masse\" href=\"https:\/\/www.porta-mallorquina.de\/blog\/alcudia-heute-klasse-statt-masse\/\"><em>\u201cBonaire\u201d<\/em> und <em>\u201cAucanda\u201d<\/em> bei Alcudia<\/a>, aber auch gro\u00dfartige <a title=\"Fincas und Landanwesen in Alcudia\" href=\"https:\/\/www.porta-mallorquina.de\/immobilien\/kaufen\/alcudia+fincas\/\">Fincas und Landanwesen<\/a> in den T\u00e4lern <em>\u201cVall d\u00b4en March\u201d<\/em>, <em>\u201cVall de Colonya\u201d<\/em> und im Innenland rund um die h\u00fcbschen \u00d6rtchen <em>\u201cCampanet\u201d<\/em> oder <em>\u201cBuger\u201d<\/em>, bieten eine breitgef\u00e4cherte Auswahl f\u00fcr den Immobilieninteressenten.<\/p>\n<div id=\"attachment_274\" class=\"wp-caption alignleft\" style=\"width: 255px\"><img loading=\"lazy\" decoding=\"async\" class=\"size-full wp-image-274 \" title=\"Villa in Puerto Pollensa\" src=\"https:\/\/www.porta-mallorquina.de\/blog\/mallorca\/villa-in-puerto-pollensa.jpg\" alt=\"Villa in Puerto Pollensa\" width=\"255\" height=\"170\" \/><p class=\"wp-caption-text\">Villa in Puerto Pollensa<\/p><\/div>\n<p>\u201cIch lebe seit elf Jahren nun auf der Insel und habe auch in fast allen Regionen schon gewohnt \u2013 aber der Norden ist mir wirklich ans Herz gewachsen\u201d, sagt Sebastian Boelger, welcher nach langj\u00e4hriger Markterfahrung im Norden Mallorcas, nun diese Region im Namen von Porta Mallorquina als Managing Director \u00fcbernommen hat.<\/p>\n<p>Eine Shoper\u00f6ffnung steht demnach auch hier kurz bevor: \u201cWir m\u00fcssen nur noch den richtigen Standort finden \u2013 wahrscheinlich aber entweder im Hafen von <a title=\"Immobilien in Alcudia\" href=\"https:\/\/www.porta-mallorquina.de\/immobilien\/kaufen\/alcudia\/\">Alcudia<\/a>, oder direkt in der begehrten Altstadt Pollensas\u201d, so Sebastian Boelger.<\/p>\n<h2>Impressionen von Alcudia und Pollensa<\/h2>\n<div id=\"attachment_283\" class=\"wp-caption alignleft\" style=\"width: 590px\"><img loading=\"lazy\" decoding=\"async\" class=\"size-full wp-image-283 \" title=\"Kalvarienstufen in Pollensa auf den Berg Calvari\" src=\"https:\/\/www.porta-mallorquina.de\/blog\/mallorca\/calvario-pollensa.jpg\" alt=\"Kalvarienstufen in Pollensa auf den Berg Calvari\" width=\"590\" height=\"402\" \/><p class=\"wp-caption-text\">Die Kalvarienstufen in Pollensa den Berg \u201cCalvari\u201d hinauf<\/p><\/div>\n<div id=\"attachment_272\" class=\"wp-caption alignleft\" style=\"width: 590px\"><img loading=\"lazy\" decoding=\"async\" class=\"size-full wp-image-272\" title=\"Kitesurfen in Puerto Pollensa auf Mallorca\" src=\"https:\/\/www.porta-mallorquina.de\/blog\/mallorca\/kitesurfen-puerto-pollensa-mallorca.jpg\" alt=\"Kitesurfen in Puerto Pollensa auf Mallorca\" width=\"590\" height=\"400\" \/><p class=\"wp-caption-text\">Kitesurfen in der Bucht von Puerto Pollensa auf Mallorca<\/p><\/div>\n<div id=\"attachment_284\" class=\"wp-caption alignleft\" style=\"width: 590px\"><img loading=\"lazy\" decoding=\"async\" class=\"size-full wp-image-284\" title=\"Altstadt von Alcudia\" src=\"https:\/\/www.porta-mallorquina.de\/blog\/mallorca\/alcudia-altstadt.jpg\" alt=\"Altstadt von Alcudia\" width=\"590\" height=\"402\" \/><p class=\"wp-caption-text\">Altstadt von Alcudia<\/p><\/div>\n","protected":false},"excerpt":{"rendered":"<p>Der Norden Mallorcas war schon immer ein besonderer Geheimtipp bei Liebhabern der Insel. Erfahren Sie mehr \u00fcber die entz\u00fcckenden St\u00e4dte Pollensa und Alcudia sowie das Kitesurfer-Paradies Playa de Muro.<\/p>\n","protected":false},"author":9,"featured_media":0,"comment_status":"open","ping_status":"open","sticky":false,"template":"","format":"standard","meta":{"footnotes":""},"categories":[4,3],"tags":[],"class_list":["post-223","post","type-post","status-publish","format-standard","hentry","category-immobilien","category-mallorca"],"yoast_head":"<!-- This site is optimized with the Yoast SEO plugin v27.2 - https:\/\/yoast.com\/product\/yoast-seo-wordpress\/ -->\n<title>Pollensa und Alcudia im verzaubernden Norden Mallorcas \u2013 ein wahrer Geheimtipp<\/title>\n<meta name=\"description\" content=\"Der Norden Mallorcas war schon immer ein besonderer Geheimtipp bei Liebhabern der Insel. Erfahren Sie mehr \u00fcber Pollensa und Alcudia sowie das Kitesurfer-Paradies Playa de Muro.\" \/>\n<meta name=\"robots\" content=\"index, follow, max-snippet:-1, max-image-preview:large, max-video-preview:-1\" \/>\n<link rel=\"canonical\" href=\"https:\/\/www.porta-mallorquina.de\/blog\/der-verzaubernde-norden-mallorcas-ein-wahrer-geheimtipp\/\" \/>\n<meta property=\"og:locale\" content=\"de_DE\" \/>\n<meta property=\"og:type\" content=\"article\" \/>\n<meta property=\"og:title\" content=\"Pollensa und Alcudia im verzaubernden Norden Mallorcas \u2013 ein wahrer Geheimtipp\" \/>\n<meta property=\"og:description\" content=\"Der Norden Mallorcas war schon immer ein besonderer Geheimtipp bei Liebhabern der Insel. Erfahren Sie mehr \u00fcber Pollensa und Alcudia sowie das Kitesurfer-Paradies Playa de Muro.\" \/>\n<meta property=\"og:url\" content=\"https:\/\/www.porta-mallorquina.de\/blog\/der-verzaubernde-norden-mallorcas-ein-wahrer-geheimtipp\/\" \/>\n<meta property=\"og:site_name\" content=\"Porta Mallorquina Blog\" \/>\n<meta property=\"article:published_time\" content=\"2011-03-14T12:22:22+00:00\" \/>\n<meta property=\"article:modified_time\" content=\"2019-04-09T16:43:30+00:00\" \/>\n<meta property=\"og:image\" content=\"https:\/\/www.porta-mallorquina.de\/blog\/mallorca\/puig-de-maria-in-pollensa.jpg\" \/>\n<meta name=\"author\" content=\"Porta Mallorquina\" \/>\n<meta name=\"twitter:card\" content=\"summary_large_image\" \/>\n<meta name=\"twitter:label1\" content=\"Verfasst von\" \/>\n\t<meta name=\"twitter:data1\" content=\"Porta Mallorquina\" \/>\n\t<meta name=\"twitter:label2\" content=\"Gesch\u00e4tzte Lesezeit\" \/>\n\t<meta name=\"twitter:data2\" content=\"2\u00a0Minuten\" \/>\n<script type=\"application\/ld+json\" class=\"yoast-schema-graph\">{\"@context\":\"https:\/\/schema.org\",\"@graph\":[{\"@type\":\"Article\",\"@id\":\"https:\/\/www.porta-mallorquina.de\/blog\/der-verzaubernde-norden-mallorcas-ein-wahrer-geheimtipp\/#article\",\"isPartOf\":{\"@id\":\"https:\/\/www.porta-mallorquina.de\/blog\/der-verzaubernde-norden-mallorcas-ein-wahrer-geheimtipp\/\"},\"author\":{\"name\":\"Porta Mallorquina\",\"@id\":\"https:\/\/www.porta-mallorquina.de\/blog\/#\/schema\/person\/762f5edd41dcc87e16e9391fd25d519d\"},\"headline\":\"Der verzaubernde Norden Mallorcas \u2013 ein wahrer Geheimtipp\",\"datePublished\":\"2011-03-14T12:22:22+00:00\",\"dateModified\":\"2019-04-09T16:43:30+00:00\",\"mainEntityOfPage\":{\"@id\":\"https:\/\/www.porta-mallorquina.de\/blog\/der-verzaubernde-norden-mallorcas-ein-wahrer-geheimtipp\/\"},\"wordCount\":399,\"commentCount\":5,\"publisher\":{\"@id\":\"https:\/\/www.porta-mallorquina.de\/blog\/#organization\"},\"image\":{\"@id\":\"https:\/\/www.porta-mallorquina.de\/blog\/der-verzaubernde-norden-mallorcas-ein-wahrer-geheimtipp\/#primaryimage\"},\"thumbnailUrl\":\"https:\/\/www.porta-mallorquina.de\/blog\/mallorca\/puig-de-maria-in-pollensa.jpg\",\"articleSection\":[\"Immobilien\",\"Mallorca\"],\"inLanguage\":\"de\",\"potentialAction\":[{\"@type\":\"CommentAction\",\"name\":\"Comment\",\"target\":[\"https:\/\/www.porta-mallorquina.de\/blog\/der-verzaubernde-norden-mallorcas-ein-wahrer-geheimtipp\/#respond\"]}]},{\"@type\":\"WebPage\",\"@id\":\"https:\/\/www.porta-mallorquina.de\/blog\/der-verzaubernde-norden-mallorcas-ein-wahrer-geheimtipp\/\",\"url\":\"https:\/\/www.porta-mallorquina.de\/blog\/der-verzaubernde-norden-mallorcas-ein-wahrer-geheimtipp\/\",\"name\":\"Pollensa und Alcudia im verzaubernden Norden Mallorcas \u2013 ein wahrer Geheimtipp\",\"isPartOf\":{\"@id\":\"https:\/\/www.porta-mallorquina.de\/blog\/#website\"},\"primaryImageOfPage\":{\"@id\":\"https:\/\/www.porta-mallorquina.de\/blog\/der-verzaubernde-norden-mallorcas-ein-wahrer-geheimtipp\/#primaryimage\"},\"image\":{\"@id\":\"https:\/\/www.porta-mallorquina.de\/blog\/der-verzaubernde-norden-mallorcas-ein-wahrer-geheimtipp\/#primaryimage\"},\"thumbnailUrl\":\"https:\/\/www.porta-mallorquina.de\/blog\/mallorca\/puig-de-maria-in-pollensa.jpg\",\"datePublished\":\"2011-03-14T12:22:22+00:00\",\"dateModified\":\"2019-04-09T16:43:30+00:00\",\"description\":\"Der Norden Mallorcas war schon immer ein besonderer Geheimtipp bei Liebhabern der Insel. Erfahren Sie mehr \u00fcber Pollensa und Alcudia sowie das Kitesurfer-Paradies Playa de Muro.\",\"breadcrumb\":{\"@id\":\"https:\/\/www.porta-mallorquina.de\/blog\/der-verzaubernde-norden-mallorcas-ein-wahrer-geheimtipp\/#breadcrumb\"},\"inLanguage\":\"de\",\"potentialAction\":[{\"@type\":\"ReadAction\",\"target\":[\"https:\/\/www.porta-mallorquina.de\/blog\/der-verzaubernde-norden-mallorcas-ein-wahrer-geheimtipp\/\"]}]},{\"@type\":\"ImageObject\",\"inLanguage\":\"de\",\"@id\":\"https:\/\/www.porta-mallorquina.de\/blog\/der-verzaubernde-norden-mallorcas-ein-wahrer-geheimtipp\/#primaryimage\",\"url\":\"https:\/\/www.porta-mallorquina.de\/blog\/mallorca\/puig-de-maria-in-pollensa.jpg\",\"contentUrl\":\"https:\/\/www.porta-mallorquina.de\/blog\/mallorca\/puig-de-maria-in-pollensa.jpg\",\"width\":\"590\",\"height\":\"402\",\"caption\":\"Puig de Maria in Pollensa\"},{\"@type\":\"BreadcrumbList\",\"@id\":\"https:\/\/www.porta-mallorquina.de\/blog\/der-verzaubernde-norden-mallorcas-ein-wahrer-geheimtipp\/#breadcrumb\",\"itemListElement\":[{\"@type\":\"ListItem\",\"position\":1,\"name\":\"Startseite\",\"item\":\"https:\/\/www.porta-mallorquina.de\/blog\/\"},{\"@type\":\"ListItem\",\"position\":2,\"name\":\"Der verzaubernde Norden Mallorcas \u2013 ein wahrer Geheimtipp\"}]},{\"@type\":\"WebSite\",\"@id\":\"https:\/\/www.porta-mallorquina.de\/blog\/#website\",\"url\":\"https:\/\/www.porta-mallorquina.de\/blog\/\",\"name\":\"Porta Mallorquina Blog\",\"description\":\"Mehr als Mallorca Immobilien\",\"publisher\":{\"@id\":\"https:\/\/www.porta-mallorquina.de\/blog\/#organization\"},\"potentialAction\":[{\"@type\":\"SearchAction\",\"target\":{\"@type\":\"EntryPoint\",\"urlTemplate\":\"https:\/\/www.porta-mallorquina.de\/blog\/?s={search_term_string}\"},\"query-input\":{\"@type\":\"PropertyValueSpecification\",\"valueRequired\":true,\"valueName\":\"search_term_string\"}}],\"inLanguage\":\"de\"},{\"@type\":\"Organization\",\"@id\":\"https:\/\/www.porta-mallorquina.de\/blog\/#organization\",\"name\":\"Porta Mallorquina Blog\",\"url\":\"https:\/\/www.porta-mallorquina.de\/blog\/\",\"logo\":{\"@type\":\"ImageObject\",\"inLanguage\":\"de\",\"@id\":\"https:\/\/www.porta-mallorquina.de\/blog\/#\/schema\/logo\/image\/\",\"url\":\"https:\/\/www.porta-mallorquina.de\/blog\/mallorca\/porta-mallorquina-real-estate-mallorca-logo.png\",\"contentUrl\":\"https:\/\/www.porta-mallorquina.de\/blog\/mallorca\/porta-mallorquina-real-estate-mallorca-logo.png\",\"width\":570,\"height\":400,\"caption\":\"Porta Mallorquina Blog\"},\"image\":{\"@id\":\"https:\/\/www.porta-mallorquina.de\/blog\/#\/schema\/logo\/image\/\"}},{\"@type\":\"Person\",\"@id\":\"https:\/\/www.porta-mallorquina.de\/blog\/#\/schema\/person\/762f5edd41dcc87e16e9391fd25d519d\",\"name\":\"Porta Mallorquina\",\"url\":\"https:\/\/www.porta-mallorquina.de\/blog\/author\/lnmt53naz\/\"}]}<\/script>\n<!-- \/ Yoast SEO plugin. -->","yoast_head_json":{"title":"Pollensa und Alcudia im verzaubernden Norden Mallorcas \u2013 ein wahrer Geheimtipp","description":"Der Norden Mallorcas war schon immer ein besonderer Geheimtipp bei Liebhabern der Insel. Erfahren Sie mehr \u00fcber Pollensa und Alcudia sowie das Kitesurfer-Paradies Playa de Muro.","robots":{"index":"index","follow":"follow","max-snippet":"max-snippet:-1","max-image-preview":"max-image-preview:large","max-video-preview":"max-video-preview:-1"},"canonical":"https:\/\/www.porta-mallorquina.de\/blog\/der-verzaubernde-norden-mallorcas-ein-wahrer-geheimtipp\/","og_locale":"de_DE","og_type":"article","og_title":"Pollensa und Alcudia im verzaubernden Norden Mallorcas \u2013 ein wahrer Geheimtipp","og_description":"Der Norden Mallorcas war schon immer ein besonderer Geheimtipp bei Liebhabern der Insel. Erfahren Sie mehr \u00fcber Pollensa und Alcudia sowie das Kitesurfer-Paradies Playa de Muro.","og_url":"https:\/\/www.porta-mallorquina.de\/blog\/der-verzaubernde-norden-mallorcas-ein-wahrer-geheimtipp\/","og_site_name":"Porta Mallorquina Blog","article_published_time":"2011-03-14T12:22:22+00:00","article_modified_time":"2019-04-09T16:43:30+00:00","og_image":[{"url":"https:\/\/www.porta-mallorquina.de\/blog\/mallorca\/puig-de-maria-in-pollensa.jpg","type":"","width":"","height":""}],"author":"Porta Mallorquina","twitter_card":"summary_large_image","twitter_misc":{"Verfasst von":"Porta Mallorquina","Gesch\u00e4tzte Lesezeit":"2\u00a0Minuten"},"schema":{"@context":"https:\/\/schema.org","@graph":[{"@type":"Article","@id":"https:\/\/www.porta-mallorquina.de\/blog\/der-verzaubernde-norden-mallorcas-ein-wahrer-geheimtipp\/#article","isPartOf":{"@id":"https:\/\/www.porta-mallorquina.de\/blog\/der-verzaubernde-norden-mallorcas-ein-wahrer-geheimtipp\/"},"author":{"name":"Porta Mallorquina","@id":"https:\/\/www.porta-mallorquina.de\/blog\/#\/schema\/person\/762f5edd41dcc87e16e9391fd25d519d"},"headline":"Der verzaubernde Norden Mallorcas \u2013 ein wahrer Geheimtipp","datePublished":"2011-03-14T12:22:22+00:00","dateModified":"2019-04-09T16:43:30+00:00","mainEntityOfPage":{"@id":"https:\/\/www.porta-mallorquina.de\/blog\/der-verzaubernde-norden-mallorcas-ein-wahrer-geheimtipp\/"},"wordCount":399,"commentCount":5,"publisher":{"@id":"https:\/\/www.porta-mallorquina.de\/blog\/#organization"},"image":{"@id":"https:\/\/www.porta-mallorquina.de\/blog\/der-verzaubernde-norden-mallorcas-ein-wahrer-geheimtipp\/#primaryimage"},"thumbnailUrl":"https:\/\/www.porta-mallorquina.de\/blog\/mallorca\/puig-de-maria-in-pollensa.jpg","articleSection":["Immobilien","Mallorca"],"inLanguage":"de","potentialAction":[{"@type":"CommentAction","name":"Comment","target":["https:\/\/www.porta-mallorquina.de\/blog\/der-verzaubernde-norden-mallorcas-ein-wahrer-geheimtipp\/#respond"]}]},{"@type":"WebPage","@id":"https:\/\/www.porta-mallorquina.de\/blog\/der-verzaubernde-norden-mallorcas-ein-wahrer-geheimtipp\/","url":"https:\/\/www.porta-mallorquina.de\/blog\/der-verzaubernde-norden-mallorcas-ein-wahrer-geheimtipp\/","name":"Pollensa und Alcudia im verzaubernden Norden Mallorcas \u2013 ein wahrer Geheimtipp","isPartOf":{"@id":"https:\/\/www.porta-mallorquina.de\/blog\/#website"},"primaryImageOfPage":{"@id":"https:\/\/www.porta-mallorquina.de\/blog\/der-verzaubernde-norden-mallorcas-ein-wahrer-geheimtipp\/#primaryimage"},"image":{"@id":"https:\/\/www.porta-mallorquina.de\/blog\/der-verzaubernde-norden-mallorcas-ein-wahrer-geheimtipp\/#primaryimage"},"thumbnailUrl":"https:\/\/www.porta-mallorquina.de\/blog\/mallorca\/puig-de-maria-in-pollensa.jpg","datePublished":"2011-03-14T12:22:22+00:00","dateModified":"2019-04-09T16:43:30+00:00","description":"Der Norden Mallorcas war schon immer ein besonderer Geheimtipp bei Liebhabern der Insel. Erfahren Sie mehr \u00fcber Pollensa und Alcudia sowie das Kitesurfer-Paradies Playa de Muro.","breadcrumb":{"@id":"https:\/\/www.porta-mallorquina.de\/blog\/der-verzaubernde-norden-mallorcas-ein-wahrer-geheimtipp\/#breadcrumb"},"inLanguage":"de","potentialAction":[{"@type":"ReadAction","target":["https:\/\/www.porta-mallorquina.de\/blog\/der-verzaubernde-norden-mallorcas-ein-wahrer-geheimtipp\/"]}]},{"@type":"ImageObject","inLanguage":"de","@id":"https:\/\/www.porta-mallorquina.de\/blog\/der-verzaubernde-norden-mallorcas-ein-wahrer-geheimtipp\/#primaryimage","url":"https:\/\/www.porta-mallorquina.de\/blog\/mallorca\/puig-de-maria-in-pollensa.jpg","contentUrl":"https:\/\/www.porta-mallorquina.de\/blog\/mallorca\/puig-de-maria-in-pollensa.jpg","width":"590","height":"402","caption":"Puig de Maria in Pollensa"},{"@type":"BreadcrumbList","@id":"https:\/\/www.porta-mallorquina.de\/blog\/der-verzaubernde-norden-mallorcas-ein-wahrer-geheimtipp\/#breadcrumb","itemListElement":[{"@type":"ListItem","position":1,"name":"Startseite","item":"https:\/\/www.porta-mallorquina.de\/blog\/"},{"@type":"ListItem","position":2,"name":"Der verzaubernde Norden Mallorcas \u2013 ein wahrer Geheimtipp"}]},{"@type":"WebSite","@id":"https:\/\/www.porta-mallorquina.de\/blog\/#website","url":"https:\/\/www.porta-mallorquina.de\/blog\/","name":"Porta Mallorquina Blog","description":"Mehr als Mallorca Immobilien","publisher":{"@id":"https:\/\/www.porta-mallorquina.de\/blog\/#organization"},"potentialAction":[{"@type":"SearchAction","target":{"@type":"EntryPoint","urlTemplate":"https:\/\/www.porta-mallorquina.de\/blog\/?s={search_term_string}"},"query-input":{"@type":"PropertyValueSpecification","valueRequired":true,"valueName":"search_term_string"}}],"inLanguage":"de"},{"@type":"Organization","@id":"https:\/\/www.porta-mallorquina.de\/blog\/#organization","name":"Porta Mallorquina Blog","url":"https:\/\/www.porta-mallorquina.de\/blog\/","logo":{"@type":"ImageObject","inLanguage":"de","@id":"https:\/\/www.porta-mallorquina.de\/blog\/#\/schema\/logo\/image\/","url":"https:\/\/www.porta-mallorquina.de\/blog\/mallorca\/porta-mallorquina-real-estate-mallorca-logo.png","contentUrl":"https:\/\/www.porta-mallorquina.de\/blog\/mallorca\/porta-mallorquina-real-estate-mallorca-logo.png","width":570,"height":400,"caption":"Porta Mallorquina Blog"},"image":{"@id":"https:\/\/www.porta-mallorquina.de\/blog\/#\/schema\/logo\/image\/"}},{"@type":"Person","@id":"https:\/\/www.porta-mallorquina.de\/blog\/#\/schema\/person\/762f5edd41dcc87e16e9391fd25d519d","name":"Porta Mallorquina","url":"https:\/\/www.porta-mallorquina.de\/blog\/author\/lnmt53naz\/"}]}},"_links":{"self":[{"href":"https:\/\/www.porta-mallorquina.de\/blog\/wp-json\/wp\/v2\/posts\/223","targetHints":{"allow":["GET"]}}],"collection":[{"href":"https:\/\/www.porta-mallorquina.de\/blog\/wp-json\/wp\/v2\/posts"}],"about":[{"href":"https:\/\/www.porta-mallorquina.de\/blog\/wp-json\/wp\/v2\/types\/post"}],"author":[{"embeddable":true,"href":"https:\/\/www.porta-mallorquina.de\/blog\/wp-json\/wp\/v2\/users\/9"}],"replies":[{"embeddable":true,"href":"https:\/\/www.porta-mallorquina.de\/blog\/wp-json\/wp\/v2\/comments?post=223"}],"version-history":[{"count":45,"href":"https:\/\/www.porta-mallorquina.de\/blog\/wp-json\/wp\/v2\/posts\/223\/revisions"}],"predecessor-version":[{"id":5109,"href":"https:\/\/www.porta-mallorquina.de\/blog\/wp-json\/wp\/v2\/posts\/223\/revisions\/5109"}],"wp:attachment":[{"href":"https:\/\/www.porta-mallorquina.de\/blog\/wp-json\/wp\/v2\/media?parent=223"}],"wp:term":[{"taxonomy":"category","embeddable":true,"href":"https:\/\/www.porta-mallorquina.de\/blog\/wp-json\/wp\/v2\/categories?post=223"},{"taxonomy":"post_tag","embeddable":true,"href":"https:\/\/www.porta-mallorquina.de\/blog\/wp-json\/wp\/v2\/tags?post=223"}],"curies":[{"name":"wp","href":"https:\/\/api.w.org\/{rel}","templated":true}]}}