{"id":3279,"date":"2023-02-05T13:06:48","date_gmt":"2023-02-05T11:06:48","guid":{"rendered":"http:\/\/www.porta-mallorquina.de\/blog\/?p=3279"},"modified":"2024-07-10T15:33:36","modified_gmt":"2024-07-10T13:33:36","slug":"immobilienkatalog","status":"publish","type":"post","link":"https:\/\/www.porta-mallorquina.de\/blog\/immobilienkatalog\/","title":{"rendered":"Porta Mallorquina Immobilienkatalog 2023\/2024"},"content":{"rendered":"<h2>Liebe Mallorca Freunde,<\/h2>\n<p><a href=\"https:\/\/www.porta-mallorquina.de\">Mallorca Immobilien<\/a> erfreuen sich weiterhin gr\u00f6\u00dfter Beliebtheit. Das Angebot kommt der <strong>Nachfrage<\/strong> kaum nach. Aktuell hat sich der Markt etwas beruhigt, nutzen Sie diese Atempause, denn die <a href=\"https:\/\/www.porta-mallorquina.de\/blog\/marktstudie-immobilien-mallorca-2024\/\">Preise f\u00fcr Immobilien auf Mallorca<\/a> werden nicht fallen.<\/p>\n<p>Warum? Das <strong>Wachstumspotenzial<\/strong> der Inseln ist begrenzt und die Bauvorschriften sind heute wesentlich strenger als noch vor zehn Jahren. Das bewahrt die <strong>Attraktivit\u00e4t<\/strong> und sichert Ihre Investition inklusive Inflationssicherheit, denn der Geldmarkt ist fragil \u2013 Immobilienwerte dagegen stabil. Der wichtigste Wert von allen aber sind Sie! Ihre Kraft und Widerstandsf\u00e4higkeit. Lassen Sie sich st\u00e4rken, von ganzj\u00e4hrigem <strong>Traumklima<\/strong> und den entspannenden Schwingungen der Balearen. Lassen Sie uns Ihr Refugium f\u00fcr Resilienz finden.<\/p>\n<p>Unsere Franchisepartner und Mitarbeiter setzen sich tagt\u00e4glich mit viel Engagement und Herzblut f\u00fcr unsere Kunden ein. Dieser Enthusiasmus, mit dem wir f\u00fcr unsere Kunden in jeder Beziehung die passende <strong>Traumimmobilie<\/strong> finden, hat uns zu einem der gr\u00f6\u00dften Anbieter gemacht.<\/p>\n<p>Eine Auswahl unseres Angebots pr\u00e4sentieren wir Ihnen in der neuesten Ausgabe von \u201eBest of Mallorca 2023\u201c. Viel Freude beim Lesen!<\/p>\n<div class=\"_df_book df-lite\" id=\"df_6026\"  _slug=\"\" data-title=\"immobilienkatalog\" wpoptions=\"true\" thumbtype=\"\" ><\/div><script class=\"df-shortcode-script\" nowprocket type=\"application\/javascript\">window.option_df_6026 = {\"outline\":[],\"autoEnableOutline\":\"false\",\"autoEnableThumbnail\":\"false\",\"overwritePDFOutline\":\"false\",\"direction\":\"1\",\"pageSize\":\"0\",\"source\":\"https:\\\/\\\/www.porta-mallorquina.de\\\/blog\\\/mallorca\\\/mallorca-immobilien-katalog.pdf\",\"wpOptions\":\"true\"}; if(window.DFLIP && window.DFLIP.parseBooks){window.DFLIP.parseBooks();}<\/script>\n<p><!--\n\n\n<div id=\"attachment_6090\" class=\"wp-caption alignleft\" style=\"width: 230px;\">\n\n<img loading=\"lazy\" decoding=\"async\" class=\"wp-image-6090 size-full\" title=\"Porta Mallorquina Immobilienkatalog\" src=\"https:\/\/www.porta-mallorquina.de\/blog\/mallorca\/intro.jpg\" alt=\"Der neue Porta Mallorquina Immobilienkatalog.\" width=\"230\" height=\"301\" \/>\n\n\n<p class=\"wp-caption-text\">Der neue Porta Mallorquina Immobilienkatalog.<\/p>\n\n\n\n<\/div>\n\n\nAnfang September pr\u00e4sentierte Porta Mallorquina seinen <strong>Immobilienkatalog<\/strong>. Auf 120 Seiten k\u00f6nnen sich Kunden \u00fcber den <strong>Immobilienmarkt Mallorca<\/strong> und die einzelnen Regionen informieren, dazu wird eine <strong>Auswahl der sch\u00f6nsten Immobilien<\/strong> auf Mallorca pr\u00e4sentiert.\n\nIm redaktionellen Teil werden <strong>steuerliche Neuheiten <\/strong>f\u00fcr K\u00e4ufer und Verk\u00e4ufer erl\u00e4utert, <strong>Tipps zur Finanzierung<\/strong> einer Immobilie gegeben und was es beim Immobilienkauf oder -verkauf in Spanien zu beachten gibt.\n\nDie Verkaufsleiter und Franchisepartner in den einzelnen Regionen verraten ihre Lieblingspl\u00e4tze, dazu werden die<strong> sch\u00f6nsten Str\u00e4nde der Insel<\/strong>, alle <strong>Golfpl\u00e4tze<\/strong> und beliebte <strong>Fahrradtouren<\/strong> vorgestellt. Der Katalog ist zweisprachig, deutsch\/englisch.\n\n\n<blockquote>\u201eAuch wenn 90% der Immobiliensuche heute im Internet stattfindet, so genie\u00dft man es doch, auf der Couch ein Magazin durchzubl\u00e4ttern, um sich zu informieren und inspirieren zu lassen.\u201c,<\/blockquote>\n\n\nbegr\u00fcndet Porta Mallorquina CEO Joachim Semrau die Einf\u00fchrung des Kataloges. Der Katalog liegt <strong>kostenfrei zur Mitnahme<\/strong> in den 8 <a href=\"https:\/\/www.porta-mallorquina.de\/suedwest\/\" target=\"_blank\" rel=\"noopener\">Verkaufsb\u00fcros <\/a>auf der Insel aus.\n\n\n<h2>Impressionen aus dem Immobilienkatalog<\/h2>\n\n\n<img loading=\"lazy\" decoding=\"async\" class=\"size-full wp-image-6166 aligncenter\" src=\"https:\/\/www.porta-mallorquina.de\/blog\/mallorca\/katalog-inhalt.jpg\" alt=\"Inhaltsverzeichnis Immobiilienkatalog\" width=\"600\" height=\"780\" \/>\n\n<img loading=\"lazy\" decoding=\"async\" class=\"size-full wp-image-6167 aligncenter\" src=\"https:\/\/www.porta-mallorquina.de\/blog\/mallorca\/10-jahre1.jpg\" alt=\"10-jahre Porta Mallorquina\" width=\"600\" height=\"760\" \/><img loading=\"lazy\" decoding=\"async\" class=\"size-full wp-image-6165 aligncenter\" src=\"https:\/\/www.porta-mallorquina.de\/blog\/mallorca\/katalog-10jahre-en.jpg\" alt=\"10 years Porta Mallorquina\" width=\"600\" height=\"780\" \/>\n\n<img loading=\"lazy\" decoding=\"async\" class=\"size-full wp-image-6160 aligncenter\" src=\"https:\/\/www.porta-mallorquina.de\/blog\/mallorca\/Katalog_portaholiday.jpg\" alt=\"facts and figures holiday rental\" width=\"600\" height=\"780\" \/><img loading=\"lazy\" decoding=\"async\" class=\"size-full wp-image-6162 aligncenter\" src=\"https:\/\/www.porta-mallorquina.de\/blog\/mallorca\/Katalog_s\u00fcdwest.jpg\" alt=\"Immobilien S\u00fcdwest\" width=\"590\" height=\"780\" \/>\n\n<img loading=\"lazy\" decoding=\"async\" class=\"size-full wp-image-6157 aligncenter\" src=\"https:\/\/www.porta-mallorquina.de\/blog\/mallorca\/Katalog_golf-en.jpg\" alt=\"Golf courses Mallorca\" width=\"591\" height=\"780\" \/>--><\/p>\n","protected":false},"excerpt":{"rendered":"<p>Liebe Mallorca Freunde, Mallorca Immobilien erfreuen sich weiterhin gr\u00f6\u00dfter Beliebtheit. Das Angebot kommt der Nachfrage kaum nach. Aktuell hat sich der Markt etwas beruhigt, nutzen Sie diese Atempause, denn die Preise f\u00fcr Immobilien auf Mallorca werden nicht fallen. Warum? Das Wachstumspotenzial der Inseln ist begrenzt und die Bauvorschriften sind heute wesentlich strenger als noch vor [&hellip;]<\/p>\n","protected":false},"author":5,"featured_media":6024,"comment_status":"open","ping_status":"open","sticky":false,"template":"","format":"standard","meta":{"footnotes":""},"categories":[4],"tags":[],"class_list":["post-3279","post","type-post","status-publish","format-standard","has-post-thumbnail","hentry","category-immobilien"],"yoast_head":"<!-- This site is optimized with the Yoast SEO plugin v27.2 - https:\/\/yoast.com\/product\/yoast-seo-wordpress\/ -->\n<title>Porta Mallorquina Immobilienkatalog 2023\/2024<\/title>\n<meta name=\"description\" content=\"Immobilien Magazin rund um den Immobilienmarkt Mallorca. Mit rechtlichen Tipps, Preisspiegel und vielen weiteren n\u00fctzlichen Informationen \u00fcber Mallorca.\" \/>\n<meta name=\"robots\" content=\"index, follow, max-snippet:-1, max-image-preview:large, max-video-preview:-1\" \/>\n<link rel=\"canonical\" href=\"https:\/\/www.porta-mallorquina.de\/blog\/immobilienkatalog\/\" \/>\n<meta property=\"og:locale\" content=\"de_DE\" \/>\n<meta property=\"og:type\" content=\"article\" \/>\n<meta property=\"og:title\" content=\"Porta Mallorquina Immobilienkatalog 2023\/2024\" \/>\n<meta property=\"og:description\" content=\"Immobilien Magazin rund um den Immobilienmarkt Mallorca. Mit rechtlichen Tipps, Preisspiegel und vielen weiteren n\u00fctzlichen Informationen \u00fcber Mallorca.\" \/>\n<meta property=\"og:url\" content=\"https:\/\/www.porta-mallorquina.de\/blog\/immobilienkatalog\/\" \/>\n<meta property=\"og:site_name\" content=\"Porta Mallorquina Blog\" \/>\n<meta property=\"article:published_time\" content=\"2023-02-05T11:06:48+00:00\" \/>\n<meta property=\"article:modified_time\" content=\"2024-07-10T13:33:36+00:00\" \/>\n<meta property=\"og:image\" content=\"https:\/\/www.porta-mallorquina.de\/blog\/mallorca\/mallorca-immobilien-katalog.jpg\" \/>\n\t<meta property=\"og:image:width\" content=\"573\" \/>\n\t<meta property=\"og:image:height\" content=\"709\" \/>\n\t<meta property=\"og:image:type\" content=\"image\/jpeg\" \/>\n<meta name=\"author\" content=\"Ulrike Eschenbecher\" \/>\n<meta name=\"twitter:card\" content=\"summary_large_image\" \/>\n<meta name=\"twitter:label1\" content=\"Verfasst von\" \/>\n\t<meta name=\"twitter:data1\" content=\"Ulrike Eschenbecher\" \/>\n\t<meta name=\"twitter:label2\" content=\"Gesch\u00e4tzte Lesezeit\" \/>\n\t<meta name=\"twitter:data2\" content=\"2\u00a0Minuten\" \/>\n<script type=\"application\/ld+json\" class=\"yoast-schema-graph\">{\"@context\":\"https:\/\/schema.org\",\"@graph\":[{\"@type\":\"Article\",\"@id\":\"https:\/\/www.porta-mallorquina.de\/blog\/immobilienkatalog\/#article\",\"isPartOf\":{\"@id\":\"https:\/\/www.porta-mallorquina.de\/blog\/immobilienkatalog\/\"},\"author\":{\"name\":\"Ulrike Eschenbecher\",\"@id\":\"https:\/\/www.porta-mallorquina.de\/blog\/#\/schema\/person\/0b62d90dc6962d6e6eb377d955178fc3\"},\"headline\":\"Porta Mallorquina Immobilienkatalog 2023\/2024\",\"datePublished\":\"2023-02-05T11:06:48+00:00\",\"dateModified\":\"2024-07-10T13:33:36+00:00\",\"mainEntityOfPage\":{\"@id\":\"https:\/\/www.porta-mallorquina.de\/blog\/immobilienkatalog\/\"},\"wordCount\":184,\"commentCount\":1,\"publisher\":{\"@id\":\"https:\/\/www.porta-mallorquina.de\/blog\/#organization\"},\"image\":{\"@id\":\"https:\/\/www.porta-mallorquina.de\/blog\/immobilienkatalog\/#primaryimage\"},\"thumbnailUrl\":\"https:\/\/www.porta-mallorquina.de\/blog\/mallorca\/mallorca-immobilien-katalog.jpg\",\"articleSection\":[\"Immobilien\"],\"inLanguage\":\"de\",\"potentialAction\":[{\"@type\":\"CommentAction\",\"name\":\"Comment\",\"target\":[\"https:\/\/www.porta-mallorquina.de\/blog\/immobilienkatalog\/#respond\"]}]},{\"@type\":\"WebPage\",\"@id\":\"https:\/\/www.porta-mallorquina.de\/blog\/immobilienkatalog\/\",\"url\":\"https:\/\/www.porta-mallorquina.de\/blog\/immobilienkatalog\/\",\"name\":\"Porta Mallorquina Immobilienkatalog 2023\/2024\",\"isPartOf\":{\"@id\":\"https:\/\/www.porta-mallorquina.de\/blog\/#website\"},\"primaryImageOfPage\":{\"@id\":\"https:\/\/www.porta-mallorquina.de\/blog\/immobilienkatalog\/#primaryimage\"},\"image\":{\"@id\":\"https:\/\/www.porta-mallorquina.de\/blog\/immobilienkatalog\/#primaryimage\"},\"thumbnailUrl\":\"https:\/\/www.porta-mallorquina.de\/blog\/mallorca\/mallorca-immobilien-katalog.jpg\",\"datePublished\":\"2023-02-05T11:06:48+00:00\",\"dateModified\":\"2024-07-10T13:33:36+00:00\",\"description\":\"Immobilien Magazin rund um den Immobilienmarkt Mallorca. Mit rechtlichen Tipps, Preisspiegel und vielen weiteren n\u00fctzlichen Informationen \u00fcber Mallorca.\",\"breadcrumb\":{\"@id\":\"https:\/\/www.porta-mallorquina.de\/blog\/immobilienkatalog\/#breadcrumb\"},\"inLanguage\":\"de\",\"potentialAction\":[{\"@type\":\"ReadAction\",\"target\":[\"https:\/\/www.porta-mallorquina.de\/blog\/immobilienkatalog\/\"]}]},{\"@type\":\"ImageObject\",\"inLanguage\":\"de\",\"@id\":\"https:\/\/www.porta-mallorquina.de\/blog\/immobilienkatalog\/#primaryimage\",\"url\":\"https:\/\/www.porta-mallorquina.de\/blog\/mallorca\/mallorca-immobilien-katalog.jpg\",\"contentUrl\":\"https:\/\/www.porta-mallorquina.de\/blog\/mallorca\/mallorca-immobilien-katalog.jpg\",\"width\":573,\"height\":709,\"caption\":\"Mallorca Immobilien Katalog\"},{\"@type\":\"BreadcrumbList\",\"@id\":\"https:\/\/www.porta-mallorquina.de\/blog\/immobilienkatalog\/#breadcrumb\",\"itemListElement\":[{\"@type\":\"ListItem\",\"position\":1,\"name\":\"Startseite\",\"item\":\"https:\/\/www.porta-mallorquina.de\/blog\/\"},{\"@type\":\"ListItem\",\"position\":2,\"name\":\"Porta Mallorquina Immobilienkatalog 2023\/2024\"}]},{\"@type\":\"WebSite\",\"@id\":\"https:\/\/www.porta-mallorquina.de\/blog\/#website\",\"url\":\"https:\/\/www.porta-mallorquina.de\/blog\/\",\"name\":\"Porta Mallorquina Blog\",\"description\":\"Mehr als Mallorca Immobilien\",\"publisher\":{\"@id\":\"https:\/\/www.porta-mallorquina.de\/blog\/#organization\"},\"potentialAction\":[{\"@type\":\"SearchAction\",\"target\":{\"@type\":\"EntryPoint\",\"urlTemplate\":\"https:\/\/www.porta-mallorquina.de\/blog\/?s={search_term_string}\"},\"query-input\":{\"@type\":\"PropertyValueSpecification\",\"valueRequired\":true,\"valueName\":\"search_term_string\"}}],\"inLanguage\":\"de\"},{\"@type\":\"Organization\",\"@id\":\"https:\/\/www.porta-mallorquina.de\/blog\/#organization\",\"name\":\"Porta Mallorquina Blog\",\"url\":\"https:\/\/www.porta-mallorquina.de\/blog\/\",\"logo\":{\"@type\":\"ImageObject\",\"inLanguage\":\"de\",\"@id\":\"https:\/\/www.porta-mallorquina.de\/blog\/#\/schema\/logo\/image\/\",\"url\":\"https:\/\/www.porta-mallorquina.de\/blog\/mallorca\/porta-mallorquina-real-estate-mallorca-logo.png\",\"contentUrl\":\"https:\/\/www.porta-mallorquina.de\/blog\/mallorca\/porta-mallorquina-real-estate-mallorca-logo.png\",\"width\":570,\"height\":400,\"caption\":\"Porta Mallorquina Blog\"},\"image\":{\"@id\":\"https:\/\/www.porta-mallorquina.de\/blog\/#\/schema\/logo\/image\/\"}},{\"@type\":\"Person\",\"@id\":\"https:\/\/www.porta-mallorquina.de\/blog\/#\/schema\/person\/0b62d90dc6962d6e6eb377d955178fc3\",\"name\":\"Ulrike Eschenbecher\",\"url\":\"https:\/\/www.porta-mallorquina.de\/blog\/author\/eschenbecher\/\"}]}<\/script>\n<!-- \/ Yoast SEO plugin. -->","yoast_head_json":{"title":"Porta Mallorquina Immobilienkatalog 2023\/2024","description":"Immobilien Magazin rund um den Immobilienmarkt Mallorca. Mit rechtlichen Tipps, Preisspiegel und vielen weiteren n\u00fctzlichen Informationen \u00fcber Mallorca.","robots":{"index":"index","follow":"follow","max-snippet":"max-snippet:-1","max-image-preview":"max-image-preview:large","max-video-preview":"max-video-preview:-1"},"canonical":"https:\/\/www.porta-mallorquina.de\/blog\/immobilienkatalog\/","og_locale":"de_DE","og_type":"article","og_title":"Porta Mallorquina Immobilienkatalog 2023\/2024","og_description":"Immobilien Magazin rund um den Immobilienmarkt Mallorca. Mit rechtlichen Tipps, Preisspiegel und vielen weiteren n\u00fctzlichen Informationen \u00fcber Mallorca.","og_url":"https:\/\/www.porta-mallorquina.de\/blog\/immobilienkatalog\/","og_site_name":"Porta Mallorquina Blog","article_published_time":"2023-02-05T11:06:48+00:00","article_modified_time":"2024-07-10T13:33:36+00:00","og_image":[{"width":573,"height":709,"url":"https:\/\/www.porta-mallorquina.de\/blog\/mallorca\/mallorca-immobilien-katalog.jpg","type":"image\/jpeg"}],"author":"Ulrike Eschenbecher","twitter_card":"summary_large_image","twitter_misc":{"Verfasst von":"Ulrike Eschenbecher","Gesch\u00e4tzte Lesezeit":"2\u00a0Minuten"},"schema":{"@context":"https:\/\/schema.org","@graph":[{"@type":"Article","@id":"https:\/\/www.porta-mallorquina.de\/blog\/immobilienkatalog\/#article","isPartOf":{"@id":"https:\/\/www.porta-mallorquina.de\/blog\/immobilienkatalog\/"},"author":{"name":"Ulrike Eschenbecher","@id":"https:\/\/www.porta-mallorquina.de\/blog\/#\/schema\/person\/0b62d90dc6962d6e6eb377d955178fc3"},"headline":"Porta Mallorquina Immobilienkatalog 2023\/2024","datePublished":"2023-02-05T11:06:48+00:00","dateModified":"2024-07-10T13:33:36+00:00","mainEntityOfPage":{"@id":"https:\/\/www.porta-mallorquina.de\/blog\/immobilienkatalog\/"},"wordCount":184,"commentCount":1,"publisher":{"@id":"https:\/\/www.porta-mallorquina.de\/blog\/#organization"},"image":{"@id":"https:\/\/www.porta-mallorquina.de\/blog\/immobilienkatalog\/#primaryimage"},"thumbnailUrl":"https:\/\/www.porta-mallorquina.de\/blog\/mallorca\/mallorca-immobilien-katalog.jpg","articleSection":["Immobilien"],"inLanguage":"de","potentialAction":[{"@type":"CommentAction","name":"Comment","target":["https:\/\/www.porta-mallorquina.de\/blog\/immobilienkatalog\/#respond"]}]},{"@type":"WebPage","@id":"https:\/\/www.porta-mallorquina.de\/blog\/immobilienkatalog\/","url":"https:\/\/www.porta-mallorquina.de\/blog\/immobilienkatalog\/","name":"Porta Mallorquina Immobilienkatalog 2023\/2024","isPartOf":{"@id":"https:\/\/www.porta-mallorquina.de\/blog\/#website"},"primaryImageOfPage":{"@id":"https:\/\/www.porta-mallorquina.de\/blog\/immobilienkatalog\/#primaryimage"},"image":{"@id":"https:\/\/www.porta-mallorquina.de\/blog\/immobilienkatalog\/#primaryimage"},"thumbnailUrl":"https:\/\/www.porta-mallorquina.de\/blog\/mallorca\/mallorca-immobilien-katalog.jpg","datePublished":"2023-02-05T11:06:48+00:00","dateModified":"2024-07-10T13:33:36+00:00","description":"Immobilien Magazin rund um den Immobilienmarkt Mallorca. Mit rechtlichen Tipps, Preisspiegel und vielen weiteren n\u00fctzlichen Informationen \u00fcber Mallorca.","breadcrumb":{"@id":"https:\/\/www.porta-mallorquina.de\/blog\/immobilienkatalog\/#breadcrumb"},"inLanguage":"de","potentialAction":[{"@type":"ReadAction","target":["https:\/\/www.porta-mallorquina.de\/blog\/immobilienkatalog\/"]}]},{"@type":"ImageObject","inLanguage":"de","@id":"https:\/\/www.porta-mallorquina.de\/blog\/immobilienkatalog\/#primaryimage","url":"https:\/\/www.porta-mallorquina.de\/blog\/mallorca\/mallorca-immobilien-katalog.jpg","contentUrl":"https:\/\/www.porta-mallorquina.de\/blog\/mallorca\/mallorca-immobilien-katalog.jpg","width":573,"height":709,"caption":"Mallorca Immobilien Katalog"},{"@type":"BreadcrumbList","@id":"https:\/\/www.porta-mallorquina.de\/blog\/immobilienkatalog\/#breadcrumb","itemListElement":[{"@type":"ListItem","position":1,"name":"Startseite","item":"https:\/\/www.porta-mallorquina.de\/blog\/"},{"@type":"ListItem","position":2,"name":"Porta Mallorquina Immobilienkatalog 2023\/2024"}]},{"@type":"WebSite","@id":"https:\/\/www.porta-mallorquina.de\/blog\/#website","url":"https:\/\/www.porta-mallorquina.de\/blog\/","name":"Porta Mallorquina Blog","description":"Mehr als Mallorca Immobilien","publisher":{"@id":"https:\/\/www.porta-mallorquina.de\/blog\/#organization"},"potentialAction":[{"@type":"SearchAction","target":{"@type":"EntryPoint","urlTemplate":"https:\/\/www.porta-mallorquina.de\/blog\/?s={search_term_string}"},"query-input":{"@type":"PropertyValueSpecification","valueRequired":true,"valueName":"search_term_string"}}],"inLanguage":"de"},{"@type":"Organization","@id":"https:\/\/www.porta-mallorquina.de\/blog\/#organization","name":"Porta Mallorquina Blog","url":"https:\/\/www.porta-mallorquina.de\/blog\/","logo":{"@type":"ImageObject","inLanguage":"de","@id":"https:\/\/www.porta-mallorquina.de\/blog\/#\/schema\/logo\/image\/","url":"https:\/\/www.porta-mallorquina.de\/blog\/mallorca\/porta-mallorquina-real-estate-mallorca-logo.png","contentUrl":"https:\/\/www.porta-mallorquina.de\/blog\/mallorca\/porta-mallorquina-real-estate-mallorca-logo.png","width":570,"height":400,"caption":"Porta Mallorquina Blog"},"image":{"@id":"https:\/\/www.porta-mallorquina.de\/blog\/#\/schema\/logo\/image\/"}},{"@type":"Person","@id":"https:\/\/www.porta-mallorquina.de\/blog\/#\/schema\/person\/0b62d90dc6962d6e6eb377d955178fc3","name":"Ulrike Eschenbecher","url":"https:\/\/www.porta-mallorquina.de\/blog\/author\/eschenbecher\/"}]}},"_links":{"self":[{"href":"https:\/\/www.porta-mallorquina.de\/blog\/wp-json\/wp\/v2\/posts\/3279","targetHints":{"allow":["GET"]}}],"collection":[{"href":"https:\/\/www.porta-mallorquina.de\/blog\/wp-json\/wp\/v2\/posts"}],"about":[{"href":"https:\/\/www.porta-mallorquina.de\/blog\/wp-json\/wp\/v2\/types\/post"}],"author":[{"embeddable":true,"href":"https:\/\/www.porta-mallorquina.de\/blog\/wp-json\/wp\/v2\/users\/5"}],"replies":[{"embeddable":true,"href":"https:\/\/www.porta-mallorquina.de\/blog\/wp-json\/wp\/v2\/comments?post=3279"}],"version-history":[{"count":8,"href":"https:\/\/www.porta-mallorquina.de\/blog\/wp-json\/wp\/v2\/posts\/3279\/revisions"}],"predecessor-version":[{"id":6450,"href":"https:\/\/www.porta-mallorquina.de\/blog\/wp-json\/wp\/v2\/posts\/3279\/revisions\/6450"}],"wp:featuredmedia":[{"embeddable":true,"href":"https:\/\/www.porta-mallorquina.de\/blog\/wp-json\/wp\/v2\/media\/6024"}],"wp:attachment":[{"href":"https:\/\/www.porta-mallorquina.de\/blog\/wp-json\/wp\/v2\/media?parent=3279"}],"wp:term":[{"taxonomy":"category","embeddable":true,"href":"https:\/\/www.porta-mallorquina.de\/blog\/wp-json\/wp\/v2\/categories?post=3279"},{"taxonomy":"post_tag","embeddable":true,"href":"https:\/\/www.porta-mallorquina.de\/blog\/wp-json\/wp\/v2\/tags?post=3279"}],"curies":[{"name":"wp","href":"https:\/\/api.w.org\/{rel}","templated":true}]}}