{"id":3312,"date":"2015-10-20T18:31:21","date_gmt":"2015-10-20T16:31:21","guid":{"rendered":"http:\/\/www.porta-mallorquina.de\/blog\/?p=3312"},"modified":"2015-10-26T19:51:11","modified_gmt":"2015-10-26T17:51:11","slug":"palma-marathon-2015","status":"publish","type":"post","link":"https:\/\/www.porta-mallorquina.de\/blog\/palma-marathon-2015\/","title":{"rendered":"Palma Marathon 2015 \u2013 das Porta Mallorquina Team startet durch!"},"content":{"rendered":"<p>Auch dieses Jahr war der <strong>Mallorca-Marathon<\/strong> am 18.10. wieder ein gro\u00dfes Spektakel. Vor allem f\u00fcr das sportlich veranlagte <strong>Team von Porta Mallorquina<\/strong>: zw\u00f6lf Mitarbeiter, einschlie\u00dflich Familie, Kunden und Freunde rannten mit den Porta Mallorquina Trikots und zwar allesamt ziemlich schnell.<\/p>\n<div id=\"attachment_6175\" class=\"wp-caption aligncenter\" style=\"width: 600px\"><img loading=\"lazy\" decoding=\"async\" class=\"wp-image-6175 size-full\" title=\"Palma Marathon\" src=\"https:\/\/www.porta-mallorquina.de\/blog\/mallorca\/MD001704-e1445333237124.jpg\" alt=\"Das Porta Mallorquina Team beim Palma Marathon 2015\" width=\"600\" height=\"450\" \/><\/p>\n<p class=\"wp-caption-text\">Das Porta Mallorquina Team beim Palma Marathon 2015<\/p>\n<\/div>\n<h2><span id=\"ein-effizientes-team\">Ein effizientes Team<\/span><\/h2>\n<p>\u201eSo eine gro\u00dfe Gruppe waren wir im letzten Jahr nicht\u201c, berichtet <strong>John van Eenennaam<\/strong> aus dem B\u00fcro Santa Ponsa, der den Halbmarathon (21 KM) lief. Der Porta Mallorquina Franchisepartner S\u00fcdwest konnte seine Kolleginnen motivieren: <strong>Ursula Gassner<\/strong> lief ebenfalls mit gro\u00dfem Erfolg den Halbmarathon und <strong>Miriam Krafzcyk<\/strong> und <strong>Natalie de la Piedra<\/strong> starteten beim 10 KM-Lauf durch. Somit ging fast das komplette Team von Porta Mallorquina B\u00fcro Santa Ponsa an den Start.<\/p>\n<p>Aus dem B\u00fcro Pollensa lief <strong>Stephan Hoffmann<\/strong> die 10 Kilometer-Strecke und <strong>Marleen van Assche<\/strong> setzte beim 10 KM Nordic-Walking-Lauf ihre St\u00f6cke ein. Auch John van Eenennaams Frau <strong>Magdalena<\/strong> und deren Schwester <strong>Ana Sanchez<\/strong> waren beim Nordic Walking mit von der Partie.<\/p>\n<div id=\"attachment_6176\" class=\"wp-caption aligncenter\" style=\"width: 600px\"><img loading=\"lazy\" decoding=\"async\" class=\"size-full wp-image-6176\" src=\"https:\/\/www.porta-mallorquina.de\/blog\/mallorca\/MD001709-e1445333657610.jpg\" alt=\"Stephan Hofmann und Marleen van Assche, B\u00fcroPollensa zusammen mit Pascal Heber und Martin Wenskus, B\u00fcro Santany\u00ec (v.l.n.r.).\" width=\"600\" height=\"450\" \/><\/p>\n<p class=\"wp-caption-text\">Stephan Hofmann und Marleen van Assche, B\u00fcroPollensa zusammen mit Pascal Heber und Martin Wenskus, B\u00fcro Santany\u00ec (v.l.n.r.).<\/p>\n<\/div>\n<p>Vom B\u00fcro Santany\u00ed absolvierte Franchisepartner <strong>Martin Wenskus<\/strong> mit seinem Kollegen <strong>Pascal Heber<\/strong> die 10 Kilometer-Strecke. Au\u00dferdem waren noch die Kunden und Freunde <strong>Olaf Pfeifer<\/strong> und <strong>\u201eW\u00fcrti\u201c<\/strong> mit dem Firmentrikot bei den 10 Kilometern dabei.<\/p>\n<h2><span id=\"gebte-und-ungebte-lufer\">Ge\u00fcbte und unge\u00fcbte L\u00e4ufer<\/span><\/h2>\n<p>Das gesamte Team war bestens gelaunt, begeistert von der tollen Stimmung und gut in Form: Am Schluss war jeder war mit seinem Ergebnis gl\u00fccklich.<br \/>\nUnter den Porta-Mallorquina-Sportlern waren erfahrene L\u00e4ufer wie John, der bereits seit ein paar Jahren Marathon l\u00e4uft:<\/p>\n<blockquote>\n<p>\u201eMit 1:46 war ich zwar etwas langsamer als geplant, aber ich bin trotzdem zufrieden. Durch den H\u00f6henunterschied in der Stadt war es etwas schwieriger als sonst. Und es war auch sehr warm.\u201c<\/p>\n<\/blockquote>\n<p>Erstmalig verlief der Marathon nicht wie in den Jahren zuvor an der K\u00fcste von Palma entlang, sondern nur relativ kurz am <strong>Paseo Mar\u00edtimo<\/strong> und dann quer durch die f\u00fcr den Verkehr gesperrte Innenstadt. Und tats\u00e4chlich war es bei strahlendem Sonnenschein und bis zu 26 Grad ordentlich hei\u00df.<\/p>\n<div id=\"attachment_6181\" class=\"wp-caption aligncenter\" style=\"width: 600px\"><img loading=\"lazy\" decoding=\"async\" class=\"size-full wp-image-6181\" src=\"https:\/\/www.porta-mallorquina.de\/blog\/mallorca\/MD001744-e1445333932241.jpg\" alt=\"Martin Wenskus, John van Eenennaam und Pascal Heber (v.ln.r.) stolz und gl\u00fccklich nach dem Lauf.\" width=\"600\" height=\"450\" \/><\/p>\n<p class=\"wp-caption-text\">Martin Wenskus, John van Eenennaam und Pascal Heber (v.ln.r.) stolz und gl\u00fccklich nach dem Lauf.<\/p>\n<\/div>\n<p>Zurecht stolz konnte Pascal Heber aus Santany\u00ed sein:<\/p>\n<blockquote>\n<p>\u201eEs war mein erster Lauf, und daf\u00fcr war er sehr gut. Ich war mit 1:07 schneller als geplant und habe in der Schlu\u00dflinie noch mal ordentlich Gas gegeben.\u201c<\/p>\n<\/blockquote>\n<p>So auch sein Kollege aus dem S\u00fcdosten, Martin Wenskus, der mit seinem Ergebnis von 1:09 bei seinem ersten Marathon-Lauf ebenfalls sehr zufrieden war: \u201eObwohl der Berg nach f\u00fcnf Kilometern wirklich nicht ohne war\u201c. Was auch Natalie de la Piedra best\u00e4tigte, die mit einer Zeit von 1:29 und \u201eeigentlich so gut wie untrainiert\u201c ebenfalls gut durchgekommen ist.<\/p>\n<p>Jedenfalls hatten alle strahlende Gesichter nach ihrem erfolgreichen Lauf, und im Team war man sich einig:<\/p>\n<blockquote>\n<p>\u201eToll, dass wir so eine gro\u00dfe Gruppe waren. So hat es viel mehr Spa\u00df gemacht, denn man trifft immer mal wieder jemanden zwischendurch. Und es ist stets noch einer hinter einem, das motiviert. Wir freuen uns schon auf n\u00e4chstes Jahr.\u201c<\/p>\n<\/blockquote>\n<h2><span id=\"ein-rennen-der-nationen\">Ein Rennen der Nationen<\/span><\/h2>\n<div id=\"attachment_6180\" class=\"wp-caption alignleft\" style=\"width: 250px\"><img loading=\"lazy\" decoding=\"async\" class=\"wp-image-6180\" src=\"https:\/\/www.porta-mallorquina.de\/blog\/mallorca\/MD001742-e1445333966875.jpg\" alt=\"Natalie de la Piedra und Kollegin Ursula Gassner (v.l.nr.) vom B\u00fcro Santa Ponsa.\" width=\"250\" height=\"333\" \/><\/p>\n<p class=\"wp-caption-text\">Natalie de la Piedra und Kollegin Ursula Gassner (v.l.nr.) vom B\u00fcro Santa Ponsa.<\/p>\n<\/div>\n<p>Der beliebte Wettkampf wurde in diesem Jahr \u00fcbrigens nicht wie sonst von der TUI organisiert, sondern stand als <strong>\u201ePalma de Mallorca Marathon\u201c<\/strong> erstmalig unter der Regie der Stadtverwaltung, mit dem neuen Design \u201ePassion for Runnnig\u201c.<\/p>\n<p>Insgesamt rannten am Sonntag <strong>9.500 Athleten<\/strong> durch Palma, was alle Erwartungen noch \u00fcbertraf. Mit 40 Prozent Frauen war fast die H\u00e4lfte weiblich; die \u00c4lteste von ihnen war 88 Jahre alt. Menschen aus rund <strong>48 Nationen<\/strong> nahmen teil, u.a. kamen L\u00e4ufer und L\u00e4uferinnen aus Australien, der Karibik und S\u00fcdamerika angereist. Besonders hoch war der Anteil der deutschen Sportler (45 %) und der Engl\u00e4nder (20%). Dabei feuerten Tausende von Schaulustigen die L\u00e4ufer geb\u00fchrend an.<\/p>\n<h2><span id=\"die-sieger-und-siegerinnen\">Die Sieger und Siegerinnen<\/span><\/h2>\n<p><strong>Sieger im Marathon<\/strong> wurden der <strong>Schweizer Manuel Wyss<\/strong> mit 2:43:38 und die <strong>Mallorquinerin Sebastiana Llabr\u00e9s<\/strong> mit 2:59:18. Den <strong>Halbmarathon<\/strong> gewannen zwei Briten: <strong>Emma Neil<\/strong> mit 1:26:03 f\u00fcr die Frauen und <strong>Robert Danson<\/strong> mit 1:12:23 f\u00fcr die M\u00e4nner. Bei den <strong>10 Kilometern<\/strong> waren die Spanierin <strong>Isabel Mac\u00edas<\/strong> mit 39:18 und der Spanier <strong>Hugo Rodr\u00edguez<\/strong> mit 34:14 die Schnellsten.<\/p>\n","protected":false},"excerpt":{"rendered":"<p>Auch dieses Jahr war der Mallorca-Marathon am 18.10. wieder ein gro\u00dfes Spektakel. Vor allem f\u00fcr das sportlich veranlagte Team von Porta Mallorquina: zw\u00f6lf Mitarbeiter, einschlie\u00dflich Familie, Kunden und Freunde rannten mit den Porta Mallorquina Trikots und zwar allesamt ziemlich schnell. Das Porta Mallorquina Team beim Palma Marathon 2015 Ein effizientes Team \u201eSo eine gro\u00dfe Gruppe [&hellip;]<\/p>\n","protected":false},"author":10,"featured_media":0,"comment_status":"open","ping_status":"open","sticky":false,"template":"","format":"standard","meta":{"footnotes":""},"categories":[3,40],"tags":[],"class_list":["post-3312","post","type-post","status-publish","format-standard","hentry","category-mallorca","category-palma-de-mallorca"],"yoast_head":"<!-- This site is optimized with the Yoast SEO plugin v27.2 - https:\/\/yoast.com\/product\/yoast-seo-wordpress\/ -->\n<title>Palma Marathon 2015: das Porta Mallorquina Team startet durch<\/title>\n<meta name=\"description\" content=\"Der Mallorca Marathon 2015 war wieder ein gro\u00dfes Spektakel. \u00dcber 9.000 L\u00e4ufer aus 48 L\u00e4ndern trafen sich in Palma de Mallorca. Bettina Neumann war vor Ort.\" \/>\n<meta name=\"robots\" content=\"index, follow, max-snippet:-1, max-image-preview:large, max-video-preview:-1\" \/>\n<link rel=\"canonical\" href=\"https:\/\/www.porta-mallorquina.de\/blog\/palma-marathon-2015\/\" \/>\n<meta property=\"og:locale\" content=\"de_DE\" \/>\n<meta property=\"og:type\" content=\"article\" \/>\n<meta property=\"og:title\" content=\"Palma Marathon 2015: das Porta Mallorquina Team startet durch\" \/>\n<meta property=\"og:description\" content=\"Der Mallorca Marathon 2015 war wieder ein gro\u00dfes Spektakel. \u00dcber 9.000 L\u00e4ufer aus 48 L\u00e4ndern trafen sich in Palma de Mallorca. Bettina Neumann war vor Ort.\" \/>\n<meta property=\"og:url\" content=\"https:\/\/www.porta-mallorquina.de\/blog\/palma-marathon-2015\/\" \/>\n<meta property=\"og:site_name\" content=\"Porta Mallorquina Blog\" \/>\n<meta property=\"article:published_time\" content=\"2015-10-20T16:31:21+00:00\" \/>\n<meta property=\"article:modified_time\" content=\"2015-10-26T17:51:11+00:00\" \/>\n<meta property=\"og:image\" content=\"https:\/\/www.porta-mallorquina.de\/blog\/mallorca\/MD001704-e1445333237124.jpg\" \/>\n<meta name=\"author\" content=\"Bettina Neumann\" \/>\n<meta name=\"twitter:card\" content=\"summary_large_image\" \/>\n<meta name=\"twitter:label1\" content=\"Verfasst von\" \/>\n\t<meta name=\"twitter:data1\" content=\"Bettina Neumann\" \/>\n\t<meta name=\"twitter:label2\" content=\"Gesch\u00e4tzte Lesezeit\" \/>\n\t<meta name=\"twitter:data2\" content=\"4\u00a0Minuten\" \/>\n<script type=\"application\/ld+json\" class=\"yoast-schema-graph\">{\"@context\":\"https:\/\/schema.org\",\"@graph\":[{\"@type\":\"Article\",\"@id\":\"https:\/\/www.porta-mallorquina.de\/blog\/palma-marathon-2015\/#article\",\"isPartOf\":{\"@id\":\"https:\/\/www.porta-mallorquina.de\/blog\/palma-marathon-2015\/\"},\"author\":{\"name\":\"Bettina Neumann\",\"@id\":\"https:\/\/www.porta-mallorquina.de\/blog\/#\/schema\/person\/f8410ea226e70429938c3f8c8e055cc2\"},\"headline\":\"Palma Marathon 2015 \u2013 das Porta Mallorquina Team startet durch!\",\"datePublished\":\"2015-10-20T16:31:21+00:00\",\"dateModified\":\"2015-10-26T17:51:11+00:00\",\"mainEntityOfPage\":{\"@id\":\"https:\/\/www.porta-mallorquina.de\/blog\/palma-marathon-2015\/\"},\"wordCount\":723,\"commentCount\":0,\"publisher\":{\"@id\":\"https:\/\/www.porta-mallorquina.de\/blog\/#organization\"},\"image\":{\"@id\":\"https:\/\/www.porta-mallorquina.de\/blog\/palma-marathon-2015\/#primaryimage\"},\"thumbnailUrl\":\"https:\/\/www.porta-mallorquina.de\/blog\/mallorca\/MD001704-e1445333237124.jpg\",\"articleSection\":[\"Mallorca\",\"Palma de Mallorca\"],\"inLanguage\":\"de\",\"potentialAction\":[{\"@type\":\"CommentAction\",\"name\":\"Comment\",\"target\":[\"https:\/\/www.porta-mallorquina.de\/blog\/palma-marathon-2015\/#respond\"]}]},{\"@type\":\"WebPage\",\"@id\":\"https:\/\/www.porta-mallorquina.de\/blog\/palma-marathon-2015\/\",\"url\":\"https:\/\/www.porta-mallorquina.de\/blog\/palma-marathon-2015\/\",\"name\":\"Palma Marathon 2015: das Porta Mallorquina Team startet durch\",\"isPartOf\":{\"@id\":\"https:\/\/www.porta-mallorquina.de\/blog\/#website\"},\"primaryImageOfPage\":{\"@id\":\"https:\/\/www.porta-mallorquina.de\/blog\/palma-marathon-2015\/#primaryimage\"},\"image\":{\"@id\":\"https:\/\/www.porta-mallorquina.de\/blog\/palma-marathon-2015\/#primaryimage\"},\"thumbnailUrl\":\"https:\/\/www.porta-mallorquina.de\/blog\/mallorca\/MD001704-e1445333237124.jpg\",\"datePublished\":\"2015-10-20T16:31:21+00:00\",\"dateModified\":\"2015-10-26T17:51:11+00:00\",\"description\":\"Der Mallorca Marathon 2015 war wieder ein gro\u00dfes Spektakel. \u00dcber 9.000 L\u00e4ufer aus 48 L\u00e4ndern trafen sich in Palma de Mallorca. Bettina Neumann war vor Ort.\",\"breadcrumb\":{\"@id\":\"https:\/\/www.porta-mallorquina.de\/blog\/palma-marathon-2015\/#breadcrumb\"},\"inLanguage\":\"de\",\"potentialAction\":[{\"@type\":\"ReadAction\",\"target\":[\"https:\/\/www.porta-mallorquina.de\/blog\/palma-marathon-2015\/\"]}]},{\"@type\":\"ImageObject\",\"inLanguage\":\"de\",\"@id\":\"https:\/\/www.porta-mallorquina.de\/blog\/palma-marathon-2015\/#primaryimage\",\"url\":\"https:\/\/www.porta-mallorquina.de\/blog\/mallorca\/MD001704-e1445333237124.jpg\",\"contentUrl\":\"https:\/\/www.porta-mallorquina.de\/blog\/mallorca\/MD001704-e1445333237124.jpg\"},{\"@type\":\"BreadcrumbList\",\"@id\":\"https:\/\/www.porta-mallorquina.de\/blog\/palma-marathon-2015\/#breadcrumb\",\"itemListElement\":[{\"@type\":\"ListItem\",\"position\":1,\"name\":\"Startseite\",\"item\":\"https:\/\/www.porta-mallorquina.de\/blog\/\"},{\"@type\":\"ListItem\",\"position\":2,\"name\":\"Palma Marathon 2015 \u2013 das Porta Mallorquina Team startet durch!\"}]},{\"@type\":\"WebSite\",\"@id\":\"https:\/\/www.porta-mallorquina.de\/blog\/#website\",\"url\":\"https:\/\/www.porta-mallorquina.de\/blog\/\",\"name\":\"Porta Mallorquina Blog\",\"description\":\"Mehr als Mallorca Immobilien\",\"publisher\":{\"@id\":\"https:\/\/www.porta-mallorquina.de\/blog\/#organization\"},\"potentialAction\":[{\"@type\":\"SearchAction\",\"target\":{\"@type\":\"EntryPoint\",\"urlTemplate\":\"https:\/\/www.porta-mallorquina.de\/blog\/?s={search_term_string}\"},\"query-input\":{\"@type\":\"PropertyValueSpecification\",\"valueRequired\":true,\"valueName\":\"search_term_string\"}}],\"inLanguage\":\"de\"},{\"@type\":\"Organization\",\"@id\":\"https:\/\/www.porta-mallorquina.de\/blog\/#organization\",\"name\":\"Porta Mallorquina Blog\",\"url\":\"https:\/\/www.porta-mallorquina.de\/blog\/\",\"logo\":{\"@type\":\"ImageObject\",\"inLanguage\":\"de\",\"@id\":\"https:\/\/www.porta-mallorquina.de\/blog\/#\/schema\/logo\/image\/\",\"url\":\"https:\/\/www.porta-mallorquina.de\/blog\/mallorca\/porta-mallorquina-real-estate-mallorca-logo.png\",\"contentUrl\":\"https:\/\/www.porta-mallorquina.de\/blog\/mallorca\/porta-mallorquina-real-estate-mallorca-logo.png\",\"width\":570,\"height\":400,\"caption\":\"Porta Mallorquina Blog\"},\"image\":{\"@id\":\"https:\/\/www.porta-mallorquina.de\/blog\/#\/schema\/logo\/image\/\"}},{\"@type\":\"Person\",\"@id\":\"https:\/\/www.porta-mallorquina.de\/blog\/#\/schema\/person\/f8410ea226e70429938c3f8c8e055cc2\",\"name\":\"Bettina Neumann\",\"url\":\"https:\/\/www.porta-mallorquina.de\/blog\/author\/bettina-neumann\/\"}]}<\/script>\n<!-- \/ Yoast SEO plugin. -->","yoast_head_json":{"title":"Palma Marathon 2015: das Porta Mallorquina Team startet durch","description":"Der Mallorca Marathon 2015 war wieder ein gro\u00dfes Spektakel. \u00dcber 9.000 L\u00e4ufer aus 48 L\u00e4ndern trafen sich in Palma de Mallorca. Bettina Neumann war vor Ort.","robots":{"index":"index","follow":"follow","max-snippet":"max-snippet:-1","max-image-preview":"max-image-preview:large","max-video-preview":"max-video-preview:-1"},"canonical":"https:\/\/www.porta-mallorquina.de\/blog\/palma-marathon-2015\/","og_locale":"de_DE","og_type":"article","og_title":"Palma Marathon 2015: das Porta Mallorquina Team startet durch","og_description":"Der Mallorca Marathon 2015 war wieder ein gro\u00dfes Spektakel. \u00dcber 9.000 L\u00e4ufer aus 48 L\u00e4ndern trafen sich in Palma de Mallorca. Bettina Neumann war vor Ort.","og_url":"https:\/\/www.porta-mallorquina.de\/blog\/palma-marathon-2015\/","og_site_name":"Porta Mallorquina Blog","article_published_time":"2015-10-20T16:31:21+00:00","article_modified_time":"2015-10-26T17:51:11+00:00","og_image":[{"url":"https:\/\/www.porta-mallorquina.de\/blog\/mallorca\/MD001704-e1445333237124.jpg","type":"","width":"","height":""}],"author":"Bettina Neumann","twitter_card":"summary_large_image","twitter_misc":{"Verfasst von":"Bettina Neumann","Gesch\u00e4tzte Lesezeit":"4\u00a0Minuten"},"schema":{"@context":"https:\/\/schema.org","@graph":[{"@type":"Article","@id":"https:\/\/www.porta-mallorquina.de\/blog\/palma-marathon-2015\/#article","isPartOf":{"@id":"https:\/\/www.porta-mallorquina.de\/blog\/palma-marathon-2015\/"},"author":{"name":"Bettina Neumann","@id":"https:\/\/www.porta-mallorquina.de\/blog\/#\/schema\/person\/f8410ea226e70429938c3f8c8e055cc2"},"headline":"Palma Marathon 2015 \u2013 das Porta Mallorquina Team startet durch!","datePublished":"2015-10-20T16:31:21+00:00","dateModified":"2015-10-26T17:51:11+00:00","mainEntityOfPage":{"@id":"https:\/\/www.porta-mallorquina.de\/blog\/palma-marathon-2015\/"},"wordCount":723,"commentCount":0,"publisher":{"@id":"https:\/\/www.porta-mallorquina.de\/blog\/#organization"},"image":{"@id":"https:\/\/www.porta-mallorquina.de\/blog\/palma-marathon-2015\/#primaryimage"},"thumbnailUrl":"https:\/\/www.porta-mallorquina.de\/blog\/mallorca\/MD001704-e1445333237124.jpg","articleSection":["Mallorca","Palma de Mallorca"],"inLanguage":"de","potentialAction":[{"@type":"CommentAction","name":"Comment","target":["https:\/\/www.porta-mallorquina.de\/blog\/palma-marathon-2015\/#respond"]}]},{"@type":"WebPage","@id":"https:\/\/www.porta-mallorquina.de\/blog\/palma-marathon-2015\/","url":"https:\/\/www.porta-mallorquina.de\/blog\/palma-marathon-2015\/","name":"Palma Marathon 2015: das Porta Mallorquina Team startet durch","isPartOf":{"@id":"https:\/\/www.porta-mallorquina.de\/blog\/#website"},"primaryImageOfPage":{"@id":"https:\/\/www.porta-mallorquina.de\/blog\/palma-marathon-2015\/#primaryimage"},"image":{"@id":"https:\/\/www.porta-mallorquina.de\/blog\/palma-marathon-2015\/#primaryimage"},"thumbnailUrl":"https:\/\/www.porta-mallorquina.de\/blog\/mallorca\/MD001704-e1445333237124.jpg","datePublished":"2015-10-20T16:31:21+00:00","dateModified":"2015-10-26T17:51:11+00:00","description":"Der Mallorca Marathon 2015 war wieder ein gro\u00dfes Spektakel. \u00dcber 9.000 L\u00e4ufer aus 48 L\u00e4ndern trafen sich in Palma de Mallorca. Bettina Neumann war vor Ort.","breadcrumb":{"@id":"https:\/\/www.porta-mallorquina.de\/blog\/palma-marathon-2015\/#breadcrumb"},"inLanguage":"de","potentialAction":[{"@type":"ReadAction","target":["https:\/\/www.porta-mallorquina.de\/blog\/palma-marathon-2015\/"]}]},{"@type":"ImageObject","inLanguage":"de","@id":"https:\/\/www.porta-mallorquina.de\/blog\/palma-marathon-2015\/#primaryimage","url":"https:\/\/www.porta-mallorquina.de\/blog\/mallorca\/MD001704-e1445333237124.jpg","contentUrl":"https:\/\/www.porta-mallorquina.de\/blog\/mallorca\/MD001704-e1445333237124.jpg"},{"@type":"BreadcrumbList","@id":"https:\/\/www.porta-mallorquina.de\/blog\/palma-marathon-2015\/#breadcrumb","itemListElement":[{"@type":"ListItem","position":1,"name":"Startseite","item":"https:\/\/www.porta-mallorquina.de\/blog\/"},{"@type":"ListItem","position":2,"name":"Palma Marathon 2015 \u2013 das Porta Mallorquina Team startet durch!"}]},{"@type":"WebSite","@id":"https:\/\/www.porta-mallorquina.de\/blog\/#website","url":"https:\/\/www.porta-mallorquina.de\/blog\/","name":"Porta Mallorquina Blog","description":"Mehr als Mallorca Immobilien","publisher":{"@id":"https:\/\/www.porta-mallorquina.de\/blog\/#organization"},"potentialAction":[{"@type":"SearchAction","target":{"@type":"EntryPoint","urlTemplate":"https:\/\/www.porta-mallorquina.de\/blog\/?s={search_term_string}"},"query-input":{"@type":"PropertyValueSpecification","valueRequired":true,"valueName":"search_term_string"}}],"inLanguage":"de"},{"@type":"Organization","@id":"https:\/\/www.porta-mallorquina.de\/blog\/#organization","name":"Porta Mallorquina Blog","url":"https:\/\/www.porta-mallorquina.de\/blog\/","logo":{"@type":"ImageObject","inLanguage":"de","@id":"https:\/\/www.porta-mallorquina.de\/blog\/#\/schema\/logo\/image\/","url":"https:\/\/www.porta-mallorquina.de\/blog\/mallorca\/porta-mallorquina-real-estate-mallorca-logo.png","contentUrl":"https:\/\/www.porta-mallorquina.de\/blog\/mallorca\/porta-mallorquina-real-estate-mallorca-logo.png","width":570,"height":400,"caption":"Porta Mallorquina Blog"},"image":{"@id":"https:\/\/www.porta-mallorquina.de\/blog\/#\/schema\/logo\/image\/"}},{"@type":"Person","@id":"https:\/\/www.porta-mallorquina.de\/blog\/#\/schema\/person\/f8410ea226e70429938c3f8c8e055cc2","name":"Bettina Neumann","url":"https:\/\/www.porta-mallorquina.de\/blog\/author\/bettina-neumann\/"}]}},"_links":{"self":[{"href":"https:\/\/www.porta-mallorquina.de\/blog\/wp-json\/wp\/v2\/posts\/3312","targetHints":{"allow":["GET"]}}],"collection":[{"href":"https:\/\/www.porta-mallorquina.de\/blog\/wp-json\/wp\/v2\/posts"}],"about":[{"href":"https:\/\/www.porta-mallorquina.de\/blog\/wp-json\/wp\/v2\/types\/post"}],"author":[{"embeddable":true,"href":"https:\/\/www.porta-mallorquina.de\/blog\/wp-json\/wp\/v2\/users\/10"}],"replies":[{"embeddable":true,"href":"https:\/\/www.porta-mallorquina.de\/blog\/wp-json\/wp\/v2\/comments?post=3312"}],"version-history":[{"count":2,"href":"https:\/\/www.porta-mallorquina.de\/blog\/wp-json\/wp\/v2\/posts\/3312\/revisions"}],"predecessor-version":[{"id":3314,"href":"https:\/\/www.porta-mallorquina.de\/blog\/wp-json\/wp\/v2\/posts\/3312\/revisions\/3314"}],"wp:attachment":[{"href":"https:\/\/www.porta-mallorquina.de\/blog\/wp-json\/wp\/v2\/media?parent=3312"}],"wp:term":[{"taxonomy":"category","embeddable":true,"href":"https:\/\/www.porta-mallorquina.de\/blog\/wp-json\/wp\/v2\/categories?post=3312"},{"taxonomy":"post_tag","embeddable":true,"href":"https:\/\/www.porta-mallorquina.de\/blog\/wp-json\/wp\/v2\/tags?post=3312"}],"curies":[{"name":"wp","href":"https:\/\/api.w.org\/{rel}","templated":true}]}}