{"id":3372,"date":"2013-04-10T13:03:27","date_gmt":"2013-04-10T11:03:27","guid":{"rendered":"http:\/\/www.porta-mallorquina.de\/blog\/?p=3372"},"modified":"2019-03-26T22:51:43","modified_gmt":"2019-03-26T20:51:43","slug":"landschaft-und-golf-auf-mallorca-glueckliche-harmonie-auf-dem-golfplatz-son-termens","status":"publish","type":"post","link":"https:\/\/www.porta-mallorquina.de\/blog\/landschaft-und-golf-auf-mallorca-glueckliche-harmonie-auf-dem-golfplatz-son-termens\/","title":{"rendered":"Gl\u00fcckliche Harmonie auf dem Golfplatz Son Termens auf Mallorca"},"content":{"rendered":"<p>\u201eSch\u00f6nes Spiel\u201c w\u00fcnsche ich Ihnen liebe Golffreunde und all denen, die diesen Sport lieben und ihn vielleicht sp\u00e4ter selber aus\u00fcben wollen. Nat\u00fcrlich k\u00f6nnen wir jetzt nur virtuell den Schl\u00e4ger schwingen, wenn wir \u00fcber den Platz gehen, aber ich hoffe, es macht Ihnen doch Spa\u00df, wenn sie sich im Geist wieder an das eine oder andere Loch erinnern, das Sie schon gespielt haben. F\u00fcr alle diejenigen, die noch nie diesen Platz betreten haben, m\u00f6chte ich Anregungen geben und Lust wecken, einmal hier die Eisen zu schwingen.<\/p>\n<div id=\"attachment_3479\" class=\"wp-caption alignright\" style=\"width: 600px;\">\n<p><img loading=\"lazy\" decoding=\"async\" class=\"alignright wp-image-3479\" title=\"Der Golfplatz Son Termens im S\u00fcdwesten Mallorcas z\u00e4hlt zu den Lieblingspl\u00e4tzen unseres Autors Dr. Wolfgang Hierl. \" src=\"https:\/\/www.porta-mallorquina.de\/blog\/mallorca\/golfplatz-son-termens.jpg\" alt=\"Golfplatz im S\u00fcdwesten Mallorcas\" width=\"600\" height=\"450\" \/><\/p>\n<p class=\"wp-caption-text\">Der Golfplatz Son Termens im S\u00fcdwesten Mallorcas z\u00e4hlt zu den Lieblingspl\u00e4tzen unseres Autors Dr. Wolfgang Hierl.<\/p>\n<\/div>\n<p>Bevor wir uns auf ein \u201eTee\u201c st\u00fcrzen k\u00f6nnen, will ich ihnen zuerst verraten, wie wir unsere Golfrunden angehen wollen. Es w\u00e4re v\u00f6llig witzlos, bei jedem Golfkurs der Reihe nach, die L\u00e4nge und das Handicap aufzuz\u00e4hlen. Das finden Sie auf jeder Golfkarte und im Internet, dazu brauchen Sie mich nicht. Ich will mit Ihnen einen ganz anderen Weg beschreiten und Ihnen zeigen, was mir an diesem Platz gef\u00e4llt, was mir weniger zusagt, welche Schwierigkeiten und welche Gen\u00fcsse er mir bereitet.<\/p>\n<p>Damit Sie meine pers\u00f6nlichen Vorlieben und Abneigungen besser verstehen k\u00f6nnen, darf ich mich kurz als Golfspieler vorstellen. Ich bin ein mittelm\u00e4\u00dfiger Spieler, der zufrieden ist, wenn er den Ball mit dem Driver 140 m einigerma\u00dfen gerade nach vorne bringt und bei der Ann\u00e4herung aus 50 m so ungef\u00e4hr auf\u2019s Gr\u00fcn kommt. So ist es, wenn es gut l\u00e4uft, dazwischen muss ich auch einmal f\u00fcr die \u201eLady\u201c ein Bierchen zahlen und am Wassergraben nach meinem B\u00e4llchen fischen. Damit wir aber einem <a title=\"Golf auf Mallorca\" href=\"https:\/\/www.porta-mallorquina.de\/blog\/golf-auf-mallorca\/\" target=\"_blank\" rel=\"noopener noreferrer\">Golfplatz<\/a> nicht nur aus der Perspektive eines Golf-Greenhorns zu betrachten haben, spielt mein Sohn, der ein \u201eSingle-Handicap\u201c hat, mit und erkl\u00e4rt, wie leicht oder schwer der Golfplatz f\u00fcr gute Golfer ist.<\/p>\n<h2><span id=\"der-golfplatz-son-termens\">Der Golfplatz Son Termens<\/span><\/h2>\n<div id=\"attachment_3482\" class=\"wp-caption alignright\" style=\"width: 300px;\">\n<p><img loading=\"lazy\" decoding=\"async\" class=\"alignright wp-image-3482\" title=\"W\u00e4hrend der Golfer auf dem Golfplatz Son Termes das Rough zu vermeiden sucht, sch\u00e4tzen es die halbwilden Ziegen sehr. \" src=\"https:\/\/www.porta-mallorquina.de\/blog\/mallorca\/son-termes-suedwesten-mallorca.jpg\" alt=\"W\u00e4hrend der Golfer auf dem Golfplatz Son Termes das Rough zu vermeiden sucht, sch\u00e4tzen es die halbwilden Ziegen sehr. \" width=\"300\" height=\"225\" \/><\/p>\n<p class=\"wp-caption-text\">W\u00e4hrend der Golfer auf dem Golfplatz Son Termes das Rough zu vermeiden sucht, sch\u00e4tzen es die halbwilden Ziegen sehr.<\/p>\n<\/div>\n<p>Beginnen wir mit einem meiner Lieblingspl\u00e4tze \u201eSohn Termens\u201c. Dies liegt vor allen daran, dass dieser Platz, wie kaum ein anderer, in die Landschaft integriert ist.<\/p>\n<p>Die Golfanlage geht auf ein possesio, ein gro\u00dfes Landwirtschaftsgut zur\u00fcck. <a title=\"Besuch beim Erzherzog Lluis Salvador\" href=\"https:\/\/www.porta-mallorquina.de\/blog\/mallorca-beruehmthei-erzherzog-lluis-salvador\/\">Erzherzog Ludwig Salvator<\/a> von \u00d6sterreich, der nat\u00fcrlich noch kein Golfspieler, aber daf\u00fcr der gr\u00f6\u00dfte natur- und kulturwissenschaftiche Kenner Mallorcas war, beschreibt \u201eSon Termens\u201c in seinem Monumentalwerk \u201eDie Balearen\u201c mit diesen S\u00e4tzen:<\/p>\n<blockquote><p>\u201eSon Termens liegt auf einem H\u00fcgel, der ohne ein Berg zu sein, die ganze Ebene bei den ersten Gebirgsausl\u00e4ufen dominiert, etwa neun Kilometer vor Palma\u201c.<\/p><\/blockquote>\n<p>In diese reizende H\u00fcgellandschaft hat der jetzige Gesch\u00e4ftsf\u00fchrer und Mitbesitzer Yos\u00e9 Rodriguez die 18 Golfl\u00f6cher integriert. Vom Charme des fr\u00fcheren Landgutes zeugen heute noch die vielen halbwilden Ziegen, die, wenn sich der Golftrubel gelegt hat, \u00fcber das Fairway hoppeln.<\/p>\n<h2><span id=\"auf-der-runde\">Auf der Runde<\/span><\/h2>\n<p>Aber greifen wir endlich zu unserem Driver und schlagen auf Tee 1 ab. Dieses Loch \u201eeins\u201c zeigt eigentlich schon beim ersten Abschlag die ganze Problematik des Golfplatzes von \u201eSon Termens\u201c. F\u00fcr einen guten Spieler ist es keine gro\u00dfe Kunst, ein Par zu spielen. Mit einer L\u00e4nge von 229 m von Gelb bergauf, ein gelungener Abschlag, eine sichere Ann\u00e4herung und ein Birdie oder zumindest ein Par ist sicher. F\u00fcr schw\u00e4chere Spieler (f\u00fcr blutige Anf\u00e4nger ist der Platz wegen der vielen Schluchten recht schwierig) schaut die Sache schon ganz anders aus. Zuerst muss eine \u201cbarranco,\u201c eine kleine Schlucht eines \u201etorrente\u201c eines ausgetrockneten Bachs, \u2013 ein mehr oder weniger gerader Schlag von ca. 60 m ist notwendig \u2013 \u00fcberwunden werden, um auf dem schmalen \u201cFairway\u201c landen zu k\u00f6nnen.<\/p>\n<p>Hat man dann schlie\u00dflich das \u201eGreen\u201c erreicht, muss man beim \u201ePutten\u201c, vor allem wenn es bergab geht, das \u201eGreen\u201c ist stark geneigt und sehr schnell, h\u00f6llisch aufpassen, sonst sagt der Ball \u201eGreen\u201c ade.<\/p>\n<div id=\"attachment_3480\" class=\"wp-caption alignleft\" style=\"width: 300px;\">\n<p><img loading=\"lazy\" decoding=\"async\" class=\"alignleft wp-image-3480\" title=\"Vor allem in den hei\u00dfen Sommermonaten empfiehlt sich f\u00fcr den h\u00fcgeligen Golfplatz von Son Termens ein Wagen. \" src=\"https:\/\/www.porta-mallorquina.de\/blog\/mallorca\/golfplatz-son-termes-mallorca.jpg\" alt=\"Golfplatz Mallorca\" width=\"300\" height=\"225\" \/><\/p>\n<p class=\"wp-caption-text\">Vor allem in den hei\u00dfen Sommermonaten empfiehlt sich f\u00fcr den h\u00fcgeligen Golfplatz von Son Termens ein Wagen.<\/p>\n<\/div>\n<p>Das zweite Loch, bei dem es links ins \u201eAus\u201c, rechts in die Steilwand geht, ist auch f\u00fcr gute Spieler nicht ganz einfach, obwohl es \u201enur\u201c Handicap 9 hat, weil man beim Abschlag die Fahne nicht sehen kann und das \u201eFairway\u201c sehr begrenzt ist.<\/p>\n<p>Der zweite oder auch dritte Schlag mit Ann\u00e4herung auf das Gr\u00fcn muss dann mit einem \u201eWedge\u201c oder Eisen \u201eNeun\u201c sitzen. Denn das Gr\u00fcn ist von vorne mit einer tiefen Schlucht und hinten mit einem ansehnlichen Bunker gesch\u00fctzt. Auch beim n\u00e4chsten Loch, bei dem man die Fahne nicht sieht, muss man beim Abschlag den Ball \u00fcber eine Vertiefung und einige B\u00fcsche wuchten. Das n\u00e4chste Loch, das jetzt wieder ein bisschen nach oben geht, beansprucht mit 334 Metern und Par 4 das schwerste zu sein. Aber f\u00fcr einen mittelm\u00e4\u00dfigen Spieler ist hier ein \u201eBogie\u201c ohne weiteres drin. Par zu spielen ist schwierig, da das \u201eFairway\u201c stellenweise nur 30 m breit und das \u201eGreen\u201c sehr h\u00e4ngig ist. Die n\u00e4chsten L\u00f6cher mit \u201ePar\u201c \u201eF\u00fcnf\u201c zuerst hinunter, dann hinauf, machen dem Golfer wegen der B\u00fcsche und der Gr\u00e4ben, wie es sich geh\u00f6rt, das Golfleben schwer.<\/p>\n<h2><span id=\"ab-dem-9-loch-gehts-bergauf\">Ab dem 9. Loch geht\u2019s bergauf<\/span><\/h2>\n<p>Dann kommt ein lustiges Loch \u201ePar 3\u201c. Hoch oben auf dem Abschlag schl\u00e4gt ein guter Golfer mit dem Eisen \u201eSieben\u201c 150 m und er landet auf dem \u201eGr\u00fcn\u201c. Hat man die ersten 9 L\u00f6cher einigerma\u00dfen gut \u00fcber die H\u00fcrden gebracht, sollte man es sich \u00fcberlegen, ob man es beim Weg nach oben den Bergziegen nachmachen oder eine \u201ecoche\u201c \u201eein W\u00e4gelchen\u201c nehmen soll. Denn von nun an, geht\u2019s bergauf in die H\u00f6he, zwar nicht so weit, bis zu den gelblichen Felsen im Hintergrund, \u00fcber die die Kleinadler ihre Kreise ziehen, aber steil wird\u2019s doch.<\/p>\n<p>Parallel zum Loch \u201eEins\u201c geht\u2019s nach oben in die Berge. Ein sehr leichtes (Handicap 13) aber doch recht spektakul\u00e4res Loch ist Nummer 12. Von oben \u00fcber eine 90 Meter lange Schlucht mit dem \u201eSiebener\u201c auf das \u201eGr\u00fcn\u201c, das ist das Erfolgsrezept. Dann kommt nach einem gewaltigen Aufstieg wieder ein anspruchsvolles Loch 12, das selbst f\u00fcr \u201eSingle-handicaper\u201c schwer mit \u201cPar\u201c zu spielen ist. Denn fast jeder Versuch mit einem Bombenabschlag die ca. 120 m entfernte, lang gezogene, mit B\u00e4umen einges\u00e4umte 100 m lange Schlucht zu \u00fcberwinden, scheitert fast immer.<\/p>\n<div id=\"attachment_3481\" class=\"wp-caption aligncenter\" style=\"width: 600px;\">\n<p><img loading=\"lazy\" decoding=\"async\" class=\"aligncenter wp-image-3481\" title=\"Der Abschlag auf Loch 18 ist das Highlight von Son Termens. \" src=\"https:\/\/www.porta-mallorquina.de\/blog\/mallorca\/son-termes-mallorca.jpg\" alt=\"Der Abschlag auf Loch 18 ist das Highlight von Son Termens. \" width=\"600\" height=\"450\" \/><\/p>\n<p class=\"wp-caption-text\">Der Abschlag auf Loch 18 ist das Highlight von Son Termens.<\/p>\n<\/div>\n<p>Also bescheiden sein, Ball vorlegen und dann \u00fcber die \u201ebarronca\u201c die gro\u00dfe Schlucht hinauf auf\u2019s \u201eGreen\u201c. Dann geht es noch einige L\u00f6cher tief hinunter und wieder weit hinauf und fast jeder verzogene Abschlag bedeutet, ab in den Abgrund. Aber dann ist er da, der Abschlag 18. <strong>Der Abschlag f\u00fcr den jeder Golfer meilenweit gehen wird.<\/strong> Hoch oben, nur noch ein Kleinadler ist h\u00f6her, in der Ferne schimmerndes Meer, die Kathedrale und das H\u00e4usermeer der \u201ecintat\u201c und unter mir 318 m entfernt \u201ehojo 18\u201c. Wie hoch oben wir sein m\u00fcssen, k\u00f6nnen Sie absch\u00e4tzen, wenn ich Ihnen erz\u00e4hle, dass mein Sohn einmal mit dem ersten Schlag auf\u2019s Gr\u00fcn kam. Ich schaff es nicht, aber stehe oben, schaue mich um, genie\u00dfe die Berge, das Meer und das Gr\u00fcn und haue drauf. Der Ball fliegt nach unten, dank der Schwerkraft schaff ich auch 200 Meter.<\/p>\n<div id=\"attachment_3478\" class=\"wp-caption alignright\" style=\"width: 300px;\">\n<p><img loading=\"lazy\" decoding=\"async\" class=\"alignright wp-image-3478\" title=\"Das Clubhaus von Son Termens, Mallorca.\" src=\"https:\/\/www.porta-mallorquina.de\/blog\/mallorca\/clubhaus-son-termes-mallorca.jpg\" alt=\"Das Clubhaus von Son Termens, Mallorca.\" width=\"300\" height=\"225\" \/><\/p>\n<p class=\"wp-caption-text\">Das Clubhaus von Son Termens, Mallorca.<\/p>\n<\/div>\n<p>Endlich geht\u2019s in\u2019s Clubhaus und oben auf der Terrasse z\u00e4hlen wir die Stableford-Punkte. H\u00e4tten mehr sein k\u00f6nnen, wenn\u2026\u2026 Aber das Bier und das saftige Clubsandwich und die herrliche Aussicht entsch\u00e4digen f\u00fcr den vergeigten Bunkerschlag, den versiebten Put und den verzogenen Abschlag. Man sollte sich doch an die eiserne Golfregel halten:<\/p>\n<blockquote><p>\u201eNur ein Loch, \u00fcber mehr spricht man nicht\u201c.<\/p><\/blockquote>\n<p>Aber \u00fcber den landschaftlich so ansprechenden und golftechnisch, mittelschweren Golfplatz darf man viel sprechen und vor allem laut loben.<\/p>\n<p>Weitere Informationen \u00fcber den Golfplatz Son Termens erhalten Sie unter <a title=\"www.golfsontermens.com\" href=\"http:\/\/www.golfsontermens.com\/\">www.golfsontermens.com<\/a>.<\/p>\n<h2><span id=\"weitere-golfpltze-auf-mallorca\">Weitere Golfpl\u00e4tze auf Mallorca:<\/span><\/h2>\n<ul>\n<li><a href=\"https:\/\/www.porta-mallorquina.de\/blog\/landschaft-und-golf-auf-mallorca-glueckliche-harmonie-auf-dem-golfplatz-son-termens\/\">Gl\u00fcckliche Harmonie auf dem Golfplatz Son Termens auf Mallorca<\/a><\/li>\n<li><a href=\"https:\/\/www.porta-mallorquina.de\/blog\/golfplatz-poniente-mit-blick-auf-das-tramuntanagebirge\/\">Golfplatz Poniente mit Blick auf das Tramuntanagebirge<\/a><\/li>\n<li><a href=\"https:\/\/www.porta-mallorquina.de\/blog\/golfspielgenuss-in-santa-ponsa-fuer-privat-und-jedermann\/\">Golfspielgenuss in Santa Ponsa f\u00fcr privat und jedermann<\/a><\/li>\n<li><a href=\"https:\/\/www.porta-mallorquina.de\/blog\/son-gual-grundungsmitglied-der-leading-golf-courses-of-spain\/\">Son Gual \u2013 Gr\u00fcndungsmitglied der \u201eLeading Golf Courses of Spain <\/a><\/li>\n<li><a href=\"https:\/\/www.porta-mallorquina.de\/blog\/golf-auf-mallorca\/\">Golf auf Mallorca \u2013 26 Golfpl\u00e4tze faszinieren Golfer weltweit<\/a><\/li>\n<\/ul>\n","protected":false},"excerpt":{"rendered":"<p>\u201eSch\u00f6nes Spiel\u201c w\u00fcnsche ich Ihnen liebe Golffreunde und all denen, die diesen Sport lieben und ihn vielleicht sp\u00e4ter selber aus\u00fcben wollen. Nat\u00fcrlich k\u00f6nnen wir jetzt nur virtuell den Schl\u00e4ger schwingen, wenn wir \u00fcber den Platz gehen, aber ich hoffe, es macht Ihnen doch Spa\u00df, wenn sie sich im Geist wieder an das eine oder andere [&hellip;]<\/p>\n","protected":false},"author":6,"featured_media":0,"comment_status":"open","ping_status":"open","sticky":false,"template":"","format":"standard","meta":{"footnotes":""},"categories":[39,3],"tags":[],"class_list":["post-3372","post","type-post","status-publish","format-standard","hentry","category-golf","category-mallorca"],"yoast_head":"<!-- This site is optimized with the Yoast SEO plugin v27.2 - https:\/\/yoast.com\/product\/yoast-seo-wordpress\/ -->\n<title>Gl\u00fcckliche Harmonie auf dem Golfplatz Son Termens auf Mallorca<\/title>\n<meta name=\"description\" content=\"Gl\u00fcckliche Harmonie auf dem Golfplatz Son Termens auf Mallorca. Lesen Sie hier \u00fcber einen meiner Lieblingsgolfpl\u00e4tze auf den Balearen.\" \/>\n<meta name=\"robots\" content=\"index, follow, max-snippet:-1, max-image-preview:large, max-video-preview:-1\" \/>\n<link rel=\"canonical\" href=\"https:\/\/www.porta-mallorquina.de\/blog\/landschaft-und-golf-auf-mallorca-glueckliche-harmonie-auf-dem-golfplatz-son-termens\/\" \/>\n<meta property=\"og:locale\" content=\"de_DE\" \/>\n<meta property=\"og:type\" content=\"article\" \/>\n<meta property=\"og:title\" content=\"Gl\u00fcckliche Harmonie auf dem Golfplatz Son Termens auf Mallorca\" \/>\n<meta property=\"og:description\" content=\"Gl\u00fcckliche Harmonie auf dem Golfplatz Son Termens auf Mallorca. Lesen Sie hier \u00fcber einen meiner Lieblingsgolfpl\u00e4tze auf den Balearen.\" \/>\n<meta property=\"og:url\" content=\"https:\/\/www.porta-mallorquina.de\/blog\/landschaft-und-golf-auf-mallorca-glueckliche-harmonie-auf-dem-golfplatz-son-termens\/\" \/>\n<meta property=\"og:site_name\" content=\"Porta Mallorquina Blog\" \/>\n<meta property=\"article:published_time\" content=\"2013-04-10T11:03:27+00:00\" \/>\n<meta property=\"article:modified_time\" content=\"2019-03-26T20:51:43+00:00\" \/>\n<meta property=\"og:image\" content=\"https:\/\/www.porta-mallorquina.de\/blog\/mallorca\/golfplatz-son-termens.jpg\" \/>\n<meta name=\"author\" content=\"Dr. Wolfgang Hierl\" \/>\n<meta name=\"twitter:card\" content=\"summary_large_image\" \/>\n<meta name=\"twitter:label1\" content=\"Verfasst von\" \/>\n\t<meta name=\"twitter:data1\" content=\"Dr. Wolfgang Hierl\" \/>\n\t<meta name=\"twitter:label2\" content=\"Gesch\u00e4tzte Lesezeit\" \/>\n\t<meta name=\"twitter:data2\" content=\"7\u00a0Minuten\" \/>\n<script type=\"application\/ld+json\" class=\"yoast-schema-graph\">{\"@context\":\"https:\/\/schema.org\",\"@graph\":[{\"@type\":\"Article\",\"@id\":\"https:\/\/www.porta-mallorquina.de\/blog\/landschaft-und-golf-auf-mallorca-glueckliche-harmonie-auf-dem-golfplatz-son-termens\/#article\",\"isPartOf\":{\"@id\":\"https:\/\/www.porta-mallorquina.de\/blog\/landschaft-und-golf-auf-mallorca-glueckliche-harmonie-auf-dem-golfplatz-son-termens\/\"},\"author\":{\"name\":\"Dr. Wolfgang Hierl\",\"@id\":\"https:\/\/www.porta-mallorquina.de\/blog\/#\/schema\/person\/51eb74d336cd58902284e420693cf840\"},\"headline\":\"Gl\u00fcckliche Harmonie auf dem Golfplatz Son Termens auf Mallorca\",\"datePublished\":\"2013-04-10T11:03:27+00:00\",\"dateModified\":\"2019-03-26T20:51:43+00:00\",\"mainEntityOfPage\":{\"@id\":\"https:\/\/www.porta-mallorquina.de\/blog\/landschaft-und-golf-auf-mallorca-glueckliche-harmonie-auf-dem-golfplatz-son-termens\/\"},\"wordCount\":1389,\"commentCount\":0,\"publisher\":{\"@id\":\"https:\/\/www.porta-mallorquina.de\/blog\/#organization\"},\"image\":{\"@id\":\"https:\/\/www.porta-mallorquina.de\/blog\/landschaft-und-golf-auf-mallorca-glueckliche-harmonie-auf-dem-golfplatz-son-termens\/#primaryimage\"},\"thumbnailUrl\":\"https:\/\/www.porta-mallorquina.de\/blog\/mallorca\/golfplatz-son-termens.jpg\",\"articleSection\":[\"Golf\",\"Mallorca\"],\"inLanguage\":\"de\",\"potentialAction\":[{\"@type\":\"CommentAction\",\"name\":\"Comment\",\"target\":[\"https:\/\/www.porta-mallorquina.de\/blog\/landschaft-und-golf-auf-mallorca-glueckliche-harmonie-auf-dem-golfplatz-son-termens\/#respond\"]}]},{\"@type\":\"WebPage\",\"@id\":\"https:\/\/www.porta-mallorquina.de\/blog\/landschaft-und-golf-auf-mallorca-glueckliche-harmonie-auf-dem-golfplatz-son-termens\/\",\"url\":\"https:\/\/www.porta-mallorquina.de\/blog\/landschaft-und-golf-auf-mallorca-glueckliche-harmonie-auf-dem-golfplatz-son-termens\/\",\"name\":\"Gl\u00fcckliche Harmonie auf dem Golfplatz Son Termens auf Mallorca\",\"isPartOf\":{\"@id\":\"https:\/\/www.porta-mallorquina.de\/blog\/#website\"},\"primaryImageOfPage\":{\"@id\":\"https:\/\/www.porta-mallorquina.de\/blog\/landschaft-und-golf-auf-mallorca-glueckliche-harmonie-auf-dem-golfplatz-son-termens\/#primaryimage\"},\"image\":{\"@id\":\"https:\/\/www.porta-mallorquina.de\/blog\/landschaft-und-golf-auf-mallorca-glueckliche-harmonie-auf-dem-golfplatz-son-termens\/#primaryimage\"},\"thumbnailUrl\":\"https:\/\/www.porta-mallorquina.de\/blog\/mallorca\/golfplatz-son-termens.jpg\",\"datePublished\":\"2013-04-10T11:03:27+00:00\",\"dateModified\":\"2019-03-26T20:51:43+00:00\",\"description\":\"Gl\u00fcckliche Harmonie auf dem Golfplatz Son Termens auf Mallorca. Lesen Sie hier \u00fcber einen meiner Lieblingsgolfpl\u00e4tze auf den Balearen.\",\"breadcrumb\":{\"@id\":\"https:\/\/www.porta-mallorquina.de\/blog\/landschaft-und-golf-auf-mallorca-glueckliche-harmonie-auf-dem-golfplatz-son-termens\/#breadcrumb\"},\"inLanguage\":\"de\",\"potentialAction\":[{\"@type\":\"ReadAction\",\"target\":[\"https:\/\/www.porta-mallorquina.de\/blog\/landschaft-und-golf-auf-mallorca-glueckliche-harmonie-auf-dem-golfplatz-son-termens\/\"]}]},{\"@type\":\"ImageObject\",\"inLanguage\":\"de\",\"@id\":\"https:\/\/www.porta-mallorquina.de\/blog\/landschaft-und-golf-auf-mallorca-glueckliche-harmonie-auf-dem-golfplatz-son-termens\/#primaryimage\",\"url\":\"https:\/\/www.porta-mallorquina.de\/blog\/mallorca\/golfplatz-son-termens.jpg\",\"contentUrl\":\"https:\/\/www.porta-mallorquina.de\/blog\/mallorca\/golfplatz-son-termens.jpg\"},{\"@type\":\"BreadcrumbList\",\"@id\":\"https:\/\/www.porta-mallorquina.de\/blog\/landschaft-und-golf-auf-mallorca-glueckliche-harmonie-auf-dem-golfplatz-son-termens\/#breadcrumb\",\"itemListElement\":[{\"@type\":\"ListItem\",\"position\":1,\"name\":\"Startseite\",\"item\":\"https:\/\/www.porta-mallorquina.de\/blog\/\"},{\"@type\":\"ListItem\",\"position\":2,\"name\":\"Gl\u00fcckliche Harmonie auf dem Golfplatz Son Termens auf Mallorca\"}]},{\"@type\":\"WebSite\",\"@id\":\"https:\/\/www.porta-mallorquina.de\/blog\/#website\",\"url\":\"https:\/\/www.porta-mallorquina.de\/blog\/\",\"name\":\"Porta Mallorquina Blog\",\"description\":\"Mehr als Mallorca Immobilien\",\"publisher\":{\"@id\":\"https:\/\/www.porta-mallorquina.de\/blog\/#organization\"},\"potentialAction\":[{\"@type\":\"SearchAction\",\"target\":{\"@type\":\"EntryPoint\",\"urlTemplate\":\"https:\/\/www.porta-mallorquina.de\/blog\/?s={search_term_string}\"},\"query-input\":{\"@type\":\"PropertyValueSpecification\",\"valueRequired\":true,\"valueName\":\"search_term_string\"}}],\"inLanguage\":\"de\"},{\"@type\":\"Organization\",\"@id\":\"https:\/\/www.porta-mallorquina.de\/blog\/#organization\",\"name\":\"Porta Mallorquina Blog\",\"url\":\"https:\/\/www.porta-mallorquina.de\/blog\/\",\"logo\":{\"@type\":\"ImageObject\",\"inLanguage\":\"de\",\"@id\":\"https:\/\/www.porta-mallorquina.de\/blog\/#\/schema\/logo\/image\/\",\"url\":\"https:\/\/www.porta-mallorquina.de\/blog\/mallorca\/porta-mallorquina-real-estate-mallorca-logo.png\",\"contentUrl\":\"https:\/\/www.porta-mallorquina.de\/blog\/mallorca\/porta-mallorquina-real-estate-mallorca-logo.png\",\"width\":570,\"height\":400,\"caption\":\"Porta Mallorquina Blog\"},\"image\":{\"@id\":\"https:\/\/www.porta-mallorquina.de\/blog\/#\/schema\/logo\/image\/\"}},{\"@type\":\"Person\",\"@id\":\"https:\/\/www.porta-mallorquina.de\/blog\/#\/schema\/person\/51eb74d336cd58902284e420693cf840\",\"name\":\"Dr. Wolfgang Hierl\",\"url\":\"https:\/\/www.porta-mallorquina.de\/blog\/author\/dr-wolfgang-hierl\/\"}]}<\/script>\n<!-- \/ Yoast SEO plugin. -->","yoast_head_json":{"title":"Gl\u00fcckliche Harmonie auf dem Golfplatz Son Termens auf Mallorca","description":"Gl\u00fcckliche Harmonie auf dem Golfplatz Son Termens auf Mallorca. Lesen Sie hier \u00fcber einen meiner Lieblingsgolfpl\u00e4tze auf den Balearen.","robots":{"index":"index","follow":"follow","max-snippet":"max-snippet:-1","max-image-preview":"max-image-preview:large","max-video-preview":"max-video-preview:-1"},"canonical":"https:\/\/www.porta-mallorquina.de\/blog\/landschaft-und-golf-auf-mallorca-glueckliche-harmonie-auf-dem-golfplatz-son-termens\/","og_locale":"de_DE","og_type":"article","og_title":"Gl\u00fcckliche Harmonie auf dem Golfplatz Son Termens auf Mallorca","og_description":"Gl\u00fcckliche Harmonie auf dem Golfplatz Son Termens auf Mallorca. Lesen Sie hier \u00fcber einen meiner Lieblingsgolfpl\u00e4tze auf den Balearen.","og_url":"https:\/\/www.porta-mallorquina.de\/blog\/landschaft-und-golf-auf-mallorca-glueckliche-harmonie-auf-dem-golfplatz-son-termens\/","og_site_name":"Porta Mallorquina Blog","article_published_time":"2013-04-10T11:03:27+00:00","article_modified_time":"2019-03-26T20:51:43+00:00","og_image":[{"url":"https:\/\/www.porta-mallorquina.de\/blog\/mallorca\/golfplatz-son-termens.jpg","type":"","width":"","height":""}],"author":"Dr. Wolfgang Hierl","twitter_card":"summary_large_image","twitter_misc":{"Verfasst von":"Dr. Wolfgang Hierl","Gesch\u00e4tzte Lesezeit":"7\u00a0Minuten"},"schema":{"@context":"https:\/\/schema.org","@graph":[{"@type":"Article","@id":"https:\/\/www.porta-mallorquina.de\/blog\/landschaft-und-golf-auf-mallorca-glueckliche-harmonie-auf-dem-golfplatz-son-termens\/#article","isPartOf":{"@id":"https:\/\/www.porta-mallorquina.de\/blog\/landschaft-und-golf-auf-mallorca-glueckliche-harmonie-auf-dem-golfplatz-son-termens\/"},"author":{"name":"Dr. Wolfgang Hierl","@id":"https:\/\/www.porta-mallorquina.de\/blog\/#\/schema\/person\/51eb74d336cd58902284e420693cf840"},"headline":"Gl\u00fcckliche Harmonie auf dem Golfplatz Son Termens auf Mallorca","datePublished":"2013-04-10T11:03:27+00:00","dateModified":"2019-03-26T20:51:43+00:00","mainEntityOfPage":{"@id":"https:\/\/www.porta-mallorquina.de\/blog\/landschaft-und-golf-auf-mallorca-glueckliche-harmonie-auf-dem-golfplatz-son-termens\/"},"wordCount":1389,"commentCount":0,"publisher":{"@id":"https:\/\/www.porta-mallorquina.de\/blog\/#organization"},"image":{"@id":"https:\/\/www.porta-mallorquina.de\/blog\/landschaft-und-golf-auf-mallorca-glueckliche-harmonie-auf-dem-golfplatz-son-termens\/#primaryimage"},"thumbnailUrl":"https:\/\/www.porta-mallorquina.de\/blog\/mallorca\/golfplatz-son-termens.jpg","articleSection":["Golf","Mallorca"],"inLanguage":"de","potentialAction":[{"@type":"CommentAction","name":"Comment","target":["https:\/\/www.porta-mallorquina.de\/blog\/landschaft-und-golf-auf-mallorca-glueckliche-harmonie-auf-dem-golfplatz-son-termens\/#respond"]}]},{"@type":"WebPage","@id":"https:\/\/www.porta-mallorquina.de\/blog\/landschaft-und-golf-auf-mallorca-glueckliche-harmonie-auf-dem-golfplatz-son-termens\/","url":"https:\/\/www.porta-mallorquina.de\/blog\/landschaft-und-golf-auf-mallorca-glueckliche-harmonie-auf-dem-golfplatz-son-termens\/","name":"Gl\u00fcckliche Harmonie auf dem Golfplatz Son Termens auf Mallorca","isPartOf":{"@id":"https:\/\/www.porta-mallorquina.de\/blog\/#website"},"primaryImageOfPage":{"@id":"https:\/\/www.porta-mallorquina.de\/blog\/landschaft-und-golf-auf-mallorca-glueckliche-harmonie-auf-dem-golfplatz-son-termens\/#primaryimage"},"image":{"@id":"https:\/\/www.porta-mallorquina.de\/blog\/landschaft-und-golf-auf-mallorca-glueckliche-harmonie-auf-dem-golfplatz-son-termens\/#primaryimage"},"thumbnailUrl":"https:\/\/www.porta-mallorquina.de\/blog\/mallorca\/golfplatz-son-termens.jpg","datePublished":"2013-04-10T11:03:27+00:00","dateModified":"2019-03-26T20:51:43+00:00","description":"Gl\u00fcckliche Harmonie auf dem Golfplatz Son Termens auf Mallorca. Lesen Sie hier \u00fcber einen meiner Lieblingsgolfpl\u00e4tze auf den Balearen.","breadcrumb":{"@id":"https:\/\/www.porta-mallorquina.de\/blog\/landschaft-und-golf-auf-mallorca-glueckliche-harmonie-auf-dem-golfplatz-son-termens\/#breadcrumb"},"inLanguage":"de","potentialAction":[{"@type":"ReadAction","target":["https:\/\/www.porta-mallorquina.de\/blog\/landschaft-und-golf-auf-mallorca-glueckliche-harmonie-auf-dem-golfplatz-son-termens\/"]}]},{"@type":"ImageObject","inLanguage":"de","@id":"https:\/\/www.porta-mallorquina.de\/blog\/landschaft-und-golf-auf-mallorca-glueckliche-harmonie-auf-dem-golfplatz-son-termens\/#primaryimage","url":"https:\/\/www.porta-mallorquina.de\/blog\/mallorca\/golfplatz-son-termens.jpg","contentUrl":"https:\/\/www.porta-mallorquina.de\/blog\/mallorca\/golfplatz-son-termens.jpg"},{"@type":"BreadcrumbList","@id":"https:\/\/www.porta-mallorquina.de\/blog\/landschaft-und-golf-auf-mallorca-glueckliche-harmonie-auf-dem-golfplatz-son-termens\/#breadcrumb","itemListElement":[{"@type":"ListItem","position":1,"name":"Startseite","item":"https:\/\/www.porta-mallorquina.de\/blog\/"},{"@type":"ListItem","position":2,"name":"Gl\u00fcckliche Harmonie auf dem Golfplatz Son Termens auf Mallorca"}]},{"@type":"WebSite","@id":"https:\/\/www.porta-mallorquina.de\/blog\/#website","url":"https:\/\/www.porta-mallorquina.de\/blog\/","name":"Porta Mallorquina Blog","description":"Mehr als Mallorca Immobilien","publisher":{"@id":"https:\/\/www.porta-mallorquina.de\/blog\/#organization"},"potentialAction":[{"@type":"SearchAction","target":{"@type":"EntryPoint","urlTemplate":"https:\/\/www.porta-mallorquina.de\/blog\/?s={search_term_string}"},"query-input":{"@type":"PropertyValueSpecification","valueRequired":true,"valueName":"search_term_string"}}],"inLanguage":"de"},{"@type":"Organization","@id":"https:\/\/www.porta-mallorquina.de\/blog\/#organization","name":"Porta Mallorquina Blog","url":"https:\/\/www.porta-mallorquina.de\/blog\/","logo":{"@type":"ImageObject","inLanguage":"de","@id":"https:\/\/www.porta-mallorquina.de\/blog\/#\/schema\/logo\/image\/","url":"https:\/\/www.porta-mallorquina.de\/blog\/mallorca\/porta-mallorquina-real-estate-mallorca-logo.png","contentUrl":"https:\/\/www.porta-mallorquina.de\/blog\/mallorca\/porta-mallorquina-real-estate-mallorca-logo.png","width":570,"height":400,"caption":"Porta Mallorquina Blog"},"image":{"@id":"https:\/\/www.porta-mallorquina.de\/blog\/#\/schema\/logo\/image\/"}},{"@type":"Person","@id":"https:\/\/www.porta-mallorquina.de\/blog\/#\/schema\/person\/51eb74d336cd58902284e420693cf840","name":"Dr. Wolfgang Hierl","url":"https:\/\/www.porta-mallorquina.de\/blog\/author\/dr-wolfgang-hierl\/"}]}},"_links":{"self":[{"href":"https:\/\/www.porta-mallorquina.de\/blog\/wp-json\/wp\/v2\/posts\/3372","targetHints":{"allow":["GET"]}}],"collection":[{"href":"https:\/\/www.porta-mallorquina.de\/blog\/wp-json\/wp\/v2\/posts"}],"about":[{"href":"https:\/\/www.porta-mallorquina.de\/blog\/wp-json\/wp\/v2\/types\/post"}],"author":[{"embeddable":true,"href":"https:\/\/www.porta-mallorquina.de\/blog\/wp-json\/wp\/v2\/users\/6"}],"replies":[{"embeddable":true,"href":"https:\/\/www.porta-mallorquina.de\/blog\/wp-json\/wp\/v2\/comments?post=3372"}],"version-history":[{"count":4,"href":"https:\/\/www.porta-mallorquina.de\/blog\/wp-json\/wp\/v2\/posts\/3372\/revisions"}],"predecessor-version":[{"id":5057,"href":"https:\/\/www.porta-mallorquina.de\/blog\/wp-json\/wp\/v2\/posts\/3372\/revisions\/5057"}],"wp:attachment":[{"href":"https:\/\/www.porta-mallorquina.de\/blog\/wp-json\/wp\/v2\/media?parent=3372"}],"wp:term":[{"taxonomy":"category","embeddable":true,"href":"https:\/\/www.porta-mallorquina.de\/blog\/wp-json\/wp\/v2\/categories?post=3372"},{"taxonomy":"post_tag","embeddable":true,"href":"https:\/\/www.porta-mallorquina.de\/blog\/wp-json\/wp\/v2\/tags?post=3372"}],"curies":[{"name":"wp","href":"https:\/\/api.w.org\/{rel}","templated":true}]}}