{"id":3380,"date":"2014-10-01T13:19:10","date_gmt":"2014-10-01T11:19:10","guid":{"rendered":"http:\/\/www.porta-mallorquina.de\/blog\/?p=3380"},"modified":"2019-03-26T22:34:27","modified_gmt":"2019-03-26T20:34:27","slug":"golf-neuigkeiten-aus-dem-suedwesten","status":"publish","type":"post","link":"https:\/\/www.porta-mallorquina.de\/blog\/golf-neuigkeiten-aus-dem-suedwesten\/","title":{"rendered":"Golf: Neuigkeiten aus dem S\u00fcdwesten"},"content":{"rendered":"<div id=\"attachment_5129\" class=\"wp-caption alignright\" style=\"width: 400px;\">\n<p><img loading=\"lazy\" decoding=\"async\" class=\"alignright wp-image-5129\" title=\"Real Golf de Bendinat mti neuen Greens\" src=\"https:\/\/www.porta-mallorquina.de\/blog\/mallorca\/Real-Golf-de-Bendinat_Southwest.jpg\" alt=\"Real Golf de Bendinat auf Mallorca\" width=\"400\" height=\"300\" \/><\/p>\n<p class=\"wp-caption-text\">Real Golf de Bendinat mit neuen Greens<\/p>\n<\/div>\n<p>Was gibt es Neues von den vier <strong>beliebten 18-Loch-Golfpl\u00e4tzen<\/strong> im <strong>S\u00fcdwesten<\/strong> der Insel \u2013 dem Real Golf Bendinat, dem Golf de Andratx, dem Golf de Poniente und dem Golf de Santa Ponsa?<\/p>\n<h2>Real Golf de Bendinat<\/h2>\n<p>Als einer der \u00e4ltesten und <strong>renommierten Golfpl\u00e4tze<\/strong> der Insel hat der Real Golf de Bendinat seine kompletten Greens erneuert. Zwei Monate \u2013 von Juli bis August \u2013 dauerten die <strong>Erneuerungsarbeiten<\/strong> an den 18 \u201ek\u00f6niglichen\u201c Greens. Seit Anfang September sind die T\u00fcren nun erneut ge\u00f6ffnet. Damit die Greens noch etwas geschont werden, startet die Turniersaison in Bendinat nach Auskunft bei der Clubleitung daher erst im November.<\/p>\n<h2>Die wichtigsten Termine f\u00fcr Golfer im S\u00fcdwesten<\/h2>\n<p>Wichtige Turniere stehen indes im Oktober im <strong>Golf de Andratx<\/strong> auf dem Kalender. Die Herbstsaison startet hier mit dem <strong>October Competitions Day<\/strong> am 2. Oktober. Am n\u00e4chsten Tag geht es bereits weiter mit einem Turnier, das sich gr\u00f6\u00dfter Beliebtheit erfreut: Am 3. und 4.10. wird in Camp de Mar die <strong>Mallorca Magazin Golftrophy<\/strong> ausgetragen.<\/p>\n<p>Wer noch teilnehmen m\u00f6chte, sollte sich beeilen, denn obwohl dieses Turnier von bisher einem auf nunmehr zwei Tage erweitert wurde, wird die Warteliste immer l\u00e4nger. Noch bis zum Freitag, den 3. 10., kann man sich bei Angabe der Kreditkartennummer unter info@golfdeandratx.com anmelden.<\/p>\n<p>Die Registrierung kostet pro Person 159 Euro. Ein gro\u00dfer Gala-Abend am 4.10. im Dorinth-Hotel mit Siegerehrung, Scorekarten-Tombola und spannenden Preisen ist inklusive. F\u00fcr das leibliche Golferwohl sorgen neben der Dorinth-K\u00fcche, sondern auch das Clubrestaurant vom Golf de Andratx \u201eCampino\u201c und das Restaurant \u201eTrist\u00e1n\u201c aus Puerto Portals als Partner des Mallorca Magazins.<\/p>\n<p>Der Turnierkalender des als \u201eDiva\u201c unter den Golfpl\u00e4tzen Mallorcas bekannten Golf de Andratx ist im Oktober bestens ausgelastet: Weiter geht es mit dem beliebten <strong>Ladies &amp; Men\u2019s Tournament <\/strong>am 9. 10., dem clubeigenen <strong>Camp de Mar Members &amp; Guests Cup<\/strong> am 16. 10. und dem Single Stableford Golf Cup am 23. 10. Am 1. November wird au\u00dferdem das Finale der <strong>Mein Schiff Golf Cups 2014<\/strong> mit gro\u00dfer Golf-Gala auf dem Golfplatz in Camp de Mar ausgetragen.<\/p>\n<p>Der s\u00fcdwestlichste Platz wartet noch mit einer Neuigkeit in Dingen Mode auf: Die erste <strong>Golfkollektion<\/strong> Holy Shot made by Stefan Kretschmar wird seit Ende Juli exklusiv im Golf de Andratx vertrieben. Schlie\u00dflich ist dieser Platz der Haus- und Hofplatz der ehemaligen Handball-Ikone. Kretschmar ist nur einer von diversen Prominenten, die sich gerne an Loch Nr. 6, dem \u201eGreen Monster\u201c, messen: Das ist nichts neues, aber immer wieder sch\u00f6n \u2013 mit einer L\u00e4nge von sagenhaften 609 Metern vom Herrenabschlag d\u00fcrfte dieser zu den l\u00e4ngsten Europas z\u00e4hlen. Ein Par oder gar Birdie zu spielen, d\u00fcrfte hier wohl nur echten Longhittern gelingen!<\/p>\n<div id=\"attachment_5132\" class=\"wp-caption aligncenter\" style=\"width: 400px;\">\n<p><img loading=\"lazy\" decoding=\"async\" class=\"aligncenter wp-image-5132 size-full\" title=\"Attraktiv wie eh und je- der Golfplatz Golf de Poniente\" src=\"https:\/\/www.porta-mallorquina.de\/blog\/mallorca\/golf-de-poniente1-e1412002904120.jpg\" alt=\"Attraktiv wie eh und je - der Golfplatz Golf de Poniente auf Mallorca\" width=\"400\" height=\"267\" \/>Attraktiv wie eh und je &#8211; der Golfplatz Golf de Poniente<\/p>\n<\/div>\n<h2>Neuigkeiten rund um Santa Ponsa und Golf de Poniente<\/h2>\n<p>Und die <a title=\"Golfspielgenuss in Santa Ponsa f\u00fcr privat und jedermann\" href=\"https:\/\/www.porta-mallorquina.de\/blog\/golfspielgenuss-in-santa-ponsa-fuer-privat-und-jedermann\/\">Golfpl\u00e4tze von Santa Ponsa<\/a>? Auf Platz I erwartet die Teilnehmer der <strong>II. Mallorca Greensomne Capman Trophy<\/strong> am 18. Oktober mit Loch Nr. 10 und seinen 590 Metern der wohl zweitl\u00e4ngste Abschlag. Und am 8. November wird in Santa Ponsa um die <strong>V. Golftrophy des Hotels Port Adriano <\/strong>gek\u00e4mpft. Wussten Sie, dass wer sich bei seinen Freunden damit br\u00fcsken m\u00f6chte, \u201eauf der ganzen Insel\u201c Golf gespielt zu haben, der braucht daf\u00fcr nur auf dem zweiten Platz in Santa Ponsa abzuschlagen? Das Abschlussgr\u00fcn besteht hier aus einer k\u00fcnstlichen Insel in Form der Insel Mallorca. Leider k\u00f6nnen davon nur die Clubmitglieder erz\u00e4hlen.<\/p>\n<p>Vom vierten Golfplatz im S\u00fcdwesten Mallorcas, dem <a title=\"Golfplatz Poniente mit Blick auf das Tramuntanagebirge\" href=\"https:\/\/www.porta-mallorquina.de\/blog\/golfplatz-poniente-mit-blick-auf-das-tramuntanagebirge\/\"><strong>Golf de Poniente<\/strong><\/a>, gibt es nichts wirklich Neues zu berichten. Er ist einfach nur nach wie vor einer der beliebtesten Greenfee-Pl\u00e4tze der Insel mit einer tierischen Kuriosit\u00e4t: Rund 50 wilde H\u00fchner leben derzeit auf der 160 Hektar gro\u00dfen Finca, die meisten von ihnen gackern, glucksen und picken um das elegante Clubhaus herum. St\u00f6ren tun sie jedoch niemanden.<\/p>\n<p>Nun dann, wir w\u00fcnschen allen s\u00fcdwestlichen Golfern \u2013 wo auch immer Sie spielen \u2013 ein sch\u00f6nes Spiel!<\/p>\n<p><img loading=\"lazy\" decoding=\"async\" class=\"aligncenter wp-image-5148\" src=\"https:\/\/www.porta-mallorquina.de\/blog\/mallorca\/Golf-Events-autumn-2014.png\" alt=\"Golf Events Mallorca 2014\" width=\"600\" height=\"337\" \/><\/p>\n","protected":false},"excerpt":{"rendered":"<p>Real Golf de Bendinat mit neuen Greens Was gibt es Neues von den vier beliebten 18-Loch-Golfpl\u00e4tzen im S\u00fcdwesten der Insel \u2013 dem Real Golf Bendinat, dem Golf de Andratx, dem Golf de Poniente und dem Golf de Santa Ponsa? Real Golf de Bendinat Als einer der \u00e4ltesten und renommierten Golfpl\u00e4tze der Insel hat der Real [&hellip;]<\/p>\n","protected":false},"author":9,"featured_media":0,"comment_status":"open","ping_status":"open","sticky":false,"template":"","format":"standard","meta":{"footnotes":""},"categories":[39],"tags":[],"class_list":["post-3380","post","type-post","status-publish","format-standard","hentry","category-golf"],"yoast_head":"<!-- This site is optimized with the Yoast SEO plugin v27.2 - https:\/\/yoast.com\/product\/yoast-seo-wordpress\/ -->\n<title>Golf: Neuigkeiten aus dem S\u00fcdwesten - Porta Mallorquina Blog<\/title>\n<meta name=\"description\" content=\"Was gibt es Neues von den vier beliebten 18-Loch-Golfpl\u00e4tzen im S\u00fcdwesten der Insel - dem Real Golf Bendinat, dem Golf de Andratx, dem Golf de Poniente und dem Golf de Santa Ponsa?\" \/>\n<meta name=\"robots\" content=\"index, follow, max-snippet:-1, max-image-preview:large, max-video-preview:-1\" \/>\n<link rel=\"canonical\" href=\"https:\/\/www.porta-mallorquina.de\/blog\/golf-neuigkeiten-aus-dem-suedwesten\/\" \/>\n<meta property=\"og:locale\" content=\"de_DE\" \/>\n<meta property=\"og:type\" content=\"article\" \/>\n<meta property=\"og:title\" content=\"Golf: Neuigkeiten aus dem S\u00fcdwesten - Porta Mallorquina Blog\" \/>\n<meta property=\"og:description\" content=\"Was gibt es Neues von den vier beliebten 18-Loch-Golfpl\u00e4tzen im S\u00fcdwesten der Insel - dem Real Golf Bendinat, dem Golf de Andratx, dem Golf de Poniente und dem Golf de Santa Ponsa?\" \/>\n<meta property=\"og:url\" content=\"https:\/\/www.porta-mallorquina.de\/blog\/golf-neuigkeiten-aus-dem-suedwesten\/\" \/>\n<meta property=\"og:site_name\" content=\"Porta Mallorquina Blog\" \/>\n<meta property=\"article:published_time\" content=\"2014-10-01T11:19:10+00:00\" \/>\n<meta property=\"article:modified_time\" content=\"2019-03-26T20:34:27+00:00\" \/>\n<meta property=\"og:image\" content=\"https:\/\/www.porta-mallorquina.de\/blog\/mallorca\/Real-Golf-de-Bendinat_Southwest.jpg\" \/>\n<meta name=\"author\" content=\"Porta Mallorquina\" \/>\n<meta name=\"twitter:card\" content=\"summary_large_image\" \/>\n<meta name=\"twitter:label1\" content=\"Verfasst von\" \/>\n\t<meta name=\"twitter:data1\" content=\"Porta Mallorquina\" \/>\n\t<meta name=\"twitter:label2\" content=\"Gesch\u00e4tzte Lesezeit\" \/>\n\t<meta name=\"twitter:data2\" content=\"3\u00a0Minuten\" \/>\n<script type=\"application\/ld+json\" class=\"yoast-schema-graph\">{\"@context\":\"https:\/\/schema.org\",\"@graph\":[{\"@type\":\"Article\",\"@id\":\"https:\/\/www.porta-mallorquina.de\/blog\/golf-neuigkeiten-aus-dem-suedwesten\/#article\",\"isPartOf\":{\"@id\":\"https:\/\/www.porta-mallorquina.de\/blog\/golf-neuigkeiten-aus-dem-suedwesten\/\"},\"author\":{\"name\":\"Porta Mallorquina\",\"@id\":\"https:\/\/www.porta-mallorquina.de\/blog\/#\/schema\/person\/762f5edd41dcc87e16e9391fd25d519d\"},\"headline\":\"Golf: Neuigkeiten aus dem S\u00fcdwesten\",\"datePublished\":\"2014-10-01T11:19:10+00:00\",\"dateModified\":\"2019-03-26T20:34:27+00:00\",\"mainEntityOfPage\":{\"@id\":\"https:\/\/www.porta-mallorquina.de\/blog\/golf-neuigkeiten-aus-dem-suedwesten\/\"},\"wordCount\":664,\"commentCount\":0,\"publisher\":{\"@id\":\"https:\/\/www.porta-mallorquina.de\/blog\/#organization\"},\"image\":{\"@id\":\"https:\/\/www.porta-mallorquina.de\/blog\/golf-neuigkeiten-aus-dem-suedwesten\/#primaryimage\"},\"thumbnailUrl\":\"https:\/\/www.porta-mallorquina.de\/blog\/mallorca\/Real-Golf-de-Bendinat_Southwest.jpg\",\"articleSection\":[\"Golf\"],\"inLanguage\":\"de\",\"potentialAction\":[{\"@type\":\"CommentAction\",\"name\":\"Comment\",\"target\":[\"https:\/\/www.porta-mallorquina.de\/blog\/golf-neuigkeiten-aus-dem-suedwesten\/#respond\"]}]},{\"@type\":\"WebPage\",\"@id\":\"https:\/\/www.porta-mallorquina.de\/blog\/golf-neuigkeiten-aus-dem-suedwesten\/\",\"url\":\"https:\/\/www.porta-mallorquina.de\/blog\/golf-neuigkeiten-aus-dem-suedwesten\/\",\"name\":\"Golf: Neuigkeiten aus dem S\u00fcdwesten - Porta Mallorquina Blog\",\"isPartOf\":{\"@id\":\"https:\/\/www.porta-mallorquina.de\/blog\/#website\"},\"primaryImageOfPage\":{\"@id\":\"https:\/\/www.porta-mallorquina.de\/blog\/golf-neuigkeiten-aus-dem-suedwesten\/#primaryimage\"},\"image\":{\"@id\":\"https:\/\/www.porta-mallorquina.de\/blog\/golf-neuigkeiten-aus-dem-suedwesten\/#primaryimage\"},\"thumbnailUrl\":\"https:\/\/www.porta-mallorquina.de\/blog\/mallorca\/Real-Golf-de-Bendinat_Southwest.jpg\",\"datePublished\":\"2014-10-01T11:19:10+00:00\",\"dateModified\":\"2019-03-26T20:34:27+00:00\",\"description\":\"Was gibt es Neues von den vier beliebten 18-Loch-Golfpl\u00e4tzen im S\u00fcdwesten der Insel - dem Real Golf Bendinat, dem Golf de Andratx, dem Golf de Poniente und dem Golf de Santa Ponsa?\",\"breadcrumb\":{\"@id\":\"https:\/\/www.porta-mallorquina.de\/blog\/golf-neuigkeiten-aus-dem-suedwesten\/#breadcrumb\"},\"inLanguage\":\"de\",\"potentialAction\":[{\"@type\":\"ReadAction\",\"target\":[\"https:\/\/www.porta-mallorquina.de\/blog\/golf-neuigkeiten-aus-dem-suedwesten\/\"]}]},{\"@type\":\"ImageObject\",\"inLanguage\":\"de\",\"@id\":\"https:\/\/www.porta-mallorquina.de\/blog\/golf-neuigkeiten-aus-dem-suedwesten\/#primaryimage\",\"url\":\"https:\/\/www.porta-mallorquina.de\/blog\/mallorca\/Real-Golf-de-Bendinat_Southwest.jpg\",\"contentUrl\":\"https:\/\/www.porta-mallorquina.de\/blog\/mallorca\/Real-Golf-de-Bendinat_Southwest.jpg\"},{\"@type\":\"BreadcrumbList\",\"@id\":\"https:\/\/www.porta-mallorquina.de\/blog\/golf-neuigkeiten-aus-dem-suedwesten\/#breadcrumb\",\"itemListElement\":[{\"@type\":\"ListItem\",\"position\":1,\"name\":\"Startseite\",\"item\":\"https:\/\/www.porta-mallorquina.de\/blog\/\"},{\"@type\":\"ListItem\",\"position\":2,\"name\":\"Golf: Neuigkeiten aus dem S\u00fcdwesten\"}]},{\"@type\":\"WebSite\",\"@id\":\"https:\/\/www.porta-mallorquina.de\/blog\/#website\",\"url\":\"https:\/\/www.porta-mallorquina.de\/blog\/\",\"name\":\"Porta Mallorquina Blog\",\"description\":\"Mehr als Mallorca Immobilien\",\"publisher\":{\"@id\":\"https:\/\/www.porta-mallorquina.de\/blog\/#organization\"},\"potentialAction\":[{\"@type\":\"SearchAction\",\"target\":{\"@type\":\"EntryPoint\",\"urlTemplate\":\"https:\/\/www.porta-mallorquina.de\/blog\/?s={search_term_string}\"},\"query-input\":{\"@type\":\"PropertyValueSpecification\",\"valueRequired\":true,\"valueName\":\"search_term_string\"}}],\"inLanguage\":\"de\"},{\"@type\":\"Organization\",\"@id\":\"https:\/\/www.porta-mallorquina.de\/blog\/#organization\",\"name\":\"Porta Mallorquina Blog\",\"url\":\"https:\/\/www.porta-mallorquina.de\/blog\/\",\"logo\":{\"@type\":\"ImageObject\",\"inLanguage\":\"de\",\"@id\":\"https:\/\/www.porta-mallorquina.de\/blog\/#\/schema\/logo\/image\/\",\"url\":\"https:\/\/www.porta-mallorquina.de\/blog\/mallorca\/porta-mallorquina-real-estate-mallorca-logo.png\",\"contentUrl\":\"https:\/\/www.porta-mallorquina.de\/blog\/mallorca\/porta-mallorquina-real-estate-mallorca-logo.png\",\"width\":570,\"height\":400,\"caption\":\"Porta Mallorquina Blog\"},\"image\":{\"@id\":\"https:\/\/www.porta-mallorquina.de\/blog\/#\/schema\/logo\/image\/\"}},{\"@type\":\"Person\",\"@id\":\"https:\/\/www.porta-mallorquina.de\/blog\/#\/schema\/person\/762f5edd41dcc87e16e9391fd25d519d\",\"name\":\"Porta Mallorquina\",\"url\":\"https:\/\/www.porta-mallorquina.de\/blog\/author\/lnmt53naz\/\"}]}<\/script>\n<!-- \/ Yoast SEO plugin. -->","yoast_head_json":{"title":"Golf: Neuigkeiten aus dem S\u00fcdwesten - Porta Mallorquina Blog","description":"Was gibt es Neues von den vier beliebten 18-Loch-Golfpl\u00e4tzen im S\u00fcdwesten der Insel - dem Real Golf Bendinat, dem Golf de Andratx, dem Golf de Poniente und dem Golf de Santa Ponsa?","robots":{"index":"index","follow":"follow","max-snippet":"max-snippet:-1","max-image-preview":"max-image-preview:large","max-video-preview":"max-video-preview:-1"},"canonical":"https:\/\/www.porta-mallorquina.de\/blog\/golf-neuigkeiten-aus-dem-suedwesten\/","og_locale":"de_DE","og_type":"article","og_title":"Golf: Neuigkeiten aus dem S\u00fcdwesten - Porta Mallorquina Blog","og_description":"Was gibt es Neues von den vier beliebten 18-Loch-Golfpl\u00e4tzen im S\u00fcdwesten der Insel - dem Real Golf Bendinat, dem Golf de Andratx, dem Golf de Poniente und dem Golf de Santa Ponsa?","og_url":"https:\/\/www.porta-mallorquina.de\/blog\/golf-neuigkeiten-aus-dem-suedwesten\/","og_site_name":"Porta Mallorquina Blog","article_published_time":"2014-10-01T11:19:10+00:00","article_modified_time":"2019-03-26T20:34:27+00:00","og_image":[{"url":"https:\/\/www.porta-mallorquina.de\/blog\/mallorca\/Real-Golf-de-Bendinat_Southwest.jpg","type":"","width":"","height":""}],"author":"Porta Mallorquina","twitter_card":"summary_large_image","twitter_misc":{"Verfasst von":"Porta Mallorquina","Gesch\u00e4tzte Lesezeit":"3\u00a0Minuten"},"schema":{"@context":"https:\/\/schema.org","@graph":[{"@type":"Article","@id":"https:\/\/www.porta-mallorquina.de\/blog\/golf-neuigkeiten-aus-dem-suedwesten\/#article","isPartOf":{"@id":"https:\/\/www.porta-mallorquina.de\/blog\/golf-neuigkeiten-aus-dem-suedwesten\/"},"author":{"name":"Porta Mallorquina","@id":"https:\/\/www.porta-mallorquina.de\/blog\/#\/schema\/person\/762f5edd41dcc87e16e9391fd25d519d"},"headline":"Golf: Neuigkeiten aus dem S\u00fcdwesten","datePublished":"2014-10-01T11:19:10+00:00","dateModified":"2019-03-26T20:34:27+00:00","mainEntityOfPage":{"@id":"https:\/\/www.porta-mallorquina.de\/blog\/golf-neuigkeiten-aus-dem-suedwesten\/"},"wordCount":664,"commentCount":0,"publisher":{"@id":"https:\/\/www.porta-mallorquina.de\/blog\/#organization"},"image":{"@id":"https:\/\/www.porta-mallorquina.de\/blog\/golf-neuigkeiten-aus-dem-suedwesten\/#primaryimage"},"thumbnailUrl":"https:\/\/www.porta-mallorquina.de\/blog\/mallorca\/Real-Golf-de-Bendinat_Southwest.jpg","articleSection":["Golf"],"inLanguage":"de","potentialAction":[{"@type":"CommentAction","name":"Comment","target":["https:\/\/www.porta-mallorquina.de\/blog\/golf-neuigkeiten-aus-dem-suedwesten\/#respond"]}]},{"@type":"WebPage","@id":"https:\/\/www.porta-mallorquina.de\/blog\/golf-neuigkeiten-aus-dem-suedwesten\/","url":"https:\/\/www.porta-mallorquina.de\/blog\/golf-neuigkeiten-aus-dem-suedwesten\/","name":"Golf: Neuigkeiten aus dem S\u00fcdwesten - Porta Mallorquina Blog","isPartOf":{"@id":"https:\/\/www.porta-mallorquina.de\/blog\/#website"},"primaryImageOfPage":{"@id":"https:\/\/www.porta-mallorquina.de\/blog\/golf-neuigkeiten-aus-dem-suedwesten\/#primaryimage"},"image":{"@id":"https:\/\/www.porta-mallorquina.de\/blog\/golf-neuigkeiten-aus-dem-suedwesten\/#primaryimage"},"thumbnailUrl":"https:\/\/www.porta-mallorquina.de\/blog\/mallorca\/Real-Golf-de-Bendinat_Southwest.jpg","datePublished":"2014-10-01T11:19:10+00:00","dateModified":"2019-03-26T20:34:27+00:00","description":"Was gibt es Neues von den vier beliebten 18-Loch-Golfpl\u00e4tzen im S\u00fcdwesten der Insel - dem Real Golf Bendinat, dem Golf de Andratx, dem Golf de Poniente und dem Golf de Santa Ponsa?","breadcrumb":{"@id":"https:\/\/www.porta-mallorquina.de\/blog\/golf-neuigkeiten-aus-dem-suedwesten\/#breadcrumb"},"inLanguage":"de","potentialAction":[{"@type":"ReadAction","target":["https:\/\/www.porta-mallorquina.de\/blog\/golf-neuigkeiten-aus-dem-suedwesten\/"]}]},{"@type":"ImageObject","inLanguage":"de","@id":"https:\/\/www.porta-mallorquina.de\/blog\/golf-neuigkeiten-aus-dem-suedwesten\/#primaryimage","url":"https:\/\/www.porta-mallorquina.de\/blog\/mallorca\/Real-Golf-de-Bendinat_Southwest.jpg","contentUrl":"https:\/\/www.porta-mallorquina.de\/blog\/mallorca\/Real-Golf-de-Bendinat_Southwest.jpg"},{"@type":"BreadcrumbList","@id":"https:\/\/www.porta-mallorquina.de\/blog\/golf-neuigkeiten-aus-dem-suedwesten\/#breadcrumb","itemListElement":[{"@type":"ListItem","position":1,"name":"Startseite","item":"https:\/\/www.porta-mallorquina.de\/blog\/"},{"@type":"ListItem","position":2,"name":"Golf: Neuigkeiten aus dem S\u00fcdwesten"}]},{"@type":"WebSite","@id":"https:\/\/www.porta-mallorquina.de\/blog\/#website","url":"https:\/\/www.porta-mallorquina.de\/blog\/","name":"Porta Mallorquina Blog","description":"Mehr als Mallorca Immobilien","publisher":{"@id":"https:\/\/www.porta-mallorquina.de\/blog\/#organization"},"potentialAction":[{"@type":"SearchAction","target":{"@type":"EntryPoint","urlTemplate":"https:\/\/www.porta-mallorquina.de\/blog\/?s={search_term_string}"},"query-input":{"@type":"PropertyValueSpecification","valueRequired":true,"valueName":"search_term_string"}}],"inLanguage":"de"},{"@type":"Organization","@id":"https:\/\/www.porta-mallorquina.de\/blog\/#organization","name":"Porta Mallorquina Blog","url":"https:\/\/www.porta-mallorquina.de\/blog\/","logo":{"@type":"ImageObject","inLanguage":"de","@id":"https:\/\/www.porta-mallorquina.de\/blog\/#\/schema\/logo\/image\/","url":"https:\/\/www.porta-mallorquina.de\/blog\/mallorca\/porta-mallorquina-real-estate-mallorca-logo.png","contentUrl":"https:\/\/www.porta-mallorquina.de\/blog\/mallorca\/porta-mallorquina-real-estate-mallorca-logo.png","width":570,"height":400,"caption":"Porta Mallorquina Blog"},"image":{"@id":"https:\/\/www.porta-mallorquina.de\/blog\/#\/schema\/logo\/image\/"}},{"@type":"Person","@id":"https:\/\/www.porta-mallorquina.de\/blog\/#\/schema\/person\/762f5edd41dcc87e16e9391fd25d519d","name":"Porta Mallorquina","url":"https:\/\/www.porta-mallorquina.de\/blog\/author\/lnmt53naz\/"}]}},"_links":{"self":[{"href":"https:\/\/www.porta-mallorquina.de\/blog\/wp-json\/wp\/v2\/posts\/3380","targetHints":{"allow":["GET"]}}],"collection":[{"href":"https:\/\/www.porta-mallorquina.de\/blog\/wp-json\/wp\/v2\/posts"}],"about":[{"href":"https:\/\/www.porta-mallorquina.de\/blog\/wp-json\/wp\/v2\/types\/post"}],"author":[{"embeddable":true,"href":"https:\/\/www.porta-mallorquina.de\/blog\/wp-json\/wp\/v2\/users\/9"}],"replies":[{"embeddable":true,"href":"https:\/\/www.porta-mallorquina.de\/blog\/wp-json\/wp\/v2\/comments?post=3380"}],"version-history":[{"count":3,"href":"https:\/\/www.porta-mallorquina.de\/blog\/wp-json\/wp\/v2\/posts\/3380\/revisions"}],"predecessor-version":[{"id":5050,"href":"https:\/\/www.porta-mallorquina.de\/blog\/wp-json\/wp\/v2\/posts\/3380\/revisions\/5050"}],"wp:attachment":[{"href":"https:\/\/www.porta-mallorquina.de\/blog\/wp-json\/wp\/v2\/media?parent=3380"}],"wp:term":[{"taxonomy":"category","embeddable":true,"href":"https:\/\/www.porta-mallorquina.de\/blog\/wp-json\/wp\/v2\/categories?post=3380"},{"taxonomy":"post_tag","embeddable":true,"href":"https:\/\/www.porta-mallorquina.de\/blog\/wp-json\/wp\/v2\/tags?post=3380"}],"curies":[{"name":"wp","href":"https:\/\/api.w.org\/{rel}","templated":true}]}}