{"id":3422,"date":"2015-08-06T17:06:13","date_gmt":"2015-08-06T15:06:13","guid":{"rendered":"http:\/\/www.porta-mallorquina.de\/blog\/?p=3422"},"modified":"2016-05-03T18:00:26","modified_gmt":"2016-05-03T16:00:26","slug":"porta-mallorquina-sponsert-volkslauf-sa-patrona-von-pollenca","status":"publish","type":"post","link":"https:\/\/www.porta-mallorquina.de\/blog\/porta-mallorquina-sponsert-volkslauf-sa-patrona-von-pollenca\/","title":{"rendered":"Porta Mallorquina sponsert Volkslauf \u201eSa Patrona\u201c von Pollen\u00e7a"},"content":{"rendered":"<p>Am 25. Juli war es soweit: Porta Mallorquina hatte die gro\u00dfe Ehre, zum ersten Mal den wichtigsten Traditionslauf des Sommers in <a href=\"https:\/\/www.porta-mallorquina.de\/immobilien\/kaufen\/pollensa\/\">Pollensa<\/a> zu sponsern. Im Rahmen der Feierlichkeiten \u201eSa Patrona\u201c fand der gleichnamige Lauf statt. Direkt vor dem <a href=\"https:\/\/www.porta-mallorquina.de\/nord\/\">B\u00fcro von Porta Mallorquina<\/a>, am Platz Monument drehten ab 18:30 Uhr zun\u00e4chst die Kleinsten ihr Runden. F\u00fcr die Kinder und Jugendlichen wurde f\u00fcr jede Alterklasse ein eigenes Rennen organisiert, insgesamt gab es 4 Kategorien, die Ergebnisse finden Sie <a href=\"http:\/\/www.elitechip.net\/system\/public\/download\/8606924c14572c2d6373cf37c41425dc.pdf\" target=\"_blank\">hier<\/a>.<\/p>\n<div id=\"attachment_5987\" class=\"wp-caption alignnone\" style=\"width: 600px\"><img loading=\"lazy\" decoding=\"async\" class=\"wp-image-5987 size-full\" title=\"Der Lauf fand vor dem B\u00fcro der Porta Malloquina in Pollen\u00e7a statt.\" src=\"https:\/\/www.porta-mallorquina.de\/blog\/mallorca\/lauf-pollensa-mallorca.jpg\" alt=\"Der Lauf fand vor dem B\u00fcro der Porta Malloquina in Pollen\u00e7a statt.\" width=\"600\" height=\"450\" \/><p class=\"wp-caption-text\">Der Lauf fand vor dem B\u00fcro der Porta Malloquina in Pollen\u00e7a statt.<\/p><\/div>\n<h2>300 L\u00e4ufer am Start<\/h2>\n<p>Der gro\u00dfe Volkslauf f\u00fcr die Erwachsenenen fand bei hochsommerlichen Temperaturen um 19:20 Uhr statt. Die Laufbedingungen waren auf Grund der hohen Luftfeuchtigkeit anspruchsvoll, aber Dank der leichten Bew\u00f6lkung doch noch ertr\u00e4glich. Der Streckenverlauf begann und endete auf der Via Pollentia 41 und f\u00fchrte duch Pollensa bis hin zu der beliebten Wohngegend von La Font.<\/p>\n<div id=\"attachment_5990\" class=\"wp-caption alignright\" style=\"width: 280px\"><img loading=\"lazy\" decoding=\"async\" class=\"wp-image-5990\" src=\"https:\/\/www.porta-mallorquina.de\/blog\/mallorca\/lauf-pollensa-john-eenennaam1.jpg\" alt=\"Lizenzpartner  John van Eenennaam (hier links zusammen mit dem Gewinner des Laufs, Abdessi Rja rechts)\" width=\"280\" height=\"373\" \/><p class=\"wp-caption-text\">Auch der Porta Mallorquina Lizenzpartner aus dem S\u00fcdwesten, John van Eenennaam (hier rechts zusammen mit dem Gewinner des Laufs, Abdessi Rja links) nahm an dem Lauf teil<\/p><\/div>\n<p>F\u00fcr ausreichend Wasser wurde auf der gesamte Laufstrecke mit ausreichend Verpflegungsstationen gesorgt. Danach st\u00e4rkten sich die L\u00e4ufer bei mallorquinischer Pizza (\u201eCoca mallorquina\u201c) sowie jede Menge isotonische Getr\u00e4nken und Wasser vor dem Porta Mallorquina Verkaufsb\u00fcro, wo auch jeder L\u00e4ufer als Andenken ein Porta Mallorquina-Laufshirt erhielt.<\/p>\n<p>Die Zeitmessung erfolgte \u00fcber einen Laufchip. So standen die Zeiten und die Klassifizierung der einzelnen Athleten bereits 1 Stunde nach dem Rennen im Internet zur Verf\u00fcgung und k\u00f6nnen auch <a href=\"http:\/\/www.elitechip.net\/system\/public\/download\/ff1a497b6ba6a08fdb46c90c487be3f7.pdf\" target=\"_blank\">hier<\/a> nochmal abgerufen werden.<\/p>\n<p>Gesch\u00e4ftsf\u00fchrer von Porta Mallorquina Nord, Stephan Hoffmann, der zusammen mit dem Club Atletisme de Pollen\u00e7a diesen Lauf organisierte, war mit der Resonanz der Laufveranstaltung mit knapp 300 Teilnehmern sehr zufrieden und plant im n\u00e4chsten Jahr eine Fortsetzung des Sponsorings.<\/p>\n<p>Auf <a href=\"https:\/\/www.facebook.com\/media\/set\/?set=a.10153103766141376.1073741852.162106671375&amp;type=3\" target=\"_blank\">Facebook<\/a> haben wir einige Impressionen der Stimmung auf dem Sportevent zusammengestellt.<\/p>\n","protected":false},"excerpt":{"rendered":"<p>Am 25. Juli war es soweit: Porta Mallorquina hatte die gro\u00dfe Ehre, zum ersten Mal den wichtigsten Traditionslauf des Sommers in Pollensa zu sponsern. Im Rahmen der Feierlichkeiten \u201eSa Patrona\u201c fand der gleichnamige Lauf statt. Direkt vor dem B\u00fcro von Porta Mallorquina, am Platz Monument drehten ab 18:30 Uhr zun\u00e4chst die Kleinsten ihr Runden. F\u00fcr [&hellip;]<\/p>\n","protected":false},"author":9,"featured_media":0,"comment_status":"open","ping_status":"open","sticky":false,"template":"","format":"standard","meta":{"footnotes":""},"categories":[3,6],"tags":[],"class_list":["post-3422","post","type-post","status-publish","format-standard","hentry","category-mallorca","category-porta-mallorquina"],"yoast_head":"<!-- This site is optimized with the Yoast SEO plugin v27.2 - https:\/\/yoast.com\/product\/yoast-seo-wordpress\/ -->\n<title>Volkslauf \u201eSa Patrona\u201c in Pollensa gesponsert von Porta Mallorquina<\/title>\n<meta name=\"description\" content=\"Am 25. Juli war es soweit: Porta Mallorquina hatte die gro\u00dfe Ehre, zum ersten Mal den wichtigsten Traditionslauf des Sommers in Pollensa zu sponsern. Im Rahmen der Feierlichkeiten \u201eSa Patrona\u201c fand der gleichnamige Lauf statt. Direkt vor dem B\u00fcro von Porta Mallorquina, am Platz Monument drehten ab 18:30 Uhr zun\u00e4chst die Kleinsten ihr Runden.\" \/>\n<meta name=\"robots\" content=\"index, follow, max-snippet:-1, max-image-preview:large, max-video-preview:-1\" \/>\n<link rel=\"canonical\" href=\"https:\/\/www.porta-mallorquina.de\/blog\/porta-mallorquina-sponsert-volkslauf-sa-patrona-von-pollenca\/\" \/>\n<meta property=\"og:locale\" content=\"de_DE\" \/>\n<meta property=\"og:type\" content=\"article\" \/>\n<meta property=\"og:title\" content=\"Volkslauf \u201eSa Patrona\u201c in Pollensa gesponsert von Porta Mallorquina\" \/>\n<meta property=\"og:description\" content=\"Am 25. Juli war es soweit: Porta Mallorquina hatte die gro\u00dfe Ehre, zum ersten Mal den wichtigsten Traditionslauf des Sommers in Pollensa zu sponsern. Im Rahmen der Feierlichkeiten \u201eSa Patrona\u201c fand der gleichnamige Lauf statt. Direkt vor dem B\u00fcro von Porta Mallorquina, am Platz Monument drehten ab 18:30 Uhr zun\u00e4chst die Kleinsten ihr Runden.\" \/>\n<meta property=\"og:url\" content=\"https:\/\/www.porta-mallorquina.de\/blog\/porta-mallorquina-sponsert-volkslauf-sa-patrona-von-pollenca\/\" \/>\n<meta property=\"og:site_name\" content=\"Porta Mallorquina Blog\" \/>\n<meta property=\"article:published_time\" content=\"2015-08-06T15:06:13+00:00\" \/>\n<meta property=\"article:modified_time\" content=\"2016-05-03T16:00:26+00:00\" \/>\n<meta property=\"og:image\" content=\"https:\/\/www.porta-mallorquina.de\/blog\/mallorca\/lauf-pollensa-mallorca.jpg\" \/>\n<meta name=\"author\" content=\"Porta Mallorquina\" \/>\n<meta name=\"twitter:card\" content=\"summary_large_image\" \/>\n<meta name=\"twitter:label1\" content=\"Verfasst von\" \/>\n\t<meta name=\"twitter:data1\" content=\"Porta Mallorquina\" \/>\n\t<meta name=\"twitter:label2\" content=\"Gesch\u00e4tzte Lesezeit\" \/>\n\t<meta name=\"twitter:data2\" content=\"2\u00a0Minuten\" \/>\n<script type=\"application\/ld+json\" class=\"yoast-schema-graph\">{\"@context\":\"https:\/\/schema.org\",\"@graph\":[{\"@type\":\"Article\",\"@id\":\"https:\/\/www.porta-mallorquina.de\/blog\/porta-mallorquina-sponsert-volkslauf-sa-patrona-von-pollenca\/#article\",\"isPartOf\":{\"@id\":\"https:\/\/www.porta-mallorquina.de\/blog\/porta-mallorquina-sponsert-volkslauf-sa-patrona-von-pollenca\/\"},\"author\":{\"name\":\"Porta Mallorquina\",\"@id\":\"https:\/\/www.porta-mallorquina.de\/blog\/#\/schema\/person\/762f5edd41dcc87e16e9391fd25d519d\"},\"headline\":\"Porta Mallorquina sponsert Volkslauf \u201eSa Patrona\u201c von Pollen\u00e7a\",\"datePublished\":\"2015-08-06T15:06:13+00:00\",\"dateModified\":\"2016-05-03T16:00:26+00:00\",\"mainEntityOfPage\":{\"@id\":\"https:\/\/www.porta-mallorquina.de\/blog\/porta-mallorquina-sponsert-volkslauf-sa-patrona-von-pollenca\/\"},\"wordCount\":343,\"commentCount\":0,\"publisher\":{\"@id\":\"https:\/\/www.porta-mallorquina.de\/blog\/#organization\"},\"image\":{\"@id\":\"https:\/\/www.porta-mallorquina.de\/blog\/porta-mallorquina-sponsert-volkslauf-sa-patrona-von-pollenca\/#primaryimage\"},\"thumbnailUrl\":\"https:\/\/www.porta-mallorquina.de\/blog\/mallorca\/lauf-pollensa-mallorca.jpg\",\"articleSection\":[\"Mallorca\",\"Porta Mallorquina\"],\"inLanguage\":\"de\",\"potentialAction\":[{\"@type\":\"CommentAction\",\"name\":\"Comment\",\"target\":[\"https:\/\/www.porta-mallorquina.de\/blog\/porta-mallorquina-sponsert-volkslauf-sa-patrona-von-pollenca\/#respond\"]}]},{\"@type\":\"WebPage\",\"@id\":\"https:\/\/www.porta-mallorquina.de\/blog\/porta-mallorquina-sponsert-volkslauf-sa-patrona-von-pollenca\/\",\"url\":\"https:\/\/www.porta-mallorquina.de\/blog\/porta-mallorquina-sponsert-volkslauf-sa-patrona-von-pollenca\/\",\"name\":\"Volkslauf \u201eSa Patrona\u201c in Pollensa gesponsert von Porta Mallorquina\",\"isPartOf\":{\"@id\":\"https:\/\/www.porta-mallorquina.de\/blog\/#website\"},\"primaryImageOfPage\":{\"@id\":\"https:\/\/www.porta-mallorquina.de\/blog\/porta-mallorquina-sponsert-volkslauf-sa-patrona-von-pollenca\/#primaryimage\"},\"image\":{\"@id\":\"https:\/\/www.porta-mallorquina.de\/blog\/porta-mallorquina-sponsert-volkslauf-sa-patrona-von-pollenca\/#primaryimage\"},\"thumbnailUrl\":\"https:\/\/www.porta-mallorquina.de\/blog\/mallorca\/lauf-pollensa-mallorca.jpg\",\"datePublished\":\"2015-08-06T15:06:13+00:00\",\"dateModified\":\"2016-05-03T16:00:26+00:00\",\"description\":\"Am 25. Juli war es soweit: Porta Mallorquina hatte die gro\u00dfe Ehre, zum ersten Mal den wichtigsten Traditionslauf des Sommers in Pollensa zu sponsern. Im Rahmen der Feierlichkeiten \u201eSa Patrona\u201c fand der gleichnamige Lauf statt. Direkt vor dem B\u00fcro von Porta Mallorquina, am Platz Monument drehten ab 18:30 Uhr zun\u00e4chst die Kleinsten ihr Runden.\",\"breadcrumb\":{\"@id\":\"https:\/\/www.porta-mallorquina.de\/blog\/porta-mallorquina-sponsert-volkslauf-sa-patrona-von-pollenca\/#breadcrumb\"},\"inLanguage\":\"de\",\"potentialAction\":[{\"@type\":\"ReadAction\",\"target\":[\"https:\/\/www.porta-mallorquina.de\/blog\/porta-mallorquina-sponsert-volkslauf-sa-patrona-von-pollenca\/\"]}]},{\"@type\":\"ImageObject\",\"inLanguage\":\"de\",\"@id\":\"https:\/\/www.porta-mallorquina.de\/blog\/porta-mallorquina-sponsert-volkslauf-sa-patrona-von-pollenca\/#primaryimage\",\"url\":\"https:\/\/www.porta-mallorquina.de\/blog\/mallorca\/lauf-pollensa-mallorca.jpg\",\"contentUrl\":\"https:\/\/www.porta-mallorquina.de\/blog\/mallorca\/lauf-pollensa-mallorca.jpg\"},{\"@type\":\"BreadcrumbList\",\"@id\":\"https:\/\/www.porta-mallorquina.de\/blog\/porta-mallorquina-sponsert-volkslauf-sa-patrona-von-pollenca\/#breadcrumb\",\"itemListElement\":[{\"@type\":\"ListItem\",\"position\":1,\"name\":\"Startseite\",\"item\":\"https:\/\/www.porta-mallorquina.de\/blog\/\"},{\"@type\":\"ListItem\",\"position\":2,\"name\":\"Porta Mallorquina sponsert Volkslauf \u201eSa Patrona\u201c von Pollen\u00e7a\"}]},{\"@type\":\"WebSite\",\"@id\":\"https:\/\/www.porta-mallorquina.de\/blog\/#website\",\"url\":\"https:\/\/www.porta-mallorquina.de\/blog\/\",\"name\":\"Porta Mallorquina Blog\",\"description\":\"Mehr als Mallorca Immobilien\",\"publisher\":{\"@id\":\"https:\/\/www.porta-mallorquina.de\/blog\/#organization\"},\"potentialAction\":[{\"@type\":\"SearchAction\",\"target\":{\"@type\":\"EntryPoint\",\"urlTemplate\":\"https:\/\/www.porta-mallorquina.de\/blog\/?s={search_term_string}\"},\"query-input\":{\"@type\":\"PropertyValueSpecification\",\"valueRequired\":true,\"valueName\":\"search_term_string\"}}],\"inLanguage\":\"de\"},{\"@type\":\"Organization\",\"@id\":\"https:\/\/www.porta-mallorquina.de\/blog\/#organization\",\"name\":\"Porta Mallorquina Blog\",\"url\":\"https:\/\/www.porta-mallorquina.de\/blog\/\",\"logo\":{\"@type\":\"ImageObject\",\"inLanguage\":\"de\",\"@id\":\"https:\/\/www.porta-mallorquina.de\/blog\/#\/schema\/logo\/image\/\",\"url\":\"https:\/\/www.porta-mallorquina.de\/blog\/mallorca\/porta-mallorquina-real-estate-mallorca-logo.png\",\"contentUrl\":\"https:\/\/www.porta-mallorquina.de\/blog\/mallorca\/porta-mallorquina-real-estate-mallorca-logo.png\",\"width\":570,\"height\":400,\"caption\":\"Porta Mallorquina Blog\"},\"image\":{\"@id\":\"https:\/\/www.porta-mallorquina.de\/blog\/#\/schema\/logo\/image\/\"}},{\"@type\":\"Person\",\"@id\":\"https:\/\/www.porta-mallorquina.de\/blog\/#\/schema\/person\/762f5edd41dcc87e16e9391fd25d519d\",\"name\":\"Porta Mallorquina\",\"url\":\"https:\/\/www.porta-mallorquina.de\/blog\/author\/lnmt53naz\/\"}]}<\/script>\n<!-- \/ Yoast SEO plugin. -->","yoast_head_json":{"title":"Volkslauf \u201eSa Patrona\u201c in Pollensa gesponsert von Porta Mallorquina","description":"Am 25. Juli war es soweit: Porta Mallorquina hatte die gro\u00dfe Ehre, zum ersten Mal den wichtigsten Traditionslauf des Sommers in Pollensa zu sponsern. Im Rahmen der Feierlichkeiten \u201eSa Patrona\u201c fand der gleichnamige Lauf statt. Direkt vor dem B\u00fcro von Porta Mallorquina, am Platz Monument drehten ab 18:30 Uhr zun\u00e4chst die Kleinsten ihr Runden.","robots":{"index":"index","follow":"follow","max-snippet":"max-snippet:-1","max-image-preview":"max-image-preview:large","max-video-preview":"max-video-preview:-1"},"canonical":"https:\/\/www.porta-mallorquina.de\/blog\/porta-mallorquina-sponsert-volkslauf-sa-patrona-von-pollenca\/","og_locale":"de_DE","og_type":"article","og_title":"Volkslauf \u201eSa Patrona\u201c in Pollensa gesponsert von Porta Mallorquina","og_description":"Am 25. Juli war es soweit: Porta Mallorquina hatte die gro\u00dfe Ehre, zum ersten Mal den wichtigsten Traditionslauf des Sommers in Pollensa zu sponsern. Im Rahmen der Feierlichkeiten \u201eSa Patrona\u201c fand der gleichnamige Lauf statt. Direkt vor dem B\u00fcro von Porta Mallorquina, am Platz Monument drehten ab 18:30 Uhr zun\u00e4chst die Kleinsten ihr Runden.","og_url":"https:\/\/www.porta-mallorquina.de\/blog\/porta-mallorquina-sponsert-volkslauf-sa-patrona-von-pollenca\/","og_site_name":"Porta Mallorquina Blog","article_published_time":"2015-08-06T15:06:13+00:00","article_modified_time":"2016-05-03T16:00:26+00:00","og_image":[{"url":"https:\/\/www.porta-mallorquina.de\/blog\/mallorca\/lauf-pollensa-mallorca.jpg","type":"","width":"","height":""}],"author":"Porta Mallorquina","twitter_card":"summary_large_image","twitter_misc":{"Verfasst von":"Porta Mallorquina","Gesch\u00e4tzte Lesezeit":"2\u00a0Minuten"},"schema":{"@context":"https:\/\/schema.org","@graph":[{"@type":"Article","@id":"https:\/\/www.porta-mallorquina.de\/blog\/porta-mallorquina-sponsert-volkslauf-sa-patrona-von-pollenca\/#article","isPartOf":{"@id":"https:\/\/www.porta-mallorquina.de\/blog\/porta-mallorquina-sponsert-volkslauf-sa-patrona-von-pollenca\/"},"author":{"name":"Porta Mallorquina","@id":"https:\/\/www.porta-mallorquina.de\/blog\/#\/schema\/person\/762f5edd41dcc87e16e9391fd25d519d"},"headline":"Porta Mallorquina sponsert Volkslauf \u201eSa Patrona\u201c von Pollen\u00e7a","datePublished":"2015-08-06T15:06:13+00:00","dateModified":"2016-05-03T16:00:26+00:00","mainEntityOfPage":{"@id":"https:\/\/www.porta-mallorquina.de\/blog\/porta-mallorquina-sponsert-volkslauf-sa-patrona-von-pollenca\/"},"wordCount":343,"commentCount":0,"publisher":{"@id":"https:\/\/www.porta-mallorquina.de\/blog\/#organization"},"image":{"@id":"https:\/\/www.porta-mallorquina.de\/blog\/porta-mallorquina-sponsert-volkslauf-sa-patrona-von-pollenca\/#primaryimage"},"thumbnailUrl":"https:\/\/www.porta-mallorquina.de\/blog\/mallorca\/lauf-pollensa-mallorca.jpg","articleSection":["Mallorca","Porta Mallorquina"],"inLanguage":"de","potentialAction":[{"@type":"CommentAction","name":"Comment","target":["https:\/\/www.porta-mallorquina.de\/blog\/porta-mallorquina-sponsert-volkslauf-sa-patrona-von-pollenca\/#respond"]}]},{"@type":"WebPage","@id":"https:\/\/www.porta-mallorquina.de\/blog\/porta-mallorquina-sponsert-volkslauf-sa-patrona-von-pollenca\/","url":"https:\/\/www.porta-mallorquina.de\/blog\/porta-mallorquina-sponsert-volkslauf-sa-patrona-von-pollenca\/","name":"Volkslauf \u201eSa Patrona\u201c in Pollensa gesponsert von Porta Mallorquina","isPartOf":{"@id":"https:\/\/www.porta-mallorquina.de\/blog\/#website"},"primaryImageOfPage":{"@id":"https:\/\/www.porta-mallorquina.de\/blog\/porta-mallorquina-sponsert-volkslauf-sa-patrona-von-pollenca\/#primaryimage"},"image":{"@id":"https:\/\/www.porta-mallorquina.de\/blog\/porta-mallorquina-sponsert-volkslauf-sa-patrona-von-pollenca\/#primaryimage"},"thumbnailUrl":"https:\/\/www.porta-mallorquina.de\/blog\/mallorca\/lauf-pollensa-mallorca.jpg","datePublished":"2015-08-06T15:06:13+00:00","dateModified":"2016-05-03T16:00:26+00:00","description":"Am 25. Juli war es soweit: Porta Mallorquina hatte die gro\u00dfe Ehre, zum ersten Mal den wichtigsten Traditionslauf des Sommers in Pollensa zu sponsern. Im Rahmen der Feierlichkeiten \u201eSa Patrona\u201c fand der gleichnamige Lauf statt. Direkt vor dem B\u00fcro von Porta Mallorquina, am Platz Monument drehten ab 18:30 Uhr zun\u00e4chst die Kleinsten ihr Runden.","breadcrumb":{"@id":"https:\/\/www.porta-mallorquina.de\/blog\/porta-mallorquina-sponsert-volkslauf-sa-patrona-von-pollenca\/#breadcrumb"},"inLanguage":"de","potentialAction":[{"@type":"ReadAction","target":["https:\/\/www.porta-mallorquina.de\/blog\/porta-mallorquina-sponsert-volkslauf-sa-patrona-von-pollenca\/"]}]},{"@type":"ImageObject","inLanguage":"de","@id":"https:\/\/www.porta-mallorquina.de\/blog\/porta-mallorquina-sponsert-volkslauf-sa-patrona-von-pollenca\/#primaryimage","url":"https:\/\/www.porta-mallorquina.de\/blog\/mallorca\/lauf-pollensa-mallorca.jpg","contentUrl":"https:\/\/www.porta-mallorquina.de\/blog\/mallorca\/lauf-pollensa-mallorca.jpg"},{"@type":"BreadcrumbList","@id":"https:\/\/www.porta-mallorquina.de\/blog\/porta-mallorquina-sponsert-volkslauf-sa-patrona-von-pollenca\/#breadcrumb","itemListElement":[{"@type":"ListItem","position":1,"name":"Startseite","item":"https:\/\/www.porta-mallorquina.de\/blog\/"},{"@type":"ListItem","position":2,"name":"Porta Mallorquina sponsert Volkslauf \u201eSa Patrona\u201c von Pollen\u00e7a"}]},{"@type":"WebSite","@id":"https:\/\/www.porta-mallorquina.de\/blog\/#website","url":"https:\/\/www.porta-mallorquina.de\/blog\/","name":"Porta Mallorquina Blog","description":"Mehr als Mallorca Immobilien","publisher":{"@id":"https:\/\/www.porta-mallorquina.de\/blog\/#organization"},"potentialAction":[{"@type":"SearchAction","target":{"@type":"EntryPoint","urlTemplate":"https:\/\/www.porta-mallorquina.de\/blog\/?s={search_term_string}"},"query-input":{"@type":"PropertyValueSpecification","valueRequired":true,"valueName":"search_term_string"}}],"inLanguage":"de"},{"@type":"Organization","@id":"https:\/\/www.porta-mallorquina.de\/blog\/#organization","name":"Porta Mallorquina Blog","url":"https:\/\/www.porta-mallorquina.de\/blog\/","logo":{"@type":"ImageObject","inLanguage":"de","@id":"https:\/\/www.porta-mallorquina.de\/blog\/#\/schema\/logo\/image\/","url":"https:\/\/www.porta-mallorquina.de\/blog\/mallorca\/porta-mallorquina-real-estate-mallorca-logo.png","contentUrl":"https:\/\/www.porta-mallorquina.de\/blog\/mallorca\/porta-mallorquina-real-estate-mallorca-logo.png","width":570,"height":400,"caption":"Porta Mallorquina Blog"},"image":{"@id":"https:\/\/www.porta-mallorquina.de\/blog\/#\/schema\/logo\/image\/"}},{"@type":"Person","@id":"https:\/\/www.porta-mallorquina.de\/blog\/#\/schema\/person\/762f5edd41dcc87e16e9391fd25d519d","name":"Porta Mallorquina","url":"https:\/\/www.porta-mallorquina.de\/blog\/author\/lnmt53naz\/"}]}},"_links":{"self":[{"href":"https:\/\/www.porta-mallorquina.de\/blog\/wp-json\/wp\/v2\/posts\/3422","targetHints":{"allow":["GET"]}}],"collection":[{"href":"https:\/\/www.porta-mallorquina.de\/blog\/wp-json\/wp\/v2\/posts"}],"about":[{"href":"https:\/\/www.porta-mallorquina.de\/blog\/wp-json\/wp\/v2\/types\/post"}],"author":[{"embeddable":true,"href":"https:\/\/www.porta-mallorquina.de\/blog\/wp-json\/wp\/v2\/users\/9"}],"replies":[{"embeddable":true,"href":"https:\/\/www.porta-mallorquina.de\/blog\/wp-json\/wp\/v2\/comments?post=3422"}],"version-history":[{"count":12,"href":"https:\/\/www.porta-mallorquina.de\/blog\/wp-json\/wp\/v2\/posts\/3422\/revisions"}],"predecessor-version":[{"id":3757,"href":"https:\/\/www.porta-mallorquina.de\/blog\/wp-json\/wp\/v2\/posts\/3422\/revisions\/3757"}],"wp:attachment":[{"href":"https:\/\/www.porta-mallorquina.de\/blog\/wp-json\/wp\/v2\/media?parent=3422"}],"wp:term":[{"taxonomy":"category","embeddable":true,"href":"https:\/\/www.porta-mallorquina.de\/blog\/wp-json\/wp\/v2\/categories?post=3422"},{"taxonomy":"post_tag","embeddable":true,"href":"https:\/\/www.porta-mallorquina.de\/blog\/wp-json\/wp\/v2\/tags?post=3422"}],"curies":[{"name":"wp","href":"https:\/\/api.w.org\/{rel}","templated":true}]}}