{"id":3457,"date":"2014-11-02T10:53:49","date_gmt":"2014-11-02T08:53:49","guid":{"rendered":"http:\/\/www.porta-mallorquina.de\/blog\/?p=3457"},"modified":"2015-10-26T00:56:01","modified_gmt":"2015-10-25T22:56:01","slug":"ria-blum-franchisepartnerin-palma","status":"publish","type":"post","link":"https:\/\/www.porta-mallorquina.de\/blog\/ria-blum-franchisepartnerin-palma\/","title":{"rendered":"Ria Blum, Franchisepartnerin Palma im Portrait"},"content":{"rendered":"<div id=\"attachment_4366\" class=\"wp-caption alignleft\" style=\"width: 338px\"><a href=\"https:\/\/www.porta-mallorquina.de\/blog\/mallorca\/Ria-Blum-Franchisepartnerin-Palma.jpg\" rel=\"https:\/\/www.porta-mallorquina.de\/blog\/mallorca\/Ria-Blum-Franchisepartnerin-Palma.jpg\"><img loading=\"lazy\" decoding=\"async\" class=\" wp-image-4366           \" title=\"https:\/\/www.porta-mallorquina.de\/blog\/mallorca\/Ria-Blum-Franchisepartnerin-Palma.jpg\" alt=\"Ria Blum Franchisepartnerin Palma\" src=\"https:\/\/www.porta-mallorquina.de\/blog\/mallorca\/Ria-Blum-Franchisepartnerin-Palma.jpg\" width=\"338\" height=\"190\" \/><\/a><\/p>\n<p class=\"wp-caption-text\">Ria Blum Franchisepartnerin Palma<\/p>\n<\/div>\n<p>Geboren in der Oberlausitz, in L\u00f6bau, zog es <strong>Ria Blum<\/strong> schon in jungen Jahren in die Ferne. 2003 zog sie mit ihrer Familie in die Dominikanische Republik und arbeitete dort f\u00fcr die amerikanische Maklerkette Coldwell Banker. Obwohl sie sich dort sehr wohl f\u00fchlte, war der gelernten Wirtschaftskauffrau aber nach einiger Zeit klar, dass sie dort dennoch nicht auf Dauer bleiben w\u00fcrde.<\/p>\n<p>Eine Freundin schw\u00e4rmte ihr von Mallorca vor \u2013 Ria kannte die Insel nicht, buchte kurzentschlossen einen Flug und verliebte sich sofort in die charmante Mittelmeerinsel. 2008 stand f\u00fcr sie fest: \u201ehier bleibe ich f\u00fcr immer\u201c und zog von der Karibik ans Mittelmeer. Nach einem intensiven Lehrjahr in Sachen Inselkunde bei einem gro\u00dfen Reiseveranstalter wechselte sie 2009 wieder in ihr angestammtes Metier, den Immobilienhandel. 2010 kam sie zu Porta Mallorquina, 2011 \u00fcbernahm sie die Franchiselizenz f\u00fcr das <strong>Verkaufsgebiet Palma<\/strong>.  Im Mai 2013 er\u00f6ffnete sie in der Calle Conquistador ihren <a href=\"https:\/\/www.porta-mallorquina.de\/palma\/\">Immobilienshop<\/a>.<\/p>\n<p>An Mallorca sch\u00e4tzt die Strandliebhaberin vor allem das gro\u00dfe Sportangebot. Wandern, Radfahren, Inline-Skaten und Kite-Surfen sind f\u00fcr die <strong>passionierte Sportlerin<\/strong> der ideale Ausgleich zu ihrem Job.<\/p>\n<blockquote>\n<p>Ria, was ist das Besondere f\u00fcr Sie an Mallorca?<\/p>\n<\/blockquote>\n<p>Das angenehme Klima, die faszinierende Landschaft, die wunderbaren Str\u00e4nde, die lebendige Multikulti-Gesellschaft\u2026 kurz gesagt: Mallorca ist einfach die sch\u00f6nste Insel der Welt!<\/p>\n<blockquote>\n<p>Welchen Ort zeigen Sie Mallorca- Besuchern als erstes?<\/p>\n<\/blockquote>\n<p>Die Altstadt von Palma, danach w\u00fcrden wir am Paseo Maritmo entlangschlendern bis zum ehemaligen Fischerd\u00f6rfchen Portitxol, wo wir baden, schnorcheln oder einfach nur im Naussau Beach Club wunderbar chillen k\u00f6nnen und das alles nicht weit vom Zentrum entfernt!<\/p>\n<blockquote>\n<p>Ihr Lieblingsrestaurant auf Mallorca?<\/p>\n<\/blockquote>\n<p>Ich liebe Tapas, die besten in Palma bekommt man im \u201eTast\u201c in der Calle Union<\/p>\n<blockquote>\n<p>Und Ihr Lieblingsort in Palma?<\/p>\n<\/blockquote>\n<p>Der Park Bellver, ein Waldgebiet das mitten in der  Innenstadt von Palma liegt. Hier gehe ich gerne joggen.<\/p>\n<blockquote>\n<p>Als Deutsche auf Mallorca zu leben ist\u2026<\/p>\n<\/blockquote>\n<p>Ein Traum und ein absolutes Privileg.<br \/>\n\u2026 Ich bin gl\u00fccklich und dankbar, hier leben und arbeiten zu d\u00fcrfen.<\/p>\n<div id=\"attachment_4389\" class=\"wp-caption aligncenter\" style=\"width: 454px\"><a href=\"https:\/\/www.porta-mallorquina.de\/blog\/mallorca\/Ria_Blum.jpg\"><img loading=\"lazy\" decoding=\"async\" class=\" wp-image-4389     \" alt=\"F\u00fcr Ria Blum ist Sport der ideale Ausgleich zur Arbeit \" src=\"https:\/\/www.porta-mallorquina.de\/blog\/mallorca\/Ria_Blum.jpg\" width=\"454\" height=\"340\" \/><\/a><\/p>\n<p class=\"wp-caption-text\">Ria Blum sch\u00e4tzt das grosse Sportangebot auf Mallorca<\/p>\n<\/div>\n","protected":false},"excerpt":{"rendered":"<p>Seit 2008 lebt Ria Blum auf Mallorca und nach wie vor ist die Insel f\u00fcr sie &quot;der sch\u00f6nste Platz auf der Welt.&quot; Lesen Sie hier, was ihre Lieblingsorte sind.<\/p>\n","protected":false},"author":5,"featured_media":0,"comment_status":"open","ping_status":"open","sticky":false,"template":"","format":"standard","meta":{"footnotes":""},"categories":[7,6],"tags":[],"class_list":["post-3457","post","type-post","status-publish","format-standard","hentry","category-franchise","category-porta-mallorquina"],"yoast_head":"<!-- This site is optimized with the Yoast SEO plugin v27.2 - https:\/\/yoast.com\/product\/yoast-seo-wordpress\/ -->\n<title>Ria Blum, Franchisepartnerin Palma im Portrait<\/title>\n<meta name=\"description\" content=\"Seit 2008 lebt Ria Blum auf Mallorca und nach wie vor ist die Insel f\u00fcr sie &quot;der sch\u00f6nste Platz auf der Welt.&quot; Lesen Sie hier, was ihre Lieblingsorte sind.\" \/>\n<meta name=\"robots\" content=\"index, follow, max-snippet:-1, max-image-preview:large, max-video-preview:-1\" \/>\n<link rel=\"canonical\" href=\"https:\/\/www.porta-mallorquina.de\/blog\/ria-blum-franchisepartnerin-palma\/\" \/>\n<meta property=\"og:locale\" content=\"de_DE\" \/>\n<meta property=\"og:type\" content=\"article\" \/>\n<meta property=\"og:title\" content=\"Ria Blum, Franchisepartnerin Palma im Portrait\" \/>\n<meta property=\"og:description\" content=\"Seit 2008 lebt Ria Blum auf Mallorca und nach wie vor ist die Insel f\u00fcr sie &quot;der sch\u00f6nste Platz auf der Welt.&quot; Lesen Sie hier, was ihre Lieblingsorte sind.\" \/>\n<meta property=\"og:url\" content=\"https:\/\/www.porta-mallorquina.de\/blog\/ria-blum-franchisepartnerin-palma\/\" \/>\n<meta property=\"og:site_name\" content=\"Porta Mallorquina Blog\" \/>\n<meta property=\"article:published_time\" content=\"2014-11-02T08:53:49+00:00\" \/>\n<meta property=\"article:modified_time\" content=\"2015-10-25T22:56:01+00:00\" \/>\n<meta property=\"og:image\" content=\"https:\/\/www.porta-mallorquina.de\/blog\/mallorca\/Ria-Blum-Franchisepartnerin-Palma.jpg\" \/>\n<meta name=\"author\" content=\"Ulrike Eschenbecher\" \/>\n<meta name=\"twitter:card\" content=\"summary_large_image\" \/>\n<meta name=\"twitter:label1\" content=\"Verfasst von\" \/>\n\t<meta name=\"twitter:data1\" content=\"Ulrike Eschenbecher\" \/>\n\t<meta name=\"twitter:label2\" content=\"Gesch\u00e4tzte Lesezeit\" \/>\n\t<meta name=\"twitter:data2\" content=\"2\u00a0Minuten\" \/>\n<script type=\"application\/ld+json\" class=\"yoast-schema-graph\">{\"@context\":\"https:\/\/schema.org\",\"@graph\":[{\"@type\":\"Article\",\"@id\":\"https:\/\/www.porta-mallorquina.de\/blog\/ria-blum-franchisepartnerin-palma\/#article\",\"isPartOf\":{\"@id\":\"https:\/\/www.porta-mallorquina.de\/blog\/ria-blum-franchisepartnerin-palma\/\"},\"author\":{\"name\":\"Ulrike Eschenbecher\",\"@id\":\"https:\/\/www.porta-mallorquina.de\/blog\/#\/schema\/person\/0b62d90dc6962d6e6eb377d955178fc3\"},\"headline\":\"Ria Blum, Franchisepartnerin Palma im Portrait\",\"datePublished\":\"2014-11-02T08:53:49+00:00\",\"dateModified\":\"2015-10-25T22:56:01+00:00\",\"mainEntityOfPage\":{\"@id\":\"https:\/\/www.porta-mallorquina.de\/blog\/ria-blum-franchisepartnerin-palma\/\"},\"wordCount\":352,\"commentCount\":2,\"publisher\":{\"@id\":\"https:\/\/www.porta-mallorquina.de\/blog\/#organization\"},\"image\":{\"@id\":\"https:\/\/www.porta-mallorquina.de\/blog\/ria-blum-franchisepartnerin-palma\/#primaryimage\"},\"thumbnailUrl\":\"https:\/\/www.porta-mallorquina.de\/blog\/mallorca\/Ria-Blum-Franchisepartnerin-Palma.jpg\",\"articleSection\":[\"Franchise\",\"Porta Mallorquina\"],\"inLanguage\":\"de\",\"potentialAction\":[{\"@type\":\"CommentAction\",\"name\":\"Comment\",\"target\":[\"https:\/\/www.porta-mallorquina.de\/blog\/ria-blum-franchisepartnerin-palma\/#respond\"]}]},{\"@type\":\"WebPage\",\"@id\":\"https:\/\/www.porta-mallorquina.de\/blog\/ria-blum-franchisepartnerin-palma\/\",\"url\":\"https:\/\/www.porta-mallorquina.de\/blog\/ria-blum-franchisepartnerin-palma\/\",\"name\":\"Ria Blum, Franchisepartnerin Palma im Portrait\",\"isPartOf\":{\"@id\":\"https:\/\/www.porta-mallorquina.de\/blog\/#website\"},\"primaryImageOfPage\":{\"@id\":\"https:\/\/www.porta-mallorquina.de\/blog\/ria-blum-franchisepartnerin-palma\/#primaryimage\"},\"image\":{\"@id\":\"https:\/\/www.porta-mallorquina.de\/blog\/ria-blum-franchisepartnerin-palma\/#primaryimage\"},\"thumbnailUrl\":\"https:\/\/www.porta-mallorquina.de\/blog\/mallorca\/Ria-Blum-Franchisepartnerin-Palma.jpg\",\"datePublished\":\"2014-11-02T08:53:49+00:00\",\"dateModified\":\"2015-10-25T22:56:01+00:00\",\"description\":\"Seit 2008 lebt Ria Blum auf Mallorca und nach wie vor ist die Insel f\u00fcr sie &quot;der sch\u00f6nste Platz auf der Welt.&quot; Lesen Sie hier, was ihre Lieblingsorte sind.\",\"breadcrumb\":{\"@id\":\"https:\/\/www.porta-mallorquina.de\/blog\/ria-blum-franchisepartnerin-palma\/#breadcrumb\"},\"inLanguage\":\"de\",\"potentialAction\":[{\"@type\":\"ReadAction\",\"target\":[\"https:\/\/www.porta-mallorquina.de\/blog\/ria-blum-franchisepartnerin-palma\/\"]}]},{\"@type\":\"ImageObject\",\"inLanguage\":\"de\",\"@id\":\"https:\/\/www.porta-mallorquina.de\/blog\/ria-blum-franchisepartnerin-palma\/#primaryimage\",\"url\":\"https:\/\/www.porta-mallorquina.de\/blog\/mallorca\/Ria-Blum-Franchisepartnerin-Palma.jpg\",\"contentUrl\":\"https:\/\/www.porta-mallorquina.de\/blog\/mallorca\/Ria-Blum-Franchisepartnerin-Palma.jpg\"},{\"@type\":\"BreadcrumbList\",\"@id\":\"https:\/\/www.porta-mallorquina.de\/blog\/ria-blum-franchisepartnerin-palma\/#breadcrumb\",\"itemListElement\":[{\"@type\":\"ListItem\",\"position\":1,\"name\":\"Startseite\",\"item\":\"https:\/\/www.porta-mallorquina.de\/blog\/\"},{\"@type\":\"ListItem\",\"position\":2,\"name\":\"Ria Blum, Franchisepartnerin Palma im Portrait\"}]},{\"@type\":\"WebSite\",\"@id\":\"https:\/\/www.porta-mallorquina.de\/blog\/#website\",\"url\":\"https:\/\/www.porta-mallorquina.de\/blog\/\",\"name\":\"Porta Mallorquina Blog\",\"description\":\"Mehr als Mallorca Immobilien\",\"publisher\":{\"@id\":\"https:\/\/www.porta-mallorquina.de\/blog\/#organization\"},\"potentialAction\":[{\"@type\":\"SearchAction\",\"target\":{\"@type\":\"EntryPoint\",\"urlTemplate\":\"https:\/\/www.porta-mallorquina.de\/blog\/?s={search_term_string}\"},\"query-input\":{\"@type\":\"PropertyValueSpecification\",\"valueRequired\":true,\"valueName\":\"search_term_string\"}}],\"inLanguage\":\"de\"},{\"@type\":\"Organization\",\"@id\":\"https:\/\/www.porta-mallorquina.de\/blog\/#organization\",\"name\":\"Porta Mallorquina Blog\",\"url\":\"https:\/\/www.porta-mallorquina.de\/blog\/\",\"logo\":{\"@type\":\"ImageObject\",\"inLanguage\":\"de\",\"@id\":\"https:\/\/www.porta-mallorquina.de\/blog\/#\/schema\/logo\/image\/\",\"url\":\"https:\/\/www.porta-mallorquina.de\/blog\/mallorca\/porta-mallorquina-real-estate-mallorca-logo.png\",\"contentUrl\":\"https:\/\/www.porta-mallorquina.de\/blog\/mallorca\/porta-mallorquina-real-estate-mallorca-logo.png\",\"width\":570,\"height\":400,\"caption\":\"Porta Mallorquina Blog\"},\"image\":{\"@id\":\"https:\/\/www.porta-mallorquina.de\/blog\/#\/schema\/logo\/image\/\"}},{\"@type\":\"Person\",\"@id\":\"https:\/\/www.porta-mallorquina.de\/blog\/#\/schema\/person\/0b62d90dc6962d6e6eb377d955178fc3\",\"name\":\"Ulrike Eschenbecher\",\"url\":\"https:\/\/www.porta-mallorquina.de\/blog\/author\/eschenbecher\/\"}]}<\/script>\n<!-- \/ Yoast SEO plugin. -->","yoast_head_json":{"title":"Ria Blum, Franchisepartnerin Palma im Portrait","description":"Seit 2008 lebt Ria Blum auf Mallorca und nach wie vor ist die Insel f\u00fcr sie &quot;der sch\u00f6nste Platz auf der Welt.&quot; Lesen Sie hier, was ihre Lieblingsorte sind.","robots":{"index":"index","follow":"follow","max-snippet":"max-snippet:-1","max-image-preview":"max-image-preview:large","max-video-preview":"max-video-preview:-1"},"canonical":"https:\/\/www.porta-mallorquina.de\/blog\/ria-blum-franchisepartnerin-palma\/","og_locale":"de_DE","og_type":"article","og_title":"Ria Blum, Franchisepartnerin Palma im Portrait","og_description":"Seit 2008 lebt Ria Blum auf Mallorca und nach wie vor ist die Insel f\u00fcr sie &quot;der sch\u00f6nste Platz auf der Welt.&quot; Lesen Sie hier, was ihre Lieblingsorte sind.","og_url":"https:\/\/www.porta-mallorquina.de\/blog\/ria-blum-franchisepartnerin-palma\/","og_site_name":"Porta Mallorquina Blog","article_published_time":"2014-11-02T08:53:49+00:00","article_modified_time":"2015-10-25T22:56:01+00:00","og_image":[{"url":"https:\/\/www.porta-mallorquina.de\/blog\/mallorca\/Ria-Blum-Franchisepartnerin-Palma.jpg","type":"","width":"","height":""}],"author":"Ulrike Eschenbecher","twitter_card":"summary_large_image","twitter_misc":{"Verfasst von":"Ulrike Eschenbecher","Gesch\u00e4tzte Lesezeit":"2\u00a0Minuten"},"schema":{"@context":"https:\/\/schema.org","@graph":[{"@type":"Article","@id":"https:\/\/www.porta-mallorquina.de\/blog\/ria-blum-franchisepartnerin-palma\/#article","isPartOf":{"@id":"https:\/\/www.porta-mallorquina.de\/blog\/ria-blum-franchisepartnerin-palma\/"},"author":{"name":"Ulrike Eschenbecher","@id":"https:\/\/www.porta-mallorquina.de\/blog\/#\/schema\/person\/0b62d90dc6962d6e6eb377d955178fc3"},"headline":"Ria Blum, Franchisepartnerin Palma im Portrait","datePublished":"2014-11-02T08:53:49+00:00","dateModified":"2015-10-25T22:56:01+00:00","mainEntityOfPage":{"@id":"https:\/\/www.porta-mallorquina.de\/blog\/ria-blum-franchisepartnerin-palma\/"},"wordCount":352,"commentCount":2,"publisher":{"@id":"https:\/\/www.porta-mallorquina.de\/blog\/#organization"},"image":{"@id":"https:\/\/www.porta-mallorquina.de\/blog\/ria-blum-franchisepartnerin-palma\/#primaryimage"},"thumbnailUrl":"https:\/\/www.porta-mallorquina.de\/blog\/mallorca\/Ria-Blum-Franchisepartnerin-Palma.jpg","articleSection":["Franchise","Porta Mallorquina"],"inLanguage":"de","potentialAction":[{"@type":"CommentAction","name":"Comment","target":["https:\/\/www.porta-mallorquina.de\/blog\/ria-blum-franchisepartnerin-palma\/#respond"]}]},{"@type":"WebPage","@id":"https:\/\/www.porta-mallorquina.de\/blog\/ria-blum-franchisepartnerin-palma\/","url":"https:\/\/www.porta-mallorquina.de\/blog\/ria-blum-franchisepartnerin-palma\/","name":"Ria Blum, Franchisepartnerin Palma im Portrait","isPartOf":{"@id":"https:\/\/www.porta-mallorquina.de\/blog\/#website"},"primaryImageOfPage":{"@id":"https:\/\/www.porta-mallorquina.de\/blog\/ria-blum-franchisepartnerin-palma\/#primaryimage"},"image":{"@id":"https:\/\/www.porta-mallorquina.de\/blog\/ria-blum-franchisepartnerin-palma\/#primaryimage"},"thumbnailUrl":"https:\/\/www.porta-mallorquina.de\/blog\/mallorca\/Ria-Blum-Franchisepartnerin-Palma.jpg","datePublished":"2014-11-02T08:53:49+00:00","dateModified":"2015-10-25T22:56:01+00:00","description":"Seit 2008 lebt Ria Blum auf Mallorca und nach wie vor ist die Insel f\u00fcr sie &quot;der sch\u00f6nste Platz auf der Welt.&quot; Lesen Sie hier, was ihre Lieblingsorte sind.","breadcrumb":{"@id":"https:\/\/www.porta-mallorquina.de\/blog\/ria-blum-franchisepartnerin-palma\/#breadcrumb"},"inLanguage":"de","potentialAction":[{"@type":"ReadAction","target":["https:\/\/www.porta-mallorquina.de\/blog\/ria-blum-franchisepartnerin-palma\/"]}]},{"@type":"ImageObject","inLanguage":"de","@id":"https:\/\/www.porta-mallorquina.de\/blog\/ria-blum-franchisepartnerin-palma\/#primaryimage","url":"https:\/\/www.porta-mallorquina.de\/blog\/mallorca\/Ria-Blum-Franchisepartnerin-Palma.jpg","contentUrl":"https:\/\/www.porta-mallorquina.de\/blog\/mallorca\/Ria-Blum-Franchisepartnerin-Palma.jpg"},{"@type":"BreadcrumbList","@id":"https:\/\/www.porta-mallorquina.de\/blog\/ria-blum-franchisepartnerin-palma\/#breadcrumb","itemListElement":[{"@type":"ListItem","position":1,"name":"Startseite","item":"https:\/\/www.porta-mallorquina.de\/blog\/"},{"@type":"ListItem","position":2,"name":"Ria Blum, Franchisepartnerin Palma im Portrait"}]},{"@type":"WebSite","@id":"https:\/\/www.porta-mallorquina.de\/blog\/#website","url":"https:\/\/www.porta-mallorquina.de\/blog\/","name":"Porta Mallorquina Blog","description":"Mehr als Mallorca Immobilien","publisher":{"@id":"https:\/\/www.porta-mallorquina.de\/blog\/#organization"},"potentialAction":[{"@type":"SearchAction","target":{"@type":"EntryPoint","urlTemplate":"https:\/\/www.porta-mallorquina.de\/blog\/?s={search_term_string}"},"query-input":{"@type":"PropertyValueSpecification","valueRequired":true,"valueName":"search_term_string"}}],"inLanguage":"de"},{"@type":"Organization","@id":"https:\/\/www.porta-mallorquina.de\/blog\/#organization","name":"Porta Mallorquina Blog","url":"https:\/\/www.porta-mallorquina.de\/blog\/","logo":{"@type":"ImageObject","inLanguage":"de","@id":"https:\/\/www.porta-mallorquina.de\/blog\/#\/schema\/logo\/image\/","url":"https:\/\/www.porta-mallorquina.de\/blog\/mallorca\/porta-mallorquina-real-estate-mallorca-logo.png","contentUrl":"https:\/\/www.porta-mallorquina.de\/blog\/mallorca\/porta-mallorquina-real-estate-mallorca-logo.png","width":570,"height":400,"caption":"Porta Mallorquina Blog"},"image":{"@id":"https:\/\/www.porta-mallorquina.de\/blog\/#\/schema\/logo\/image\/"}},{"@type":"Person","@id":"https:\/\/www.porta-mallorquina.de\/blog\/#\/schema\/person\/0b62d90dc6962d6e6eb377d955178fc3","name":"Ulrike Eschenbecher","url":"https:\/\/www.porta-mallorquina.de\/blog\/author\/eschenbecher\/"}]}},"_links":{"self":[{"href":"https:\/\/www.porta-mallorquina.de\/blog\/wp-json\/wp\/v2\/posts\/3457","targetHints":{"allow":["GET"]}}],"collection":[{"href":"https:\/\/www.porta-mallorquina.de\/blog\/wp-json\/wp\/v2\/posts"}],"about":[{"href":"https:\/\/www.porta-mallorquina.de\/blog\/wp-json\/wp\/v2\/types\/post"}],"author":[{"embeddable":true,"href":"https:\/\/www.porta-mallorquina.de\/blog\/wp-json\/wp\/v2\/users\/5"}],"replies":[{"embeddable":true,"href":"https:\/\/www.porta-mallorquina.de\/blog\/wp-json\/wp\/v2\/comments?post=3457"}],"version-history":[{"count":1,"href":"https:\/\/www.porta-mallorquina.de\/blog\/wp-json\/wp\/v2\/posts\/3457\/revisions"}],"predecessor-version":[{"id":3458,"href":"https:\/\/www.porta-mallorquina.de\/blog\/wp-json\/wp\/v2\/posts\/3457\/revisions\/3458"}],"wp:attachment":[{"href":"https:\/\/www.porta-mallorquina.de\/blog\/wp-json\/wp\/v2\/media?parent=3457"}],"wp:term":[{"taxonomy":"category","embeddable":true,"href":"https:\/\/www.porta-mallorquina.de\/blog\/wp-json\/wp\/v2\/categories?post=3457"},{"taxonomy":"post_tag","embeddable":true,"href":"https:\/\/www.porta-mallorquina.de\/blog\/wp-json\/wp\/v2\/tags?post=3457"}],"curies":[{"name":"wp","href":"https:\/\/api.w.org\/{rel}","templated":true}]}}