{"id":3534,"date":"2013-03-08T13:46:25","date_gmt":"2013-03-08T11:46:25","guid":{"rendered":"http:\/\/www.porta-mallorquina.de\/blog\/?p=3534"},"modified":"2019-03-26T22:39:52","modified_gmt":"2019-03-26T20:39:52","slug":"fahrradtour-ins-tramontana-gebirge-nach-valldemossa","status":"publish","type":"post","link":"https:\/\/www.porta-mallorquina.de\/blog\/fahrradtour-ins-tramontana-gebirge-nach-valldemossa\/","title":{"rendered":"Mit dem Fahrrad nach Valldemossa auf den Spuren von George Sand und Fr\u00e9d\u00e9ric Chopin"},"content":{"rendered":"<p>Fr\u00fchmorgens, wenn die H\u00e4hne kr\u00e4h\u2019n, na ja in der <strong>Stadt Palma de Mallorca<\/strong> kr\u00e4hen sie zwar nicht, aber ich will in aller Hergott\u2019s fr\u00fch mit dem Fahrrad hinauf in\u2019s Tramontana, wo in den Gebirgsd\u00f6rfern auch heute noch die Herren H\u00e4hne ihre Dominanz \u00fcber die Hennen mit lautem Kikeriki verk\u00fcnden.<\/p>\n<h2><span id=\"viele-fahrradwege-auf-mallorca\">Viele Fahrradwege auf Mallorca<\/span><\/h2>\n<div id=\"attachment_3370\" class=\"wp-caption alignleft\" style=\"width: 324px;\">\n<p><img loading=\"lazy\" decoding=\"async\" class=\"  alignleft wp-image-3370\" title=\"Das Ziel der Radtour ist das bekannte Dorf Valldemossa im Nordwesten Mallorcas.\" src=\"https:\/\/www.porta-mallorquina.de\/blog\/mallorca\/valldemossa-mallorca.jpg\" alt=\"Valldemossa Mallorca\" width=\"324\" height=\"243\" \/><\/p>\n<p class=\"wp-caption-text\">Das Ziel der Radtour ist das bekannte Dorf Valldemossa im Nordwesten Mallorcas.<\/p>\n<\/div>\n<p>Obwohl es noch sehr zeitig ist, die Sonne h\u00e4ngt noch hinter dem K\u00fcstengebirge und obwohl die Spanier in der Regel sp\u00e4ter aufstehen, weil sie sich auch sp\u00e4ter schlafen legen als wir emsigen Deutschen, sind doch schon viele Autos unterwegs. Mich st\u00f6rt das weniger, denn in den letzten Jahren wurden auf der <a title=\"Wundersch\u00f6nes Llucmajor: Mallorca mit dem Fahrrad entdecken\" href=\"https:\/\/www.porta-mallorquina.de\/blog\/llucmajor-mallorca-mit-dem-fahrrad-entdecken\/\">Ferieninsel auch viele Fahrradwege<\/a> gebaut. Also strample ich vom Autoverkehr unbehelligt <a title=\"Rundgang im Norden Mallorcas\" href=\"https:\/\/www.porta-mallorquina.de\/blog\/rundgang-im-norden-mallorcas\/\">Richtung Norden<\/a>.<\/p>\n<p>Auf einer Br\u00fccke \u00fcberquere ich die \u201evia cintura\u201c, die Autobahnringstra\u00dfe, die die Kernstadt Palma wie ein Mantel umschlie\u00dft. Hinter mir liegt jetzt die Altstadt mit ihren letzten Ausl\u00e4ufern, die m\u00e4chtige Friedhofsanlage mit ihrem hochstrebenden Grabsteinen und Mausoleen. Auf der anderen Seite der \u201eautovia\u201c prunkt das moderne <a title=\"Ein Sonntagsspaziergang in Palma \u2013 Teil 1\" href=\"https:\/\/www.porta-mallorquina.de\/blog\/ein-sonntagsspaziergang-in-palma\/\">Palma<\/a> mit gl\u00e4sernen Versicherungspal\u00e4sten, gro\u00dfz\u00fcgigen Gesch\u00e4ftsanlagen, weitl\u00e4ufigen Sportanlagen unter anderem dem Stolz aller Mallorquiner, dem Stadion des SC Real Mallorca. Zur rechten Hand sehe ich ein h\u00fcbsches neu erbautes Geb\u00e4ude, das einzige Hotel Palmas, in dem das \u00dcbernachten kostenlos ist. Etwas st\u00f6rend ist allerdings der riesige Stacheldrahtzaun, den das Geb\u00e4ude umgibt und der den Ausgang seiner Insassen blockiert.<\/p>\n<h2><span id=\"beeindruckende-bergwelt\">Beeindruckende Bergwelt<\/span><\/h2>\n<div id=\"attachment_3386\" class=\"wp-caption alignright\" style=\"width: 227px;\">\n<p><img loading=\"lazy\" decoding=\"async\" class=\"  alignright wp-image-3386\" title=\"Mallorcas Nordwesten ist bekannt f\u00fcr seine wildromantische Felsk\u00fcste.\" src=\"https:\/\/www.porta-mallorquina.de\/blog\/mallorca\/nordwesten-mallorca.jpg\" alt=\"Nordwesten von Mallorca\" width=\"227\" height=\"302\" \/><\/p>\n<p class=\"wp-caption-text\">Mallorcas Nordwesten ist bekannt f\u00fcr seine wildromantische Felsk\u00fcste.<\/p>\n<\/div>\n<p>Bei der Weiterfahrt werden die Ansiedlungen weniger und die Natur mit vereinzelten Palmen und G\u00e4rten voller Mandelb\u00e4umen bricht sich ihre Bahn, bis dann auf der linken Seite mit dem riesigen Komplex des neu errichteten Krankenhaus Son Espasses und dem Geb\u00e4ude der Universit\u00e4t die moderne Architektur zu Worte kommt. Weiter geht\u2019s durch die Ebene w\u00e4hrend sich vor uns die m\u00e4chtige <strong>Bergkulisse der Tramontana<\/strong> mit ihrem grauwei\u00dfen Felsenmassiv aufbaut. Wenn ich nicht w\u00fcsste, dass die Stra\u00dfe weiterf\u00fchrt, w\u00e4re zu f\u00fcrchten, dass die Felsen, die links und rechts drohend auftauchen, die Weiterfahrt versperrten.<\/p>\n<h2><span id=\"auf-den-spuren-von-george-sand-und-frdric-chopin\">Auf den Spuren von George Sand und Fr\u00e9d\u00e9ric Chopin<\/span><\/h2>\n<p>Die bequeme, geteerte Stra\u00dfe, die heute das Bergdorf hinauff\u00fchrt, war fr\u00fcher ein holpriger, steiniger Eselspfad, der sich bei Regenf\u00e4llen in einen Bach verwandelte und der teilweise im und neben dem Torrente bergauf ging. Hier hatte sich die<strong> Schriftstellerin George Sand<\/strong> mit dem tuberkulosekranken <strong>Komponistenfreund Fr\u00e9d\u00e9ric Chopin<\/strong> und ihren zwei Kindern, nebst sp\u00e4rlichem Hausrat auf einem Eselskarren am 15. Dezember 1838 die Eingeweide durchsch\u00fctteln lassen. Optimistisch war ihr lungenkranker Freund Chopin, der sich hier in Valldemossa die Heilung seiner Krankheit erhoffte und in einem Brief an einen Freund in Paris schrieb<\/p>\n<blockquote><p>\u201eIch bin auf dem Weg zu einer wunderbaren Kartause in der sch\u00f6nsten Landschaft der Welt, wo ich leben, tr\u00e4umen und komponieren kann\u201c.<\/p><\/blockquote>\n<div id=\"attachment_3382\" class=\"wp-caption alignleft\" style=\"width: 600px;\">\n<p><img loading=\"lazy\" decoding=\"async\" class=\"alignleft wp-image-3382 size-full\" title=\"Seit Jahrhunderten unver\u00e4ndert \u2013 so empfing das mallorquinische Dorf Valldemossa die Schriftstellerin George Sand und Fr\u00e9d\u00e9ric Chopin.\" src=\"https:\/\/www.porta-mallorquina.de\/blog\/mallorca\/dorf-valldemossa-mallorca.jpg\" alt=\"Valldemossa\" width=\"600\" height=\"450\" \/><\/p>\n<p class=\"wp-caption-text\">Seit Jahrhunderten unver\u00e4ndert \u2013 so empfing das mallorquinische Dorf Valldemossa die Schriftstellerin George Sand und Fr\u00e9d\u00e9ric Chopin.<\/p>\n<\/div>\n<p>Die Ursache, warum George Sand, sie war \u00fcbrigens immer noch mit einem franz\u00f6sischen Baron verheiratet, mit ihrem Geliebten Chopin, Sohn Maurice und Tochter Solange in das <strong>Bergdorf Valldemossa<\/strong> fl\u00fcchtete, wo sich bis dorthin kaum je ein Fremder hatte blicken lassen, hatte folgenden Grund:<\/p>\n<p>Nachdem sich die franz\u00f6sischen Touristen am 7. November 1838 in Barcelona auf dem Raddampfer \u201eEl Mallorquin\u201c einschiffen lie\u00dfen und nach 18 Stunden Palma erreichten, verbreitete sich in Windeseile die Nachricht, dass der \u201eSe\u00f1or\u201c an Schwindsucht leide. Da die Einheimischen die Ansteckung der Tuberkulose wie die Pest f\u00fcrchteten, wollte ihnen niemand mehr Unterkunft gew\u00e4hren. Durch die Vermittlung des franz\u00f6sischen Konsuls erfuhren sie, dass sie im Kart\u00e4userkloster in <a title=\"Immobilien in Valldemossa\" href=\"https:\/\/www.porta-mallorquina.de\/immobilien\/kaufen\/valldemossa\/\">Valldemossa<\/a> unterkommen k\u00f6nnten.<\/p>\n<h2><span id=\"die-geschichte-des-kartuserklosters-von-valldemossa\">Die Geschichte des Kart\u00e4userklosters von Valldemossa<\/span><\/h2>\n<div id=\"attachment_3383\" class=\"wp-caption alignleft\" style=\"width: 324px;\">\n<p><img loading=\"lazy\" decoding=\"async\" class=\"  alignleft wp-image-3383\" title=\"Der Glockenturm ist das Wahrzeichen Valdemossas\" src=\"https:\/\/www.porta-mallorquina.de\/blog\/mallorca\/glockenturm-wahrzeichen-valldemossa.jpg\" alt=\"Wahrzeichen des Dorfes Valldemossa\" width=\"324\" height=\"243\" \/><\/p>\n<p class=\"wp-caption-text\">Der Glockenturm ist das Wahrzeichen Valdemossas<\/p>\n<\/div>\n<p>Der Ursprung der Kartause des Jesus von Nazaret geht auf die Zeit der \u00dcbereignung des alten mallorquinischen Palastes von K\u00f6nig Sandro I., zur\u00fcck, der Anfang des 14. Jahrhunderts als Jagdpalast errichtet wurde. Sp\u00e4ter, als das K\u00f6nigreich Mallorca an die Krone von Aragon fiel, beschlie\u00dft 1399 K\u00f6nig Martin, der Humane, seinen Palast, namens Pujol an den Orden der Kart\u00e4userm\u00f6nche abzutreten. Um 1526 war der Hauptteil des Klosters fertig gestellt und Ende des 17. Jahrhunderts nahm die Apotheke den Betrieb auf. Die Einfl\u00fcsse der franz\u00f6sischen Revolution verfehlten auch ihre Auswirkungen in Mallorca nicht. 1835 erlie\u00df die spanische Regierung ein S\u00e4kularisierungs-Dekret, dass alle Kl\u00f6ster mit einer Ordensgemeinde von weniger als 12 M\u00f6nchen aufgel\u00f6st werden. Das Kloster und seine Besitzungen wurden enteignet, der Staat als neuer Besitzer bietet die Klosterzellen zur Vermietung an.<\/p>\n<h2><span id=\"chopin-komponierte-auf-mallorca\">Chopin komponierte auf Mallorca<\/span><\/h2>\n<p>Der Aufenthalt war f\u00fcr die Franzosen, wie Sand in ihrem Buch \u201eEin Winter auf Mallorca\u201c schreibt, Segen und Fluch zugleich. Chopin widmete sich ganz seiner Arbeit, er spielte auf seinem Klavier und ein Handwerker, der den K\u00fcnstler spielen h\u00f6rte geriet, wie Sand schreibt \u201ein eine Art von Verz\u00fcckung, er lie\u00df seine Arbeit liegen und postierte sich hinter dem Stuhl des Pianisten mit halboffenen Mund und hervortretenden Augen\u201c. Hier in der Klosterzelle komponierte und vollendete er zahlreiche seiner bedeutendsten Werke. Aber je weiter der kalte und regnerische Winter voranschritt, umso mehr verschlimmerte sich seine Krankheit. In der modrigen Klosterzelle, wo der Wind durch alle Ritzen pfiff, f\u00fchlte er sich fern vom Pariser Salonleben einsam und verlassen, zudem das hei\u00dfe Sexleben zwischen ihm und George krankheitshalber in ein keusches Mutter-Kind-Verh\u00e4ltnis \u00fcbergegangen war. Seine Partnerin, die Zigaretten rauchend in M\u00e4nnerhosen durch das Dorf wandelte, wurde von den Einheimischen als \u201egottlose Hexe\u201c, die nie in die Kirche ging und in st\u00e4ndiger Tods\u00fcnde lebte, geschm\u00e4ht. Dies hinderte die D\u00f6rfler aber nicht, sie beim Kauf von Lebensmitteln st\u00e4ndig \u00fcbers Ohr zu hauen. Die M\u00fchseligkeiten des Alltags entsch\u00e4digten die herrlichen Ausblicke und die Spazierg\u00e4nge in der paradiesischen Landschaft.<\/p>\n<h2><span id=\"mallorcas-nordwesten-beeindruckt-die-pariserin\">Mallorcas Nordwesten beeindruckt die Pariserin<\/span><\/h2>\n<p>Noch habe ich den Satz der Schriftstellerin Sand im Hinterkopf beim Anblick des idyllischen Valldemossa und seiner Umgebung.<\/p>\n<blockquote><p>\u201eEs war der gewaltigste Eindruck, den mir die Natur jemals vermittelt hat und ich bin h\u00f6chstens drei- oder viermal in meinem Leben \u00e4hnlich ergriffen gewesen\u201c.<\/p><\/blockquote>\n<div id=\"attachment_3409\" class=\"wp-caption alignright\" style=\"width: 324px;\">\n<p><img loading=\"lazy\" decoding=\"async\" class=\"  alignright wp-image-3409\" title=\"In diesem Kloster wohnten George Sand und Fr\u00e9d\u00e9ric Chopin auf Mallorca\" src=\"https:\/\/www.porta-mallorquina.de\/blog\/mallorca\/kloster-valldemossa2.jpg\" alt=\"Kloster in Valldemossa Mallorca\" width=\"324\" height=\"243\" \/><\/p>\n<p class=\"wp-caption-text\">In diesem Kloster wohnten George Sand und Fr\u00e9d\u00e9ric Chopin auf Mallorca<\/p>\n<\/div>\n<p>Ich trete m\u00fchsam meinen Drahtesel, denn die Stra\u00dfe steigt jetzt steiler bergan, da habe ich auch schon die Engstelle, wo nur die Stra\u00dfe und der Torrente eine Kluft zwischen den Felsw\u00e4nden l\u00e4sst, passiert. Vor mir \u00f6ffnet sich ein gigantisches Panorama. Vor mir breitet sich eine gr\u00fcne Ebene aus denen Palmen, Mandel- Oliven- und Johannisbrotb\u00e4ume wie Wachtposten zwischen Wiesen und \u00c4ckern hervorstechen. Dahinter recken sich Steinmauern, erbaut in arabischen Zeiten, sp\u00e4ter erhalten und versorgt von flei\u00dfigen M\u00f6nchsh\u00e4nden, um in gestuften horizontalen G\u00e4rten, vom Bergwasser in Kan\u00e4len begossen, dem kargen Boden Kartoffeln, Gem\u00fcse, Zwiebeln und Getreide abzutrotzen. Eingerahmt ist dieses kolossale Amphietheater links und rechts von Bergen, bedeckt mit Steineichenwald aus denen immer wieder riesige, nackte Steinformationen hervorlugen. Oben \u00fcber der von Bergkulissen eingerahmten Gartenlandschaft thront das Bergdorf Valldemossa mit seinen graubraunen uralten Steinh\u00e4usern und der Klosterkirche, deren Glockenturm mit seiner geschwungenen Haube, die mit t\u00fcrkisgr\u00fcnen Kacheln ausgekleidet ist, als Wahrzeichen Valldemossas gilt.<\/p>\n<h2><span id=\"rundgang-durch-valldemossa\">Rundgang durch Valldemossa<\/span><\/h2>\n<p>Die Stra\u00dfe windet sich in Kurven nach oben und fordert den Schwei\u00df des gerechten Radlers, entsch\u00e4digt aber immer wieder durch wechselnde, aber harmonische Perspektiven von Dorf, Kloster und Kirche. Jetzt kann ich auch verstehen warum Valldemossa als das meist besuchte Dorf Spaniens gilt. Endlich ist die letzte Bergkurve genommen, ich lehne das Fahrrad an eine Steinmauer, ich bin bereit zu Fu\u00df von Valldemossa mit offenen Armen empfangen zu werden. Der erste Besuch geb\u00fchrt nat\u00fcrlich dem Karth\u00e4userkloster. Nach der Lekt\u00fcre der Erinnerungen Sands in \u201eEin Winter auf Mallorca\u201c hatte ich mir die Klosterzellen viel kleiner und maroder vorgestellt. Tats\u00e4chlich aber standen jedem Karth\u00e4userm\u00f6nch, \u00fcbrigens einer der strengsten katholischen Orden, mit der Verpflichtung zu absoluter Armut und Keuschheit, sowie partieller Schweigepflicht, drei R\u00e4ume und ein angeschlossener Garten zur Verf\u00fcgung. Bewohnt hat das K\u00fcnstlerehepaar Zelle 4, diese und die weitere M\u00f6nchszelle 2 sind als Museum mit Mobiliar, Musikinstrumenten und Exemplaren der beiden Schrift- und Musikk\u00fcnstler ausgestattet. Die Klosterapotheke mit Flaschen, Pillen, Rezepten und Klistieren gibt einen Einblick in die Heilkunst vergangener Jahrhunderte.<\/p>\n<div id=\"attachment_3388\" class=\"wp-caption alignleft\" style=\"width: 324px;\">\n<p><img loading=\"lazy\" decoding=\"async\" class=\"alignleft wp-image-3388\" title=\"Das Dorf Valdemossa mit seinen gepflegten Gassen l\u00e4dt zum Bummeln ein.\" src=\"https:\/\/www.porta-mallorquina.de\/blog\/mallorca\/valdemossa-dorf-mallorca.jpg\" alt=\"Valldemossa auf Mallorca\" width=\"324\" height=\"243\" \/><\/p>\n<p class=\"wp-caption-text\">Das Dorf Valdemossa mit seinen gepflegten Gassen l\u00e4dt zum Bummeln ein.<\/p>\n<\/div>\n<p>Die Klosterkirche, deren schlichte Anf\u00e4nge bis ins 15. Jahrhundert zur\u00fcckgehen, wurde 1738 umgebaut und erweitert. Der Karth\u00e4userm\u00f6nch Manuel Bargens malte in dem einschiffigen Kircheninnern ein ansprechendes Deckenfresko mit Szenen aus dem Leben der Muttergottes und der Himmelfahrt Christi.<\/p>\n<h3><span id=\"atemberaubender-panoramablick\">Atemberaubender Panoramablick<\/span><\/h3>\n<p>Nach dem Besuch des Klosters mit Kreuzgang, Druckerei und Bibliothek wandelte ich gem\u00e4chlich \u00fcber den steinernen Vorplatz, der mit m\u00e4chtigen Platanen best\u00fcckt ist und auf der unteren Seite von Restaurants und Bars begrenzt ist, durch einen alten Rundbogen zum Palan du Rei Sanc. Diesem Palast, der auch heute noch durch seine mit M\u00f6rtel verputzten Steinquadern imponiert, verdankt das Kloster und letztendlich auch das Dorf seine Entstehung. Der mallorquinische K\u00f6nig Jaume II hat seinem Sohn Sanc hier in den Bergen eine Burg erbauen lassen, die dem an Asthma leidenden Sohn das Atmen und Leben erleichtern sollte. Dem Sohn hat es nicht so viel gen\u00fctzt aber den M\u00f6nchen, die sp\u00e4ter den Palast geschenkt bekamen. Das Sch\u00f6nste aber am Palast ist heute, wenn man auf der Ballestrade steht und dann von oben \u00fcber die Terrasseng\u00e4rten blickt.<\/p>\n<div id=\"attachment_3387\" class=\"wp-caption alignright\" style=\"width: 324px;\">\n<p><img loading=\"lazy\" decoding=\"async\" class=\"alignright wp-image-3387\" title=\"Die ber\u00fchmten Terrasseng\u00e4rten von Valldemossa\" src=\"https:\/\/www.porta-mallorquina.de\/blog\/mallorca\/terrassengaerten-valldemossa-mallorca.jpg\" alt=\"Terrasseng\u00e4rten Valldemossa\" width=\"324\" height=\"243\" \/><\/p>\n<p class=\"wp-caption-text\">Die ber\u00fchmten Terrasseng\u00e4rten von Valdemossa<\/p>\n<\/div>\n<p>Ein krumm geformter Olivenbaumstamm hier, eine m\u00e4chtig wuchernde Brombeerhecke dort und dann die Krone einer K\u00f6nigspalme im Wind. \u00dcber den D\u00e4chern des Dorfes streckt sich die m\u00e4chtige, bewaldete Flanke des Teix (1054 m), gerade in der Ferne glaubt man die H\u00e4user Palmas erahnen zu k\u00f6nnen und rechts ganz nah der geschlossene Steineichenwald.<\/p>\n<p>Soviel Sch\u00f6nheit macht hungrig und vor allem wenn man immer die F\u00fc\u00dfe bewegt hat. Eine Pizza beruhigt den Magen und ein Bier bes\u00e4nftigt das Gem\u00fct. Ich bummle durch die Dorfstra\u00dfe, die jetzt von Touristen wimmelt. Sprachen m\u00fcsste man k\u00f6nnen, dann k\u00f6nnte man Russisch, Franz\u00f6sisch oder Holl\u00e4ndisch mitreden. Dankbar nehme ich das Angebot einer Tienda an, wo man sich aus kleinen F\u00e4sschen mallorquinische Lik\u00f6re und Schn\u00e4pse zum probieren herunterzapfen kann.<\/p>\n<div id=\"attachment_3384\" class=\"wp-caption alignleft\" style=\"width: 194px;\">\n<p><img loading=\"lazy\" decoding=\"async\" class=\"  alignleft wp-image-3384\" title=\"Die Inselheilige Catalina Thomas\" src=\"https:\/\/www.porta-mallorquina.de\/blog\/mallorca\/inselheilige-mallorca.jpg\" alt=\"Inselheilige des Dorfes Valldemossa auf Mallorca\" width=\"194\" height=\"259\" \/><\/p>\n<p class=\"wp-caption-text\">Die Inselheilige Catalina Thomas<\/p>\n<\/div>\n<h2><span id=\"inselheilige-catalina-thomas\">Inselheilige Catalina Thomas<\/span><\/h2>\n<p>So gest\u00e4rkt marschiere ich durch geschwungene Steing\u00e4sschen an wei\u00dfen gekalkten aber meist grau gemauerten Steinh\u00e4usern mit geschlossenen gr\u00fcnen Fensterl\u00e4den in die Unterstadt. Jetzt f\u00e4llt mir auf, dass an jedem Haus eine Kachel oder eine ganze Serie von Keramiken an den H\u00e4userfronten prangen, die ein junges M\u00e4dchen in mallorquinischer Tracht oder Szenen aus deren Leben zeigen. Diese Darstellungen bilden alle die Inselheilige Catalina Thomas (1531 \u2013 1574) ab, die als junge Frau in das Kloster Santa Magdalena in Palma eintrat, dort himmlische Visionen hatte und Wunder vollbrachte, die schlie\u00dflich 1930 zu ihrer Heiligsprechung f\u00fchrten.<\/p>\n<p>Nun stehe ich vor dem Geburtshaus, fr\u00fcher ein schlichtes Bauernhaus, heute eine Kapelle und Pilgerort vieler frommer mallorquinischer Pilger. Ich will nun zur nahegelegenen Pfarrkirchen Sant Bartolomen und zur dort gelegenen Urkunde der Seligsprechung (1792) Catalinas gehen, in der stillen Hoffnung, dass f\u00fcr einen armen S\u00fcnder wie mir, ein Gnadenpartikel abspringt. Die Kirchenpforte ist allerdings wie bei fast allen Kirchen auf Mallorca, au\u00dfer man kann Eintritt kassieren, versperrt. Also muss es auch ohne Gnadenspende gehen, aber vielleicht hat die Inselheilige doch irgendwie geholfen, denn trotz des starken R\u00fcckreiseverkehrs und der vielen Kurven kam ich heil und ganz mit meinem Fahrrad wieder in Palma an.<\/p>\n","protected":false},"excerpt":{"rendered":"<p>Fr\u00fchmorgens, wenn die H\u00e4hne kr\u00e4h\u2019n, na ja in der Stadt Palma de Mallorca kr\u00e4hen sie zwar nicht, aber ich will in aller Hergott\u2019s fr\u00fch mit dem Fahrrad hinauf in\u2019s Tramontana, wo in den Gebirgsd\u00f6rfern auch heute noch die Herren H\u00e4hne ihre Dominanz \u00fcber die Hennen mit lautem Kikeriki verk\u00fcnden. Viele Fahrradwege auf Mallorca Das Ziel [&hellip;]<\/p>\n","protected":false},"author":6,"featured_media":0,"comment_status":"open","ping_status":"open","sticky":false,"template":"","format":"standard","meta":{"footnotes":""},"categories":[3,32],"tags":[],"class_list":["post-3534","post","type-post","status-publish","format-standard","hentry","category-mallorca","category-radfahren"],"yoast_head":"<!-- This site is optimized with the Yoast SEO plugin v27.2 - https:\/\/yoast.com\/product\/yoast-seo-wordpress\/ -->\n<title>Mit dem Fahrrad nach Valldemossa auf den Spuren von George Sand und Fr\u00e9d\u00e9ric Chopin<\/title>\n<meta name=\"description\" content=\"Sie m\u00f6chten mit dem Fahrrad von Palma hinauf in\u2019s Tramontana nach Valldemossa? Hier finden Sie eine Radtour auf den Spuren von George Sand und dem Komponisten Fr\u00e9d\u00e9ric Chopin.\" \/>\n<meta name=\"robots\" content=\"index, follow, max-snippet:-1, max-image-preview:large, max-video-preview:-1\" \/>\n<link rel=\"canonical\" href=\"https:\/\/www.porta-mallorquina.de\/blog\/fahrradtour-ins-tramontana-gebirge-nach-valldemossa\/\" \/>\n<meta property=\"og:locale\" content=\"de_DE\" \/>\n<meta property=\"og:type\" content=\"article\" \/>\n<meta property=\"og:title\" content=\"Mit dem Fahrrad nach Valldemossa auf den Spuren von George Sand und Fr\u00e9d\u00e9ric Chopin\" \/>\n<meta property=\"og:description\" content=\"Sie m\u00f6chten mit dem Fahrrad von Palma hinauf in\u2019s Tramontana nach Valldemossa? Hier finden Sie eine Radtour auf den Spuren von George Sand und dem Komponisten Fr\u00e9d\u00e9ric Chopin.\" \/>\n<meta property=\"og:url\" content=\"https:\/\/www.porta-mallorquina.de\/blog\/fahrradtour-ins-tramontana-gebirge-nach-valldemossa\/\" \/>\n<meta property=\"og:site_name\" content=\"Porta Mallorquina Blog\" \/>\n<meta property=\"article:published_time\" content=\"2013-03-08T11:46:25+00:00\" \/>\n<meta property=\"article:modified_time\" content=\"2019-03-26T20:39:52+00:00\" \/>\n<meta property=\"og:image\" content=\"https:\/\/www.porta-mallorquina.de\/blog\/mallorca\/valldemossa-mallorca.jpg\" \/>\n<meta name=\"author\" content=\"Dr. Wolfgang Hierl\" \/>\n<meta name=\"twitter:card\" content=\"summary_large_image\" \/>\n<meta name=\"twitter:label1\" content=\"Verfasst von\" \/>\n\t<meta name=\"twitter:data1\" content=\"Dr. Wolfgang Hierl\" \/>\n\t<meta name=\"twitter:label2\" content=\"Gesch\u00e4tzte Lesezeit\" \/>\n\t<meta name=\"twitter:data2\" content=\"10\u00a0Minuten\" \/>\n<script type=\"application\/ld+json\" class=\"yoast-schema-graph\">{\"@context\":\"https:\/\/schema.org\",\"@graph\":[{\"@type\":\"Article\",\"@id\":\"https:\/\/www.porta-mallorquina.de\/blog\/fahrradtour-ins-tramontana-gebirge-nach-valldemossa\/#article\",\"isPartOf\":{\"@id\":\"https:\/\/www.porta-mallorquina.de\/blog\/fahrradtour-ins-tramontana-gebirge-nach-valldemossa\/\"},\"author\":{\"name\":\"Dr. Wolfgang Hierl\",\"@id\":\"https:\/\/www.porta-mallorquina.de\/blog\/#\/schema\/person\/51eb74d336cd58902284e420693cf840\"},\"headline\":\"Mit dem Fahrrad nach Valldemossa auf den Spuren von George Sand und Fr\u00e9d\u00e9ric Chopin\",\"datePublished\":\"2013-03-08T11:46:25+00:00\",\"dateModified\":\"2019-03-26T20:39:52+00:00\",\"mainEntityOfPage\":{\"@id\":\"https:\/\/www.porta-mallorquina.de\/blog\/fahrradtour-ins-tramontana-gebirge-nach-valldemossa\/\"},\"wordCount\":1997,\"commentCount\":0,\"publisher\":{\"@id\":\"https:\/\/www.porta-mallorquina.de\/blog\/#organization\"},\"image\":{\"@id\":\"https:\/\/www.porta-mallorquina.de\/blog\/fahrradtour-ins-tramontana-gebirge-nach-valldemossa\/#primaryimage\"},\"thumbnailUrl\":\"https:\/\/www.porta-mallorquina.de\/blog\/mallorca\/valldemossa-mallorca.jpg\",\"articleSection\":[\"Mallorca\",\"Radfahren\"],\"inLanguage\":\"de\",\"potentialAction\":[{\"@type\":\"CommentAction\",\"name\":\"Comment\",\"target\":[\"https:\/\/www.porta-mallorquina.de\/blog\/fahrradtour-ins-tramontana-gebirge-nach-valldemossa\/#respond\"]}]},{\"@type\":\"WebPage\",\"@id\":\"https:\/\/www.porta-mallorquina.de\/blog\/fahrradtour-ins-tramontana-gebirge-nach-valldemossa\/\",\"url\":\"https:\/\/www.porta-mallorquina.de\/blog\/fahrradtour-ins-tramontana-gebirge-nach-valldemossa\/\",\"name\":\"Mit dem Fahrrad nach Valldemossa auf den Spuren von George Sand und Fr\u00e9d\u00e9ric Chopin\",\"isPartOf\":{\"@id\":\"https:\/\/www.porta-mallorquina.de\/blog\/#website\"},\"primaryImageOfPage\":{\"@id\":\"https:\/\/www.porta-mallorquina.de\/blog\/fahrradtour-ins-tramontana-gebirge-nach-valldemossa\/#primaryimage\"},\"image\":{\"@id\":\"https:\/\/www.porta-mallorquina.de\/blog\/fahrradtour-ins-tramontana-gebirge-nach-valldemossa\/#primaryimage\"},\"thumbnailUrl\":\"https:\/\/www.porta-mallorquina.de\/blog\/mallorca\/valldemossa-mallorca.jpg\",\"datePublished\":\"2013-03-08T11:46:25+00:00\",\"dateModified\":\"2019-03-26T20:39:52+00:00\",\"description\":\"Sie m\u00f6chten mit dem Fahrrad von Palma hinauf in\u2019s Tramontana nach Valldemossa? Hier finden Sie eine Radtour auf den Spuren von George Sand und dem Komponisten Fr\u00e9d\u00e9ric Chopin.\",\"breadcrumb\":{\"@id\":\"https:\/\/www.porta-mallorquina.de\/blog\/fahrradtour-ins-tramontana-gebirge-nach-valldemossa\/#breadcrumb\"},\"inLanguage\":\"de\",\"potentialAction\":[{\"@type\":\"ReadAction\",\"target\":[\"https:\/\/www.porta-mallorquina.de\/blog\/fahrradtour-ins-tramontana-gebirge-nach-valldemossa\/\"]}]},{\"@type\":\"ImageObject\",\"inLanguage\":\"de\",\"@id\":\"https:\/\/www.porta-mallorquina.de\/blog\/fahrradtour-ins-tramontana-gebirge-nach-valldemossa\/#primaryimage\",\"url\":\"https:\/\/www.porta-mallorquina.de\/blog\/mallorca\/valldemossa-mallorca.jpg\",\"contentUrl\":\"https:\/\/www.porta-mallorquina.de\/blog\/mallorca\/valldemossa-mallorca.jpg\"},{\"@type\":\"BreadcrumbList\",\"@id\":\"https:\/\/www.porta-mallorquina.de\/blog\/fahrradtour-ins-tramontana-gebirge-nach-valldemossa\/#breadcrumb\",\"itemListElement\":[{\"@type\":\"ListItem\",\"position\":1,\"name\":\"Startseite\",\"item\":\"https:\/\/www.porta-mallorquina.de\/blog\/\"},{\"@type\":\"ListItem\",\"position\":2,\"name\":\"Mit dem Fahrrad nach Valldemossa auf den Spuren von George Sand und Fr\u00e9d\u00e9ric Chopin\"}]},{\"@type\":\"WebSite\",\"@id\":\"https:\/\/www.porta-mallorquina.de\/blog\/#website\",\"url\":\"https:\/\/www.porta-mallorquina.de\/blog\/\",\"name\":\"Porta Mallorquina Blog\",\"description\":\"Mehr als Mallorca Immobilien\",\"publisher\":{\"@id\":\"https:\/\/www.porta-mallorquina.de\/blog\/#organization\"},\"potentialAction\":[{\"@type\":\"SearchAction\",\"target\":{\"@type\":\"EntryPoint\",\"urlTemplate\":\"https:\/\/www.porta-mallorquina.de\/blog\/?s={search_term_string}\"},\"query-input\":{\"@type\":\"PropertyValueSpecification\",\"valueRequired\":true,\"valueName\":\"search_term_string\"}}],\"inLanguage\":\"de\"},{\"@type\":\"Organization\",\"@id\":\"https:\/\/www.porta-mallorquina.de\/blog\/#organization\",\"name\":\"Porta Mallorquina Blog\",\"url\":\"https:\/\/www.porta-mallorquina.de\/blog\/\",\"logo\":{\"@type\":\"ImageObject\",\"inLanguage\":\"de\",\"@id\":\"https:\/\/www.porta-mallorquina.de\/blog\/#\/schema\/logo\/image\/\",\"url\":\"https:\/\/www.porta-mallorquina.de\/blog\/mallorca\/porta-mallorquina-real-estate-mallorca-logo.png\",\"contentUrl\":\"https:\/\/www.porta-mallorquina.de\/blog\/mallorca\/porta-mallorquina-real-estate-mallorca-logo.png\",\"width\":570,\"height\":400,\"caption\":\"Porta Mallorquina Blog\"},\"image\":{\"@id\":\"https:\/\/www.porta-mallorquina.de\/blog\/#\/schema\/logo\/image\/\"}},{\"@type\":\"Person\",\"@id\":\"https:\/\/www.porta-mallorquina.de\/blog\/#\/schema\/person\/51eb74d336cd58902284e420693cf840\",\"name\":\"Dr. Wolfgang Hierl\",\"url\":\"https:\/\/www.porta-mallorquina.de\/blog\/author\/dr-wolfgang-hierl\/\"}]}<\/script>\n<!-- \/ Yoast SEO plugin. -->","yoast_head_json":{"title":"Mit dem Fahrrad nach Valldemossa auf den Spuren von George Sand und Fr\u00e9d\u00e9ric Chopin","description":"Sie m\u00f6chten mit dem Fahrrad von Palma hinauf in\u2019s Tramontana nach Valldemossa? Hier finden Sie eine Radtour auf den Spuren von George Sand und dem Komponisten Fr\u00e9d\u00e9ric Chopin.","robots":{"index":"index","follow":"follow","max-snippet":"max-snippet:-1","max-image-preview":"max-image-preview:large","max-video-preview":"max-video-preview:-1"},"canonical":"https:\/\/www.porta-mallorquina.de\/blog\/fahrradtour-ins-tramontana-gebirge-nach-valldemossa\/","og_locale":"de_DE","og_type":"article","og_title":"Mit dem Fahrrad nach Valldemossa auf den Spuren von George Sand und Fr\u00e9d\u00e9ric Chopin","og_description":"Sie m\u00f6chten mit dem Fahrrad von Palma hinauf in\u2019s Tramontana nach Valldemossa? Hier finden Sie eine Radtour auf den Spuren von George Sand und dem Komponisten Fr\u00e9d\u00e9ric Chopin.","og_url":"https:\/\/www.porta-mallorquina.de\/blog\/fahrradtour-ins-tramontana-gebirge-nach-valldemossa\/","og_site_name":"Porta Mallorquina Blog","article_published_time":"2013-03-08T11:46:25+00:00","article_modified_time":"2019-03-26T20:39:52+00:00","og_image":[{"url":"https:\/\/www.porta-mallorquina.de\/blog\/mallorca\/valldemossa-mallorca.jpg","type":"","width":"","height":""}],"author":"Dr. Wolfgang Hierl","twitter_card":"summary_large_image","twitter_misc":{"Verfasst von":"Dr. Wolfgang Hierl","Gesch\u00e4tzte Lesezeit":"10\u00a0Minuten"},"schema":{"@context":"https:\/\/schema.org","@graph":[{"@type":"Article","@id":"https:\/\/www.porta-mallorquina.de\/blog\/fahrradtour-ins-tramontana-gebirge-nach-valldemossa\/#article","isPartOf":{"@id":"https:\/\/www.porta-mallorquina.de\/blog\/fahrradtour-ins-tramontana-gebirge-nach-valldemossa\/"},"author":{"name":"Dr. Wolfgang Hierl","@id":"https:\/\/www.porta-mallorquina.de\/blog\/#\/schema\/person\/51eb74d336cd58902284e420693cf840"},"headline":"Mit dem Fahrrad nach Valldemossa auf den Spuren von George Sand und Fr\u00e9d\u00e9ric Chopin","datePublished":"2013-03-08T11:46:25+00:00","dateModified":"2019-03-26T20:39:52+00:00","mainEntityOfPage":{"@id":"https:\/\/www.porta-mallorquina.de\/blog\/fahrradtour-ins-tramontana-gebirge-nach-valldemossa\/"},"wordCount":1997,"commentCount":0,"publisher":{"@id":"https:\/\/www.porta-mallorquina.de\/blog\/#organization"},"image":{"@id":"https:\/\/www.porta-mallorquina.de\/blog\/fahrradtour-ins-tramontana-gebirge-nach-valldemossa\/#primaryimage"},"thumbnailUrl":"https:\/\/www.porta-mallorquina.de\/blog\/mallorca\/valldemossa-mallorca.jpg","articleSection":["Mallorca","Radfahren"],"inLanguage":"de","potentialAction":[{"@type":"CommentAction","name":"Comment","target":["https:\/\/www.porta-mallorquina.de\/blog\/fahrradtour-ins-tramontana-gebirge-nach-valldemossa\/#respond"]}]},{"@type":"WebPage","@id":"https:\/\/www.porta-mallorquina.de\/blog\/fahrradtour-ins-tramontana-gebirge-nach-valldemossa\/","url":"https:\/\/www.porta-mallorquina.de\/blog\/fahrradtour-ins-tramontana-gebirge-nach-valldemossa\/","name":"Mit dem Fahrrad nach Valldemossa auf den Spuren von George Sand und Fr\u00e9d\u00e9ric Chopin","isPartOf":{"@id":"https:\/\/www.porta-mallorquina.de\/blog\/#website"},"primaryImageOfPage":{"@id":"https:\/\/www.porta-mallorquina.de\/blog\/fahrradtour-ins-tramontana-gebirge-nach-valldemossa\/#primaryimage"},"image":{"@id":"https:\/\/www.porta-mallorquina.de\/blog\/fahrradtour-ins-tramontana-gebirge-nach-valldemossa\/#primaryimage"},"thumbnailUrl":"https:\/\/www.porta-mallorquina.de\/blog\/mallorca\/valldemossa-mallorca.jpg","datePublished":"2013-03-08T11:46:25+00:00","dateModified":"2019-03-26T20:39:52+00:00","description":"Sie m\u00f6chten mit dem Fahrrad von Palma hinauf in\u2019s Tramontana nach Valldemossa? Hier finden Sie eine Radtour auf den Spuren von George Sand und dem Komponisten Fr\u00e9d\u00e9ric Chopin.","breadcrumb":{"@id":"https:\/\/www.porta-mallorquina.de\/blog\/fahrradtour-ins-tramontana-gebirge-nach-valldemossa\/#breadcrumb"},"inLanguage":"de","potentialAction":[{"@type":"ReadAction","target":["https:\/\/www.porta-mallorquina.de\/blog\/fahrradtour-ins-tramontana-gebirge-nach-valldemossa\/"]}]},{"@type":"ImageObject","inLanguage":"de","@id":"https:\/\/www.porta-mallorquina.de\/blog\/fahrradtour-ins-tramontana-gebirge-nach-valldemossa\/#primaryimage","url":"https:\/\/www.porta-mallorquina.de\/blog\/mallorca\/valldemossa-mallorca.jpg","contentUrl":"https:\/\/www.porta-mallorquina.de\/blog\/mallorca\/valldemossa-mallorca.jpg"},{"@type":"BreadcrumbList","@id":"https:\/\/www.porta-mallorquina.de\/blog\/fahrradtour-ins-tramontana-gebirge-nach-valldemossa\/#breadcrumb","itemListElement":[{"@type":"ListItem","position":1,"name":"Startseite","item":"https:\/\/www.porta-mallorquina.de\/blog\/"},{"@type":"ListItem","position":2,"name":"Mit dem Fahrrad nach Valldemossa auf den Spuren von George Sand und Fr\u00e9d\u00e9ric Chopin"}]},{"@type":"WebSite","@id":"https:\/\/www.porta-mallorquina.de\/blog\/#website","url":"https:\/\/www.porta-mallorquina.de\/blog\/","name":"Porta Mallorquina Blog","description":"Mehr als Mallorca Immobilien","publisher":{"@id":"https:\/\/www.porta-mallorquina.de\/blog\/#organization"},"potentialAction":[{"@type":"SearchAction","target":{"@type":"EntryPoint","urlTemplate":"https:\/\/www.porta-mallorquina.de\/blog\/?s={search_term_string}"},"query-input":{"@type":"PropertyValueSpecification","valueRequired":true,"valueName":"search_term_string"}}],"inLanguage":"de"},{"@type":"Organization","@id":"https:\/\/www.porta-mallorquina.de\/blog\/#organization","name":"Porta Mallorquina Blog","url":"https:\/\/www.porta-mallorquina.de\/blog\/","logo":{"@type":"ImageObject","inLanguage":"de","@id":"https:\/\/www.porta-mallorquina.de\/blog\/#\/schema\/logo\/image\/","url":"https:\/\/www.porta-mallorquina.de\/blog\/mallorca\/porta-mallorquina-real-estate-mallorca-logo.png","contentUrl":"https:\/\/www.porta-mallorquina.de\/blog\/mallorca\/porta-mallorquina-real-estate-mallorca-logo.png","width":570,"height":400,"caption":"Porta Mallorquina Blog"},"image":{"@id":"https:\/\/www.porta-mallorquina.de\/blog\/#\/schema\/logo\/image\/"}},{"@type":"Person","@id":"https:\/\/www.porta-mallorquina.de\/blog\/#\/schema\/person\/51eb74d336cd58902284e420693cf840","name":"Dr. Wolfgang Hierl","url":"https:\/\/www.porta-mallorquina.de\/blog\/author\/dr-wolfgang-hierl\/"}]}},"_links":{"self":[{"href":"https:\/\/www.porta-mallorquina.de\/blog\/wp-json\/wp\/v2\/posts\/3534","targetHints":{"allow":["GET"]}}],"collection":[{"href":"https:\/\/www.porta-mallorquina.de\/blog\/wp-json\/wp\/v2\/posts"}],"about":[{"href":"https:\/\/www.porta-mallorquina.de\/blog\/wp-json\/wp\/v2\/types\/post"}],"author":[{"embeddable":true,"href":"https:\/\/www.porta-mallorquina.de\/blog\/wp-json\/wp\/v2\/users\/6"}],"replies":[{"embeddable":true,"href":"https:\/\/www.porta-mallorquina.de\/blog\/wp-json\/wp\/v2\/comments?post=3534"}],"version-history":[{"count":4,"href":"https:\/\/www.porta-mallorquina.de\/blog\/wp-json\/wp\/v2\/posts\/3534\/revisions"}],"predecessor-version":[{"id":3536,"href":"https:\/\/www.porta-mallorquina.de\/blog\/wp-json\/wp\/v2\/posts\/3534\/revisions\/3536"}],"wp:attachment":[{"href":"https:\/\/www.porta-mallorquina.de\/blog\/wp-json\/wp\/v2\/media?parent=3534"}],"wp:term":[{"taxonomy":"category","embeddable":true,"href":"https:\/\/www.porta-mallorquina.de\/blog\/wp-json\/wp\/v2\/categories?post=3534"},{"taxonomy":"post_tag","embeddable":true,"href":"https:\/\/www.porta-mallorquina.de\/blog\/wp-json\/wp\/v2\/tags?post=3534"}],"curies":[{"name":"wp","href":"https:\/\/api.w.org\/{rel}","templated":true}]}}