{"id":4057,"date":"2017-03-14T13:00:42","date_gmt":"2017-03-14T11:00:42","guid":{"rendered":"http:\/\/www.porta-mallorquina.de\/blog\/?p=4057"},"modified":"2024-11-07T09:52:23","modified_gmt":"2024-11-07T07:52:23","slug":"mallorca-immobilien-marktstudie-2017","status":"publish","type":"post","link":"https:\/\/www.porta-mallorquina.de\/blog\/mallorca-immobilien-marktstudie-2017\/","title":{"rendered":"Marktstudie Immobilienmarkt Mallorca &#8211; mit Preisspiegel Ferienimmobilien 2017"},"content":{"rendered":"<p>Seit 2015 analysiert das Freiburger STI Center for Real Estate Studies (CRES) im Auftrag von Porta Mallorquina Real Estate S.L.U. den <strong>Markt f\u00fcr Ferienimmobilien\u00a0auf Mallorca<\/strong>. Datengrundlage f\u00fcr die Auswertung 2017 bildeten 4.711 <a href=\"https:\/\/www.porta-mallorquina.de\/\">Mallorca Immobilien<\/a> aus dem online Angebot der f\u00fcnf gr\u00f6\u00dften Makler der Insel, die hinsichtlich Preis, Lage und Ausstattung n\u00e4her untersucht wurden. Die Marktstudie ber\u00fccksichtigt ca. 90% des online verf\u00fcgbaren Angebots an Mallorca Ferienimmobilien und ist somit repr\u00e4sentativ.<\/p>\n<div id=\"attachment_4081\" class=\"wp-caption aligncenter\" style=\"width: 600px\"><img loading=\"lazy\" decoding=\"async\" class=\"wp-image-4081 size-full\" title=\"Villa Mallorca\" src=\"https:\/\/www.porta-mallorquina.de\/blog\/mallorca\/villa-cala-llamp.jpg\" alt=\"\" width=\"600\" height=\"400\" \/><p class=\"wp-caption-text\">Das Center for Real Estate Studies erstellte im Auftrag von Porta Mallorquina Real Estate Studies eine repr\u00e4sentative Studie zum Ferienimmobilienmarkt auf Mallorca.<\/p><\/div>\n<h2>Marktangebot Ferienimmobilien Mallorca 2017<\/h2>\n<p>Das Immobilienangebot auf Mallorca konzentriert sich im Wesentlichen auf die <strong>westlichen Regionen<\/strong> und die Hauptstadt, knapp zwei Drittel der angebotenen Immobilien liegen im S\u00fcdwesten, Nordwesten sowie in und um die <strong>Hauptstadt Palma<\/strong>.<\/p>\n<div id=\"attachment_4064\" class=\"wp-caption aligncenter\" style=\"width: 600px\"><img loading=\"lazy\" decoding=\"async\" class=\"wp-image-4064\" src=\"https:\/\/www.porta-mallorquina.de\/blog\/mallorca\/MarktangebotRegionen_2017_DE.jpg\" alt=\"\" width=\"600\" height=\"320\" srcset=\"https:\/\/www.porta-mallorquina.de\/blog\/mallorca\/MarktangebotRegionen_2017_DE.jpg 2212w, https:\/\/www.porta-mallorquina.de\/blog\/mallorca\/MarktangebotRegionen_2017_DE-768x410.jpg 768w\" sizes=\"auto, (max-width: 600px) 100vw, 600px\" \/><p class=\"wp-caption-text\">Rund zwei Drittel des Ferienimmobilienangebots konzentriert sich auf den Westen Mallorcas.<\/p><\/div>\n<h2>K\u00fcstenregionen werden teurer<\/h2>\n<p>2017 macht sich die <strong>gestiegene Nachfrage<\/strong> nach Mallorca Immobilien erstmals inselweit bemerkbar. Den gr\u00f6\u00dften <strong>Preissprung<\/strong> verzeichnen die Analysten mit 15% in der Region Nordost, hier stieg der durchschnittliche Quadratmeterpreis von 3.530,- \u20ac im Vorjahr auf 4.070,- \u20ac in 2017.<\/p>\n<div id=\"attachment_4060\" class=\"wp-caption aligncenter\" style=\"width: 600px\"><img loading=\"lazy\" decoding=\"async\" class=\"size-full wp-image-4060\" src=\"https:\/\/www.porta-mallorquina.de\/blog\/mallorca\/PreisspiegelInselkarte_2017_DE-e1489486748404.jpg\" alt=\"\" width=\"600\" height=\"429\" \/><p class=\"wp-caption-text\">Repr\u00e4sentativer Preisspiegel f\u00fcr Ferienimmobilien auf Mallorca 2017<\/p><\/div>\n<p>Die <strong>Region S\u00fcdwest<\/strong> bleibt auch im laufenden Jahr die teuerste Region auf Mallorca, hier stieg der durchschnittliche Quadratmeterpreis von 5.150,- \u20ac auf 5.800,- \u20ac, was einer Steigerungsrate von +13% im Vergleich zum Vorjahr entspricht. Als g\u00fcnstigste Region 2017 l\u00f6ste die <strong>Inselmitte<\/strong> mit einem durchschnittlichen Quadratmeterpreis von 3.070,- \u20ac die Region S\u00fcd ab, die in den Vorjahren die g\u00fcnstigsten Einstiegspreise bot.<\/p>\n<h2>Was kostet Meerblick?<\/h2>\n<p>Als einen <strong>Hauptpreistreiber<\/strong> machten die Marktforscher den Meerblick aus, was sich dadurch best\u00e4tigt, dass die Inselmitte, die naturgem\u00e4\u00df maximal einen Fernblick auf das Mittelmeer bieten kann, als durchschnittlich g\u00fcnstigste Region ermittelt wurde. Inselweit ermittelte das STI Center for Real Estate Studies einen durchschnittlichen Aufschlag f\u00fcr den begehrten Blick aufs Mittelmeer <strong>in H\u00f6he von rund 30%.<\/strong><\/p>\n<div id=\"attachment_4063\" class=\"wp-caption aligncenter\" style=\"width: 600px\"><img loading=\"lazy\" decoding=\"async\" class=\"wp-image-4063\" src=\"https:\/\/www.porta-mallorquina.de\/blog\/mallorca\/PreisaufschlagMeerblick_2017_DE.jpg\" alt=\"\" width=\"600\" height=\"365\" srcset=\"https:\/\/www.porta-mallorquina.de\/blog\/mallorca\/PreisaufschlagMeerblick_2017_DE.jpg 2266w, https:\/\/www.porta-mallorquina.de\/blog\/mallorca\/PreisaufschlagMeerblick_2017_DE-768x467.jpg 768w\" sizes=\"auto, (max-width: 600px) 100vw, 600px\" \/><p class=\"wp-caption-text\">Die Aufschl\u00e4ge f\u00fcr Meerblick auf Mallorca fallen innerhalb der Regionen unterschiedlich aus.<\/p><\/div>\n<p>Nicht nur Immobilienk\u00e4ufer sind bereit, f\u00fcr den begehrten Blick einen kr\u00e4ftigen Aufschlag zu bezahlen, sondern auch die Urlaubsg\u00e4ste, die bevorzugt Immobilien mit Meerblick buchen. So kann sich die Mehrinvestition schnell in Form von <strong>h\u00f6herer Rendite<\/strong> f\u00fcr den Investor auszahlen.<\/p>\n<p>Aufgrund des strengen spanischen K\u00fcstenschutzgesetzes und restriktiven Bauvorschriften auf den Balearen sind Immobilien in <strong>erster Meereslinie<\/strong> begrenzt und entsprechend begehrt. Diese Premiumlage kann je nach Region den Wert einer Immobilie nahezu verdoppeln, wie zum Beispiel im S\u00fcden, wo der Aufschlag f\u00fcr erste Meereslinie mit Panoramablick im Durchschnitt 109% betr\u00e4gt. Am g\u00fcnstigsten wird die erste Meereslinie derzeit im Nordosten angeboten, hier betr\u00e4gt der Aufschlag im Schnitt nur 22%. Allerdings stellten die Marktforscher ebenfalls fest, dass bei relativ hohen Aufschl\u00e4gen f\u00fcr \u201eeinfachen\u201c Meerblick die Steigerung auf die erste Linie nicht ganz zu hoch ausf\u00e4llt. Am teuersten ist die direkte K\u00fcsten- oder Strandlage in der auch sonst hochpreisigen Region S\u00fcdwest mit durchschnittlich 8.110,- \u20ac pro Quadratmeter.<\/p>\n<div id=\"attachment_4066\" class=\"wp-caption aligncenter\" style=\"width: 600px\"><img loading=\"lazy\" decoding=\"async\" class=\"size-full wp-image-4066\" src=\"https:\/\/www.porta-mallorquina.de\/blog\/mallorca\/PreisaufschlagErsteLinie_2017_DE-e1489486922791.jpg\" alt=\"\" width=\"600\" height=\"331\" \/><p class=\"wp-caption-text\">Die erste Meereslinie ist Premiumlage auf Mallorca &#8211; mit Preisaufschl\u00e4gen von bis zu gut 100%.<\/p><\/div>\n<h2>Luxusimmobilien auf Mallorca<\/h2>\n<p>Aufgrund des qualitativ <strong>hochwertigen Ausstattungsniveaus<\/strong> der auf Mallorca angebotenen Immobilien untersuchte Studienleiter Prof. Dr. Marco W\u00f6lfle mit seinem Team 2017 das Segment \u201eLuxusimmobilien\u201c n\u00e4her. Die Kategorisierung erfolgte nach einem Sachverst\u00e4ndigenkatalog und bezieht sich auf Faktoren wie z.B. Anzahl B\u00e4der im Verh\u00e4ltnis zu Schlafzimmern, Poolgr\u00f6\u00dfe, Haustechnik, Einrichtung, Lage etc.<\/p>\n<div id=\"attachment_4059\" class=\"wp-caption aligncenter\" style=\"width: 600px\"><img loading=\"lazy\" decoding=\"async\" class=\"wp-image-4059\" src=\"https:\/\/www.porta-mallorquina.de\/blog\/mallorca\/PreiseLuxusimmobilien_2017_DE.jpg\" alt=\"\" width=\"600\" height=\"241\" srcset=\"https:\/\/www.porta-mallorquina.de\/blog\/mallorca\/PreiseLuxusimmobilien_2017_DE.jpg 2683w, https:\/\/www.porta-mallorquina.de\/blog\/mallorca\/PreiseLuxusimmobilien_2017_DE-768x309.jpg 768w\" sizes=\"auto, (max-width: 600px) 100vw, 600px\" \/><p class=\"wp-caption-text\">Im Luxussegment liegt der durchschnittliche Quadratmeterpreis auf Mallorca bei rund 8.000,- \u20ac<\/p><\/div>\n<p>Rund 8.000 \u20ac\/m\u00b2 m\u00fcssen K\u00e4ufer f\u00fcr <strong><a href=\"https:\/\/www.porta-mallorquina.de\/immobilien\/luxusimmobilien\/\">Luxusimmobilien auf Mallorca<\/a><\/strong> rechnen, im S\u00fcdwesten sogar \u00fcber 9.000,- \u20ac\/m\u00b2. Besonders auff\u00e4llig sind hier die Regionen Nord und Nordwest. Im allgemeinen Durchschnitt eher im unteren Segment angesiedelt, schnellen im Luxusbereich die Preise nach oben.<\/p>\n<h2>Mallorca bleibt attraktiv f\u00fcr Investoren<\/h2>\n<p>Trotz der Preissteigerungen gibt das STI Center for Real Estates f\u00fcr Mallorca weiterhin <strong>gr\u00fcnes Licht f\u00fcr Investoren<\/strong>. Als Grund f\u00fchren die Marktforscher unter anderem die <strong>europaweit gute Erreichbarkeit<\/strong> und das <strong>vielseitige touristische Angebot<\/strong> an, aber auch die <strong>politische Lage<\/strong> flie\u00dft mittlerweile in die Bewertung von Ferienimmobilienm\u00e4rkten ein.<\/p>\n<p>Mallorca ist hier nahezu eine Insel der Gl\u00fcckseligkeit, die aufgrund ihrer geografischen Lage von Fl\u00fcchtlingsstr\u00f6men verschont bleibt und aktuell auch keine politischen oder religi\u00f6sen Unruhen erlebt. Den Effekt konnte man bereits 2016 beobachten, als Mallorca mit rund 11 Millionen Touristen einen<strong> neuen G\u00e4sterekord<\/strong> verzeichnen konnte, von dem nicht nur die Hotels, sondern auch die <a href=\"https:\/\/www.portaholiday.de\">Ferienvermieter <\/a>kr\u00e4ftig profitierten.<\/p>\n<p>Mittlerweile gehen Ferienvermietungsgesellschaften bei einer Immobilie in guter Lage, mit gehobener Ausstattung sowie einem attraktiven Preis- Leistungsverh\u00e4ltnis von rund 200 Tagen Auslastung im Jahr aus und durchschnittlichen Einnahmen in H\u00f6he von 46.000 \u20ac. Diese attraktiven <a href=\"https:\/\/www.porta-mallorquina.de\/renditerechner.html\">Renditeaussichten <\/a>ziehen zunehmend auch Kapitalanleger auf die Insel, was die Nachfrage noch mehr erh\u00f6ht.<\/p>\n<p>Die <strong>komplette Marktstudie<\/strong> k\u00f6nnen Sie hier kostenlos downloaden: <a href=\"https:\/\/www.porta-mallorquina.de\/blog\/mallorca\/Markstudie-Ferienimmobilienmarkt_Mallorca_2017-CRES.pdf\" target=\"_blank\" rel=\"noopener\">Marktstudie Ferienimmobilienmarkt Mallorca 2017<\/a><br \/>\nVer\u00f6ffentlichung und Vervielf\u00e4ltigung nur mit Genehmigung der Porta Mallorquina Real Estate S.L.U., Kontakt: presse(at)portamondial.com<\/p>\n","protected":false},"excerpt":{"rendered":"<p>Bereits zum dritten Mal untersuchte das STI Center for Real Estate Studies im Auftrag von Porta Mallorquina Real Estate den Markt f\u00fcr Ferienimmobilien auf Mallorca.  Nun liegen die repr\u00e4sentativen Ergebnisse f\u00fcr 2017 vor. Erfahren Sie mehr \u00fcber die Preisentwicklung in den Regionen, wieviel eine luxuri\u00f6se Ausstattung kostet und mit welchen Aufschl\u00e4gen Sie f\u00fcr Meerblick oder sogar erste Linie rechnen m\u00fcssen. <\/p>\n","protected":false},"author":5,"featured_media":0,"comment_status":"open","ping_status":"open","sticky":false,"template":"","format":"standard","meta":{"footnotes":""},"categories":[4],"tags":[],"class_list":["post-4057","post","type-post","status-publish","format-standard","hentry","category-immobilien"],"yoast_head":"<!-- This site is optimized with the Yoast SEO plugin v27.2 - https:\/\/yoast.com\/product\/yoast-seo-wordpress\/ -->\n<title>Marktstudie Immobilien Mallorca 2017 - alle Lagen, alle Preise<\/title>\n<meta name=\"description\" content=\"Repr\u00e4sentative Marktstudie zum Ferienimmobilienmarkt Mallorca durch das Center for Real Estate Studies (CRES) im Auftrag von Porta Mallorquina Real Estate\" \/>\n<meta name=\"robots\" content=\"index, follow, max-snippet:-1, max-image-preview:large, max-video-preview:-1\" \/>\n<link rel=\"canonical\" href=\"https:\/\/www.porta-mallorquina.de\/blog\/mallorca-immobilien-marktstudie-2017\/\" \/>\n<meta property=\"og:locale\" content=\"de_DE\" \/>\n<meta property=\"og:type\" content=\"article\" \/>\n<meta property=\"og:title\" content=\"Marktstudie Immobilien Mallorca 2017 - alle Lagen, alle Preise\" \/>\n<meta property=\"og:description\" content=\"Repr\u00e4sentative Marktstudie zum Ferienimmobilienmarkt Mallorca durch das Center for Real Estate Studies (CRES) im Auftrag von Porta Mallorquina Real Estate\" \/>\n<meta property=\"og:url\" content=\"https:\/\/www.porta-mallorquina.de\/blog\/mallorca-immobilien-marktstudie-2017\/\" \/>\n<meta property=\"og:site_name\" content=\"Porta Mallorquina Blog\" \/>\n<meta property=\"article:published_time\" content=\"2017-03-14T11:00:42+00:00\" \/>\n<meta property=\"article:modified_time\" content=\"2024-11-07T07:52:23+00:00\" \/>\n<meta property=\"og:image\" content=\"https:\/\/www.porta-mallorquina.de\/blog\/mallorca\/villa-cala-llamp.jpg\" \/>\n\t<meta property=\"og:image:width\" content=\"600\" \/>\n\t<meta property=\"og:image:height\" content=\"400\" \/>\n\t<meta property=\"og:image:type\" content=\"image\/jpeg\" \/>\n<meta name=\"author\" content=\"Ulrike Eschenbecher\" \/>\n<meta name=\"twitter:card\" content=\"summary_large_image\" \/>\n<meta name=\"twitter:label1\" content=\"Verfasst von\" \/>\n\t<meta name=\"twitter:data1\" content=\"Ulrike Eschenbecher\" \/>\n\t<meta name=\"twitter:label2\" content=\"Gesch\u00e4tzte Lesezeit\" \/>\n\t<meta name=\"twitter:data2\" content=\"6\u00a0Minuten\" \/>\n<script type=\"application\/ld+json\" class=\"yoast-schema-graph\">{\"@context\":\"https:\/\/schema.org\",\"@graph\":[{\"@type\":\"Article\",\"@id\":\"https:\/\/www.porta-mallorquina.de\/blog\/mallorca-immobilien-marktstudie-2017\/#article\",\"isPartOf\":{\"@id\":\"https:\/\/www.porta-mallorquina.de\/blog\/mallorca-immobilien-marktstudie-2017\/\"},\"author\":{\"name\":\"Ulrike Eschenbecher\",\"@id\":\"https:\/\/www.porta-mallorquina.de\/blog\/#\/schema\/person\/0b62d90dc6962d6e6eb377d955178fc3\"},\"headline\":\"Marktstudie Immobilienmarkt Mallorca &#8211; mit Preisspiegel Ferienimmobilien 2017\",\"datePublished\":\"2017-03-14T11:00:42+00:00\",\"dateModified\":\"2024-11-07T07:52:23+00:00\",\"mainEntityOfPage\":{\"@id\":\"https:\/\/www.porta-mallorquina.de\/blog\/mallorca-immobilien-marktstudie-2017\/\"},\"wordCount\":872,\"commentCount\":0,\"publisher\":{\"@id\":\"https:\/\/www.porta-mallorquina.de\/blog\/#organization\"},\"image\":{\"@id\":\"https:\/\/www.porta-mallorquina.de\/blog\/mallorca-immobilien-marktstudie-2017\/#primaryimage\"},\"thumbnailUrl\":\"https:\/\/www.porta-mallorquina.de\/blog\/mallorca\/villa-cala-llamp.jpg\",\"articleSection\":[\"Immobilien\"],\"inLanguage\":\"de\",\"potentialAction\":[{\"@type\":\"CommentAction\",\"name\":\"Comment\",\"target\":[\"https:\/\/www.porta-mallorquina.de\/blog\/mallorca-immobilien-marktstudie-2017\/#respond\"]}]},{\"@type\":\"WebPage\",\"@id\":\"https:\/\/www.porta-mallorquina.de\/blog\/mallorca-immobilien-marktstudie-2017\/\",\"url\":\"https:\/\/www.porta-mallorquina.de\/blog\/mallorca-immobilien-marktstudie-2017\/\",\"name\":\"Marktstudie Immobilien Mallorca 2017 - alle Lagen, alle Preise\",\"isPartOf\":{\"@id\":\"https:\/\/www.porta-mallorquina.de\/blog\/#website\"},\"primaryImageOfPage\":{\"@id\":\"https:\/\/www.porta-mallorquina.de\/blog\/mallorca-immobilien-marktstudie-2017\/#primaryimage\"},\"image\":{\"@id\":\"https:\/\/www.porta-mallorquina.de\/blog\/mallorca-immobilien-marktstudie-2017\/#primaryimage\"},\"thumbnailUrl\":\"https:\/\/www.porta-mallorquina.de\/blog\/mallorca\/villa-cala-llamp.jpg\",\"datePublished\":\"2017-03-14T11:00:42+00:00\",\"dateModified\":\"2024-11-07T07:52:23+00:00\",\"description\":\"Repr\u00e4sentative Marktstudie zum Ferienimmobilienmarkt Mallorca durch das Center for Real Estate Studies (CRES) im Auftrag von Porta Mallorquina Real Estate\",\"breadcrumb\":{\"@id\":\"https:\/\/www.porta-mallorquina.de\/blog\/mallorca-immobilien-marktstudie-2017\/#breadcrumb\"},\"inLanguage\":\"de\",\"potentialAction\":[{\"@type\":\"ReadAction\",\"target\":[\"https:\/\/www.porta-mallorquina.de\/blog\/mallorca-immobilien-marktstudie-2017\/\"]}]},{\"@type\":\"ImageObject\",\"inLanguage\":\"de\",\"@id\":\"https:\/\/www.porta-mallorquina.de\/blog\/mallorca-immobilien-marktstudie-2017\/#primaryimage\",\"url\":\"https:\/\/www.porta-mallorquina.de\/blog\/mallorca\/villa-cala-llamp.jpg\",\"contentUrl\":\"https:\/\/www.porta-mallorquina.de\/blog\/mallorca\/villa-cala-llamp.jpg\",\"width\":600,\"height\":400,\"caption\":\"Das Center for Real Estate Studies erstellte im Auftrag von Porta Mallorquina Real Estate Studies eine repr\u00e4sentative Studie zum Ferienimmobilienmarkt auf Mallorca.\"},{\"@type\":\"BreadcrumbList\",\"@id\":\"https:\/\/www.porta-mallorquina.de\/blog\/mallorca-immobilien-marktstudie-2017\/#breadcrumb\",\"itemListElement\":[{\"@type\":\"ListItem\",\"position\":1,\"name\":\"Startseite\",\"item\":\"https:\/\/www.porta-mallorquina.de\/blog\/\"},{\"@type\":\"ListItem\",\"position\":2,\"name\":\"Marktstudie Immobilienmarkt Mallorca &#8211; mit Preisspiegel Ferienimmobilien 2017\"}]},{\"@type\":\"WebSite\",\"@id\":\"https:\/\/www.porta-mallorquina.de\/blog\/#website\",\"url\":\"https:\/\/www.porta-mallorquina.de\/blog\/\",\"name\":\"Porta Mallorquina Blog\",\"description\":\"Mehr als Mallorca Immobilien\",\"publisher\":{\"@id\":\"https:\/\/www.porta-mallorquina.de\/blog\/#organization\"},\"potentialAction\":[{\"@type\":\"SearchAction\",\"target\":{\"@type\":\"EntryPoint\",\"urlTemplate\":\"https:\/\/www.porta-mallorquina.de\/blog\/?s={search_term_string}\"},\"query-input\":{\"@type\":\"PropertyValueSpecification\",\"valueRequired\":true,\"valueName\":\"search_term_string\"}}],\"inLanguage\":\"de\"},{\"@type\":\"Organization\",\"@id\":\"https:\/\/www.porta-mallorquina.de\/blog\/#organization\",\"name\":\"Porta Mallorquina Blog\",\"url\":\"https:\/\/www.porta-mallorquina.de\/blog\/\",\"logo\":{\"@type\":\"ImageObject\",\"inLanguage\":\"de\",\"@id\":\"https:\/\/www.porta-mallorquina.de\/blog\/#\/schema\/logo\/image\/\",\"url\":\"https:\/\/www.porta-mallorquina.de\/blog\/mallorca\/porta-mallorquina-real-estate-mallorca-logo.png\",\"contentUrl\":\"https:\/\/www.porta-mallorquina.de\/blog\/mallorca\/porta-mallorquina-real-estate-mallorca-logo.png\",\"width\":570,\"height\":400,\"caption\":\"Porta Mallorquina Blog\"},\"image\":{\"@id\":\"https:\/\/www.porta-mallorquina.de\/blog\/#\/schema\/logo\/image\/\"}},{\"@type\":\"Person\",\"@id\":\"https:\/\/www.porta-mallorquina.de\/blog\/#\/schema\/person\/0b62d90dc6962d6e6eb377d955178fc3\",\"name\":\"Ulrike Eschenbecher\",\"url\":\"https:\/\/www.porta-mallorquina.de\/blog\/author\/eschenbecher\/\"}]}<\/script>\n<!-- \/ Yoast SEO plugin. -->","yoast_head_json":{"title":"Marktstudie Immobilien Mallorca 2017 - alle Lagen, alle Preise","description":"Repr\u00e4sentative Marktstudie zum Ferienimmobilienmarkt Mallorca durch das Center for Real Estate Studies (CRES) im Auftrag von Porta Mallorquina Real Estate","robots":{"index":"index","follow":"follow","max-snippet":"max-snippet:-1","max-image-preview":"max-image-preview:large","max-video-preview":"max-video-preview:-1"},"canonical":"https:\/\/www.porta-mallorquina.de\/blog\/mallorca-immobilien-marktstudie-2017\/","og_locale":"de_DE","og_type":"article","og_title":"Marktstudie Immobilien Mallorca 2017 - alle Lagen, alle Preise","og_description":"Repr\u00e4sentative Marktstudie zum Ferienimmobilienmarkt Mallorca durch das Center for Real Estate Studies (CRES) im Auftrag von Porta Mallorquina Real Estate","og_url":"https:\/\/www.porta-mallorquina.de\/blog\/mallorca-immobilien-marktstudie-2017\/","og_site_name":"Porta Mallorquina Blog","article_published_time":"2017-03-14T11:00:42+00:00","article_modified_time":"2024-11-07T07:52:23+00:00","og_image":[{"width":600,"height":400,"url":"https:\/\/www.porta-mallorquina.de\/blog\/mallorca\/villa-cala-llamp.jpg","type":"image\/jpeg"}],"author":"Ulrike Eschenbecher","twitter_card":"summary_large_image","twitter_misc":{"Verfasst von":"Ulrike Eschenbecher","Gesch\u00e4tzte Lesezeit":"6\u00a0Minuten"},"schema":{"@context":"https:\/\/schema.org","@graph":[{"@type":"Article","@id":"https:\/\/www.porta-mallorquina.de\/blog\/mallorca-immobilien-marktstudie-2017\/#article","isPartOf":{"@id":"https:\/\/www.porta-mallorquina.de\/blog\/mallorca-immobilien-marktstudie-2017\/"},"author":{"name":"Ulrike Eschenbecher","@id":"https:\/\/www.porta-mallorquina.de\/blog\/#\/schema\/person\/0b62d90dc6962d6e6eb377d955178fc3"},"headline":"Marktstudie Immobilienmarkt Mallorca &#8211; mit Preisspiegel Ferienimmobilien 2017","datePublished":"2017-03-14T11:00:42+00:00","dateModified":"2024-11-07T07:52:23+00:00","mainEntityOfPage":{"@id":"https:\/\/www.porta-mallorquina.de\/blog\/mallorca-immobilien-marktstudie-2017\/"},"wordCount":872,"commentCount":0,"publisher":{"@id":"https:\/\/www.porta-mallorquina.de\/blog\/#organization"},"image":{"@id":"https:\/\/www.porta-mallorquina.de\/blog\/mallorca-immobilien-marktstudie-2017\/#primaryimage"},"thumbnailUrl":"https:\/\/www.porta-mallorquina.de\/blog\/mallorca\/villa-cala-llamp.jpg","articleSection":["Immobilien"],"inLanguage":"de","potentialAction":[{"@type":"CommentAction","name":"Comment","target":["https:\/\/www.porta-mallorquina.de\/blog\/mallorca-immobilien-marktstudie-2017\/#respond"]}]},{"@type":"WebPage","@id":"https:\/\/www.porta-mallorquina.de\/blog\/mallorca-immobilien-marktstudie-2017\/","url":"https:\/\/www.porta-mallorquina.de\/blog\/mallorca-immobilien-marktstudie-2017\/","name":"Marktstudie Immobilien Mallorca 2017 - alle Lagen, alle Preise","isPartOf":{"@id":"https:\/\/www.porta-mallorquina.de\/blog\/#website"},"primaryImageOfPage":{"@id":"https:\/\/www.porta-mallorquina.de\/blog\/mallorca-immobilien-marktstudie-2017\/#primaryimage"},"image":{"@id":"https:\/\/www.porta-mallorquina.de\/blog\/mallorca-immobilien-marktstudie-2017\/#primaryimage"},"thumbnailUrl":"https:\/\/www.porta-mallorquina.de\/blog\/mallorca\/villa-cala-llamp.jpg","datePublished":"2017-03-14T11:00:42+00:00","dateModified":"2024-11-07T07:52:23+00:00","description":"Repr\u00e4sentative Marktstudie zum Ferienimmobilienmarkt Mallorca durch das Center for Real Estate Studies (CRES) im Auftrag von Porta Mallorquina Real Estate","breadcrumb":{"@id":"https:\/\/www.porta-mallorquina.de\/blog\/mallorca-immobilien-marktstudie-2017\/#breadcrumb"},"inLanguage":"de","potentialAction":[{"@type":"ReadAction","target":["https:\/\/www.porta-mallorquina.de\/blog\/mallorca-immobilien-marktstudie-2017\/"]}]},{"@type":"ImageObject","inLanguage":"de","@id":"https:\/\/www.porta-mallorquina.de\/blog\/mallorca-immobilien-marktstudie-2017\/#primaryimage","url":"https:\/\/www.porta-mallorquina.de\/blog\/mallorca\/villa-cala-llamp.jpg","contentUrl":"https:\/\/www.porta-mallorquina.de\/blog\/mallorca\/villa-cala-llamp.jpg","width":600,"height":400,"caption":"Das Center for Real Estate Studies erstellte im Auftrag von Porta Mallorquina Real Estate Studies eine repr\u00e4sentative Studie zum Ferienimmobilienmarkt auf Mallorca."},{"@type":"BreadcrumbList","@id":"https:\/\/www.porta-mallorquina.de\/blog\/mallorca-immobilien-marktstudie-2017\/#breadcrumb","itemListElement":[{"@type":"ListItem","position":1,"name":"Startseite","item":"https:\/\/www.porta-mallorquina.de\/blog\/"},{"@type":"ListItem","position":2,"name":"Marktstudie Immobilienmarkt Mallorca &#8211; mit Preisspiegel Ferienimmobilien 2017"}]},{"@type":"WebSite","@id":"https:\/\/www.porta-mallorquina.de\/blog\/#website","url":"https:\/\/www.porta-mallorquina.de\/blog\/","name":"Porta Mallorquina Blog","description":"Mehr als Mallorca Immobilien","publisher":{"@id":"https:\/\/www.porta-mallorquina.de\/blog\/#organization"},"potentialAction":[{"@type":"SearchAction","target":{"@type":"EntryPoint","urlTemplate":"https:\/\/www.porta-mallorquina.de\/blog\/?s={search_term_string}"},"query-input":{"@type":"PropertyValueSpecification","valueRequired":true,"valueName":"search_term_string"}}],"inLanguage":"de"},{"@type":"Organization","@id":"https:\/\/www.porta-mallorquina.de\/blog\/#organization","name":"Porta Mallorquina Blog","url":"https:\/\/www.porta-mallorquina.de\/blog\/","logo":{"@type":"ImageObject","inLanguage":"de","@id":"https:\/\/www.porta-mallorquina.de\/blog\/#\/schema\/logo\/image\/","url":"https:\/\/www.porta-mallorquina.de\/blog\/mallorca\/porta-mallorquina-real-estate-mallorca-logo.png","contentUrl":"https:\/\/www.porta-mallorquina.de\/blog\/mallorca\/porta-mallorquina-real-estate-mallorca-logo.png","width":570,"height":400,"caption":"Porta Mallorquina Blog"},"image":{"@id":"https:\/\/www.porta-mallorquina.de\/blog\/#\/schema\/logo\/image\/"}},{"@type":"Person","@id":"https:\/\/www.porta-mallorquina.de\/blog\/#\/schema\/person\/0b62d90dc6962d6e6eb377d955178fc3","name":"Ulrike Eschenbecher","url":"https:\/\/www.porta-mallorquina.de\/blog\/author\/eschenbecher\/"}]}},"_links":{"self":[{"href":"https:\/\/www.porta-mallorquina.de\/blog\/wp-json\/wp\/v2\/posts\/4057","targetHints":{"allow":["GET"]}}],"collection":[{"href":"https:\/\/www.porta-mallorquina.de\/blog\/wp-json\/wp\/v2\/posts"}],"about":[{"href":"https:\/\/www.porta-mallorquina.de\/blog\/wp-json\/wp\/v2\/types\/post"}],"author":[{"embeddable":true,"href":"https:\/\/www.porta-mallorquina.de\/blog\/wp-json\/wp\/v2\/users\/5"}],"replies":[{"embeddable":true,"href":"https:\/\/www.porta-mallorquina.de\/blog\/wp-json\/wp\/v2\/comments?post=4057"}],"version-history":[{"count":16,"href":"https:\/\/www.porta-mallorquina.de\/blog\/wp-json\/wp\/v2\/posts\/4057\/revisions"}],"predecessor-version":[{"id":6512,"href":"https:\/\/www.porta-mallorquina.de\/blog\/wp-json\/wp\/v2\/posts\/4057\/revisions\/6512"}],"wp:attachment":[{"href":"https:\/\/www.porta-mallorquina.de\/blog\/wp-json\/wp\/v2\/media?parent=4057"}],"wp:term":[{"taxonomy":"category","embeddable":true,"href":"https:\/\/www.porta-mallorquina.de\/blog\/wp-json\/wp\/v2\/categories?post=4057"},{"taxonomy":"post_tag","embeddable":true,"href":"https:\/\/www.porta-mallorquina.de\/blog\/wp-json\/wp\/v2\/tags?post=4057"}],"curies":[{"name":"wp","href":"https:\/\/api.w.org\/{rel}","templated":true}]}}