{"id":4289,"date":"2017-10-20T19:22:52","date_gmt":"2017-10-20T17:22:52","guid":{"rendered":"http:\/\/www.porta-mallorquina.de\/blog\/?p=4289"},"modified":"2017-11-26T19:24:14","modified_gmt":"2017-11-26T17:24:14","slug":"umziehen-nach-mallorca-so-werden-sie-ein-resident","status":"publish","type":"post","link":"https:\/\/www.porta-mallorquina.de\/blog\/umziehen-nach-mallorca-so-werden-sie-ein-resident\/","title":{"rendered":"Umziehen nach Mallorca &#8211; So werden Sie ein Resident"},"content":{"rendered":"<p><em>Wer hier leben und arbeiten m\u00f6chte, kommt um ein paar gewisse b\u00fcrokratische Schritte nicht herum. Wir zeigen Ihnen den Weg.<\/em><\/p>\n<p>Ein Traum wird wahr: Sie haben sich entschlossen, die Insel das ganze Jahr \u00fcber zu genie\u00dfen und wollen sie zu Ihrem <strong>Lebensmittelpunkt<\/strong> machen. Vom Lebensmittelpunkt spricht man dann, wenn Sie sich \u00fcber 183 Tage auf der Insel aufhalten. Der Schritt, das eigene Leben \u2013 und unter Umst\u00e4nden das der Familie \u2013 unter die Sonne Mallorcas zu verlegen, sollte gut durchdacht und sorgf\u00e4ltig geplant sein.<\/p>\n<div id=\"attachment_4017\" class=\"wp-caption aligncenter\" style=\"width: 600px\"><img loading=\"lazy\" decoding=\"async\" class=\"So werden Sie Resident... wp-image-4017\" title=\"So werden Sie Resident...\" src=\"https:\/\/www.porta-mallorquina.de\/blog\/mallorca\/10380434_10152153339826376_2087439765285448849_o.jpg\" alt=\"So werden Sie Resident...\" width=\"600\" height=\"450\" srcset=\"https:\/\/www.porta-mallorquina.de\/blog\/mallorca\/10380434_10152153339826376_2087439765285448849_o.jpg 1600w, https:\/\/www.porta-mallorquina.de\/blog\/mallorca\/10380434_10152153339826376_2087439765285448849_o-768x576.jpg 768w\" sizes=\"auto, (max-width: 600px) 100vw, 600px\" \/><p class=\"wp-caption-text\">So werden Sie Resident&#8230;<\/p><\/div>\n<h2><em>Was muss ich tun?<\/em><\/h2>\n<p>Der erste Schritt ist gegebenenfalls die <strong>Abmeldung in Deutschland<\/strong>. Sie sollten sich aber nur dann abmelden, wenn Sie dauerhaft nach Spanien umsiedeln wollen. Denn seit dem Jahr 2015 besteht in Deutschland nur noch eine gesetzliche Abmeldepflicht, wenn Sie Ihre Wohnung in Deutschland aufgeben und dort keine weitere mehr haben. Dabei ist es f\u00fcr die Anmeldung in Spanien nicht von Bedeutung, ob Sie sich in Deutschland abgemeldet haben.<\/p>\n<h2><em>\u201eEmpadronamiento\u201c mit Vorteilen<\/em><\/h2>\n<p>Der zweite Schritt ist die Anmeldung in Spanien, das sogenannte \u201eempadronamiento\u201c, im <strong>Rathaus<\/strong> Ihrer neuen Gemeinde auf Mallorca. Daf\u00fcr brauchen Sie Ihren Reisepass oder Personalausweis und den <strong>Nachweis einer Wohnung<\/strong> (Mietvertrag oder Eigentumsnachweis). Die Anmeldung bei der Gemeinde hei\u00dft nicht, dass Sie hier automatisch Steuern zahlen m\u00fcssen und bedeutet auch nicht automatisch, dass Sie hier Ihren <strong>rechtlichen Wohnsitz und Lebensmittelpunkt<\/strong> haben. Sondern Sie k\u00f6nnen sich auch in der Gemeinde anmelden, wenn Sie nur hin und wieder vor Ort sind, vorausgesetzt aber, Sie haben hier einen Wohnort. Auf alle F\u00e4lle hat die<strong> Anmeldung<\/strong> Vorteile: Viele Gemeinden bieten <strong>Verg\u00fcnstigungen und Sprachkurse f\u00fcr Residenten<\/strong> an, gleichfalls erhalten Sie als Inselbewohner Verg\u00fcnstigungen bei den Tickets aufs Festland (dazu brauchen allerdings noch die Identifizierungsnummer N.I.E.). Und Sie haben sogar ein gewisses Mitspracherecht, indem Sie an der Gemeinderatswahl teilnehmen \u2013 ja, Sie k\u00f6nnen sich sogar als Stadtratsmitglied zur Wahl stellen. Auch haben Sie Anspruch auf die Sozialdienste der Gemeinde.<\/p>\n<h2><em>Die \u00fcberlebenswichtige N.I.E.<\/em><\/h2>\n<p>Jetzt kommt das Wichtigste: die <strong>Steuernummer N.I.E<\/strong> (<em>Numero de Identificaci\u00f3n de Extranjeros<\/em>). Ohne N.I.E. geht hier gar nichts: Sie brauchen diese Identifizierungsnummer, um ein <strong>Bankkonto<\/strong> zu er\u00f6ffnen, einen <strong>Telefonanschluss<\/strong> zu beantragen oder einen <strong>Handyvertrag<\/strong> abzuschlie\u00dfen, um eine <strong>Immobilie zu kaufen<\/strong>, einen <strong>Mietvertrag<\/strong> oder einen <strong>Arbeitsvertrag<\/strong> zu unterzeichnen. Diese N.I.E. bedeutet allerdings nicht, dass Sie automatisch steuerpflichtig sind. M\u00f6chten Sie aber hier leben und arbeiten, ist der Weg zum Ausl\u00e4nderamt unvermeidlich und zwar mit ihrem Personalausweis oder Reisepasse, einer Kopie desselben und dem ausgef\u00fcllten Formular EX 15. Dieses Formular liegt am Empfang der Ausl\u00e4nderbeh\u00f6rde aus oder Sie laden es im Vorfeld herunter und drucken und f\u00fcllen es aus, bevor Sie sich auf den Weg zum Amt machen: <a href=\"http:\/\/extranjeros.empleo.gob.es\/es\/ModelosSolicitudes\/Mod_solicitudes2\/15-Formulario_NIE_y_certificados.pdf\">http:\/\/extranjeros.empleo.gob.es\/es\/ModelosSolicitudes\/Mod_solicitudes2\/15-Formulario_NIE_y_certificados.pdf<\/a><\/p>\n<p><strong><em>Der Termin muss online beantragt werden<\/em><\/strong><\/p>\n<p>Ganz wichtig ist es, dass Sie im<strong> Vorfeld einen Termin<\/strong> f\u00fcr die N.I.E.-Beantragung vereinbaren: <a href=\"https:\/\/sede.administracionespublicas.gob.es\/icpplus\/index.html\"><em>https:\/\/sede.administracionespublicas.gob.es\/icpplus\/citar<\/em><\/a><em>.<\/em> Das geht nur online und ist \u00fcberhaupt nicht einfach! Hier ein wertvoller Link, der Ihnen hilft, sich durch die Internetseite zu man\u00f6vrieren und einen Termin zu beantragen: <a href=\"http:\/\/www.mallorcazeitung.es\/behoerden\/2016\/07\/30\/schritte-cita-previa-nie-anleitung\/44846.html\">http:\/\/www.mallorcazeitung.es\/behoerden\/2016\/07\/30\/schritte-cita-previa-nie-anleitung\/44846.html<\/a><\/p>\n<h2><em>Auf zum Amt<\/em><\/h2>\n<p>Die Adresse der <strong>Ausl\u00e4nderbeh\u00f6rde<\/strong> in Palma lautet: Carrer Felici\u00e1 Fuster, 7 und die \u00d6ffnungszeiten sind montags bis donnerstags von 09.00 bis 17.00 Uhr und freitags von 09.00 bis 14.30 Uhr. Die Registrierung sollte m\u00f6glichst innerhalb von drei Monaten nach Ihrer Einreise erfolgen. Die <strong>\u201eResidencia\u201c<\/strong> ist ein Dokument ohne Foto, das zusammen mit Ihrem Personalausweis sozusagen Ihr <strong>\u201espanischer Ausweis\u201c<\/strong> ist.<\/p>\n<h2><em>Das sollten Sie beachten<\/em><\/h2>\n<p>Ein etwas aufwendiges, aber notwendiges Prozedere: Ganz ohne B\u00fcrokratie geht es eben auch auf Mallorca nicht. Wer einen Arbeitsvertrag unterschreiben m\u00f6chte, muss auch noch eine <strong>Sozialversicherungsnummer<\/strong> beantragen. Die Sozialversicherung ist f\u00fcr den, der in Spanien arbeitet und Steuern zahlt, Pflicht und ist <strong>gleichzeitig Kranken- und Rentenversicherung<\/strong>. Inwieweit Sie weiterhin in Ihrer deutschen Krankenversicherung bleiben, kl\u00e4ren Sie am besten mit dieser selbst, indem Sie genau nachfragen, inwieweit diese auch Leistungen auf der Insel erbringt. Von Vorteil ist grunds\u00e4tzlich die neue europ\u00e4ische Krankenversicherungskarte EHIC.<\/p>\n<p>Haben Sie schulpflichtige Kinder, sollte der Umzug nach Mallorca besonders sorgf\u00e4ltig \u00fcberlegt sein. Wertvolle Informationen zu Schulen finden Sie auf unserem Blog unter: https:\/\/www.porta-mallorquina.de\/blog\/mallorca-internationale-schulen\/<\/p>\n<p><a href=\"https:\/\/www.porta-mallorquina.de\/blog\/mallorca-internationale-schulen\/\"><img loading=\"lazy\" decoding=\"async\" class=\"aligncenter size-full wp-image-4291\" src=\"https:\/\/www.porta-mallorquina.de\/blog\/mallorca\/mallorca-balears-international-college-1.jpg\" alt=\"\" width=\"600\" height=\"450\" \/><\/a><\/p>\n<h2><em>Professionelle Hilfe von Experten<\/em><\/h2>\n<p>Es ist nie verkehrt, sich f\u00fcr einen derart entscheidenden und komplexen Schritt rechtliche Hilfe zu nehmen. Ganz besonders, wenn Sie Eigentum auf Mallorca erwerben und gedenken, hier zu arbeiten und Ihre Steuern hier zu bezahlen. Viele <strong>Anw\u00e4lte und Kanzleien<\/strong> haben sich auf die Belange der ausl\u00e4ndischen Residenten spezialisiert, ebenso die Steuerb\u00fcros,<strong> \u201egestorias\u201c<\/strong> genannt. Auf Wunsch kann Ihnen <em>Porta Mallorquina<\/em> kompetente Unternehmen und Experten empfehlen, mit denen wir langj\u00e4hrige Partnerschaften pflegen und die professionell und mehrsprachig eine pers\u00f6nliche Rechtsberatung f\u00fcr Einzelpersonen, Unternehmen, Residenten und Nicht-Residenten in allen Bereichen bieten: z.B. zum spanischen Arbeitsrecht, zu Steuern, finanziellen Themen und anderen b\u00fcrokratischen Belangen von Bedeutung. Mit einer entsprechenden Rechts-, Finanz- und\/oder Steuerberatung werden Sie gut betreut, m\u00fcssen sich nicht mehr selbst um alles k\u00fcmmern und ersparen sich m\u00fc\u00dfige Beh\u00f6rdeng\u00e4nge und sprachliche Missverst\u00e4ndnisse.<\/p>\n<h2><em>Wir w\u00fcnschen Ihnen ein gutes Gelingen<\/em><\/h2>\n<p>Umfangreiche, wichtige und lesenswerte Informationen zum Leben und Arbeiten in Spanien finden Sie auch auf der Internetseite des <strong>Deutschen Konsulats in Palma<\/strong>: <a href=\"http:\/\/www.spanien.diplo.de\/Vertretung\/spanien\/de\/07-willkommen-in-spanien\/0-willkommen.html\">www.spanien.diplo.de\/Vertretung\/spanien\/de\/07-willkommen-in-spanien\/0-willkommen.html<\/a><\/p>\n<p>Wir vom Porta Mallorquina Team w\u00fcnschen Ihnen einen gelungenen Start auf der Insel, viel Erfolg und ein erf\u00fclltes Leben auf Ihrer <strong>Trauminsel<\/strong>!<\/p>\n<p>&nbsp;<\/p>\n<p>&nbsp;<\/p>\n","protected":false},"excerpt":{"rendered":"<p>Ein Traum wird wahr: Sie haben sich entschlossen, die Insel das ganze Jahr \u00fcber zu genie\u00dfen und wollen sie zu Ihrem Lebensmittelpunkt machen. Vom Lebensmittelpunkt spricht man dann, wenn Sie sich \u00fcber 183 Tage auf der Insel aufhalten. Der Schritt, das eigene Leben \u2013 und unter Umst\u00e4nden das der Familie \u2013 unter die Sonne Mallorcas zu verlegen, sollte gut durchdacht und sorgf\u00e4ltig geplant sein.<\/p>\n","protected":false},"author":11,"featured_media":0,"comment_status":"open","ping_status":"open","sticky":false,"template":"","format":"standard","meta":{"footnotes":""},"categories":[5,4,3],"tags":[],"class_list":["post-4289","post","type-post","status-publish","format-standard","hentry","category-balearen","category-immobilien","category-mallorca"],"yoast_head":"<!-- This site is optimized with the Yoast SEO plugin v27.2 - https:\/\/yoast.com\/product\/yoast-seo-wordpress\/ -->\n<title>Umziehen nach Mallorca - So werden Sie ein Resident - Porta Mallorquina Blog<\/title>\n<meta name=\"robots\" content=\"index, follow, max-snippet:-1, max-image-preview:large, max-video-preview:-1\" \/>\n<link rel=\"canonical\" href=\"https:\/\/www.porta-mallorquina.de\/blog\/umziehen-nach-mallorca-so-werden-sie-ein-resident\/\" \/>\n<meta property=\"og:locale\" content=\"de_DE\" \/>\n<meta property=\"og:type\" content=\"article\" \/>\n<meta property=\"og:title\" content=\"Umziehen nach Mallorca - So werden Sie ein Resident - Porta Mallorquina Blog\" \/>\n<meta property=\"og:description\" content=\"Ein Traum wird wahr: Sie haben sich entschlossen, die Insel das ganze Jahr \u00fcber zu genie\u00dfen und wollen sie zu Ihrem Lebensmittelpunkt machen. Vom Lebensmittelpunkt spricht man dann, wenn Sie sich \u00fcber 183 Tage auf der Insel aufhalten. Der Schritt, das eigene Leben \u2013 und unter Umst\u00e4nden das der Familie \u2013 unter die Sonne Mallorcas zu verlegen, sollte gut durchdacht und sorgf\u00e4ltig geplant sein.\" \/>\n<meta property=\"og:url\" content=\"https:\/\/www.porta-mallorquina.de\/blog\/umziehen-nach-mallorca-so-werden-sie-ein-resident\/\" \/>\n<meta property=\"og:site_name\" content=\"Porta Mallorquina Blog\" \/>\n<meta property=\"article:published_time\" content=\"2017-10-20T17:22:52+00:00\" \/>\n<meta property=\"article:modified_time\" content=\"2017-11-26T17:24:14+00:00\" \/>\n<meta property=\"og:image\" content=\"https:\/\/www.porta-mallorquina.de\/blog\/mallorca\/10380434_10152153339826376_2087439765285448849_o.jpg\" \/>\n<meta name=\"author\" content=\"Porta Mallorquina\" \/>\n<meta name=\"twitter:card\" content=\"summary_large_image\" \/>\n<meta name=\"twitter:label1\" content=\"Verfasst von\" \/>\n\t<meta name=\"twitter:data1\" content=\"Porta Mallorquina\" \/>\n\t<meta name=\"twitter:label2\" content=\"Gesch\u00e4tzte Lesezeit\" \/>\n\t<meta name=\"twitter:data2\" content=\"5\u00a0Minuten\" \/>\n<script type=\"application\/ld+json\" class=\"yoast-schema-graph\">{\"@context\":\"https:\/\/schema.org\",\"@graph\":[{\"@type\":\"Article\",\"@id\":\"https:\/\/www.porta-mallorquina.de\/blog\/umziehen-nach-mallorca-so-werden-sie-ein-resident\/#article\",\"isPartOf\":{\"@id\":\"https:\/\/www.porta-mallorquina.de\/blog\/umziehen-nach-mallorca-so-werden-sie-ein-resident\/\"},\"author\":{\"name\":\"Porta Mallorquina\",\"@id\":\"https:\/\/www.porta-mallorquina.de\/blog\/#\/schema\/person\/1b146226cf8eccf9d7d382a5d9519bed\"},\"headline\":\"Umziehen nach Mallorca &#8211; So werden Sie ein Resident\",\"datePublished\":\"2017-10-20T17:22:52+00:00\",\"dateModified\":\"2017-11-26T17:24:14+00:00\",\"mainEntityOfPage\":{\"@id\":\"https:\/\/www.porta-mallorquina.de\/blog\/umziehen-nach-mallorca-so-werden-sie-ein-resident\/\"},\"wordCount\":954,\"commentCount\":0,\"publisher\":{\"@id\":\"https:\/\/www.porta-mallorquina.de\/blog\/#organization\"},\"image\":{\"@id\":\"https:\/\/www.porta-mallorquina.de\/blog\/umziehen-nach-mallorca-so-werden-sie-ein-resident\/#primaryimage\"},\"thumbnailUrl\":\"https:\/\/www.porta-mallorquina.de\/blog\/mallorca\/10380434_10152153339826376_2087439765285448849_o.jpg\",\"articleSection\":[\"Balearen\",\"Immobilien\",\"Mallorca\"],\"inLanguage\":\"de\",\"potentialAction\":[{\"@type\":\"CommentAction\",\"name\":\"Comment\",\"target\":[\"https:\/\/www.porta-mallorquina.de\/blog\/umziehen-nach-mallorca-so-werden-sie-ein-resident\/#respond\"]}]},{\"@type\":\"WebPage\",\"@id\":\"https:\/\/www.porta-mallorquina.de\/blog\/umziehen-nach-mallorca-so-werden-sie-ein-resident\/\",\"url\":\"https:\/\/www.porta-mallorquina.de\/blog\/umziehen-nach-mallorca-so-werden-sie-ein-resident\/\",\"name\":\"Umziehen nach Mallorca - So werden Sie ein Resident - Porta Mallorquina Blog\",\"isPartOf\":{\"@id\":\"https:\/\/www.porta-mallorquina.de\/blog\/#website\"},\"primaryImageOfPage\":{\"@id\":\"https:\/\/www.porta-mallorquina.de\/blog\/umziehen-nach-mallorca-so-werden-sie-ein-resident\/#primaryimage\"},\"image\":{\"@id\":\"https:\/\/www.porta-mallorquina.de\/blog\/umziehen-nach-mallorca-so-werden-sie-ein-resident\/#primaryimage\"},\"thumbnailUrl\":\"https:\/\/www.porta-mallorquina.de\/blog\/mallorca\/10380434_10152153339826376_2087439765285448849_o.jpg\",\"datePublished\":\"2017-10-20T17:22:52+00:00\",\"dateModified\":\"2017-11-26T17:24:14+00:00\",\"breadcrumb\":{\"@id\":\"https:\/\/www.porta-mallorquina.de\/blog\/umziehen-nach-mallorca-so-werden-sie-ein-resident\/#breadcrumb\"},\"inLanguage\":\"de\",\"potentialAction\":[{\"@type\":\"ReadAction\",\"target\":[\"https:\/\/www.porta-mallorquina.de\/blog\/umziehen-nach-mallorca-so-werden-sie-ein-resident\/\"]}]},{\"@type\":\"ImageObject\",\"inLanguage\":\"de\",\"@id\":\"https:\/\/www.porta-mallorquina.de\/blog\/umziehen-nach-mallorca-so-werden-sie-ein-resident\/#primaryimage\",\"url\":\"https:\/\/www.porta-mallorquina.de\/blog\/mallorca\/10380434_10152153339826376_2087439765285448849_o.jpg\",\"contentUrl\":\"https:\/\/www.porta-mallorquina.de\/blog\/mallorca\/10380434_10152153339826376_2087439765285448849_o.jpg\",\"width\":1600,\"height\":1200},{\"@type\":\"BreadcrumbList\",\"@id\":\"https:\/\/www.porta-mallorquina.de\/blog\/umziehen-nach-mallorca-so-werden-sie-ein-resident\/#breadcrumb\",\"itemListElement\":[{\"@type\":\"ListItem\",\"position\":1,\"name\":\"Startseite\",\"item\":\"https:\/\/www.porta-mallorquina.de\/blog\/\"},{\"@type\":\"ListItem\",\"position\":2,\"name\":\"Umziehen nach Mallorca &#8211; So werden Sie ein Resident\"}]},{\"@type\":\"WebSite\",\"@id\":\"https:\/\/www.porta-mallorquina.de\/blog\/#website\",\"url\":\"https:\/\/www.porta-mallorquina.de\/blog\/\",\"name\":\"Porta Mallorquina Blog\",\"description\":\"Mehr als Mallorca Immobilien\",\"publisher\":{\"@id\":\"https:\/\/www.porta-mallorquina.de\/blog\/#organization\"},\"potentialAction\":[{\"@type\":\"SearchAction\",\"target\":{\"@type\":\"EntryPoint\",\"urlTemplate\":\"https:\/\/www.porta-mallorquina.de\/blog\/?s={search_term_string}\"},\"query-input\":{\"@type\":\"PropertyValueSpecification\",\"valueRequired\":true,\"valueName\":\"search_term_string\"}}],\"inLanguage\":\"de\"},{\"@type\":\"Organization\",\"@id\":\"https:\/\/www.porta-mallorquina.de\/blog\/#organization\",\"name\":\"Porta Mallorquina Blog\",\"url\":\"https:\/\/www.porta-mallorquina.de\/blog\/\",\"logo\":{\"@type\":\"ImageObject\",\"inLanguage\":\"de\",\"@id\":\"https:\/\/www.porta-mallorquina.de\/blog\/#\/schema\/logo\/image\/\",\"url\":\"https:\/\/www.porta-mallorquina.de\/blog\/mallorca\/porta-mallorquina-real-estate-mallorca-logo.png\",\"contentUrl\":\"https:\/\/www.porta-mallorquina.de\/blog\/mallorca\/porta-mallorquina-real-estate-mallorca-logo.png\",\"width\":570,\"height\":400,\"caption\":\"Porta Mallorquina Blog\"},\"image\":{\"@id\":\"https:\/\/www.porta-mallorquina.de\/blog\/#\/schema\/logo\/image\/\"}},{\"@type\":\"Person\",\"@id\":\"https:\/\/www.porta-mallorquina.de\/blog\/#\/schema\/person\/1b146226cf8eccf9d7d382a5d9519bed\",\"name\":\"Porta Mallorquina\",\"url\":\"https:\/\/www.porta-mallorquina.de\/blog\/author\/sonja-meyne\/\"}]}<\/script>\n<!-- \/ Yoast SEO plugin. -->","yoast_head_json":{"title":"Umziehen nach Mallorca - So werden Sie ein Resident - Porta Mallorquina Blog","robots":{"index":"index","follow":"follow","max-snippet":"max-snippet:-1","max-image-preview":"max-image-preview:large","max-video-preview":"max-video-preview:-1"},"canonical":"https:\/\/www.porta-mallorquina.de\/blog\/umziehen-nach-mallorca-so-werden-sie-ein-resident\/","og_locale":"de_DE","og_type":"article","og_title":"Umziehen nach Mallorca - So werden Sie ein Resident - Porta Mallorquina Blog","og_description":"Ein Traum wird wahr: Sie haben sich entschlossen, die Insel das ganze Jahr \u00fcber zu genie\u00dfen und wollen sie zu Ihrem Lebensmittelpunkt machen. Vom Lebensmittelpunkt spricht man dann, wenn Sie sich \u00fcber 183 Tage auf der Insel aufhalten. Der Schritt, das eigene Leben \u2013 und unter Umst\u00e4nden das der Familie \u2013 unter die Sonne Mallorcas zu verlegen, sollte gut durchdacht und sorgf\u00e4ltig geplant sein.","og_url":"https:\/\/www.porta-mallorquina.de\/blog\/umziehen-nach-mallorca-so-werden-sie-ein-resident\/","og_site_name":"Porta Mallorquina Blog","article_published_time":"2017-10-20T17:22:52+00:00","article_modified_time":"2017-11-26T17:24:14+00:00","og_image":[{"url":"https:\/\/www.porta-mallorquina.de\/blog\/mallorca\/10380434_10152153339826376_2087439765285448849_o.jpg","type":"","width":"","height":""}],"author":"Porta Mallorquina","twitter_card":"summary_large_image","twitter_misc":{"Verfasst von":"Porta Mallorquina","Gesch\u00e4tzte Lesezeit":"5\u00a0Minuten"},"schema":{"@context":"https:\/\/schema.org","@graph":[{"@type":"Article","@id":"https:\/\/www.porta-mallorquina.de\/blog\/umziehen-nach-mallorca-so-werden-sie-ein-resident\/#article","isPartOf":{"@id":"https:\/\/www.porta-mallorquina.de\/blog\/umziehen-nach-mallorca-so-werden-sie-ein-resident\/"},"author":{"name":"Porta Mallorquina","@id":"https:\/\/www.porta-mallorquina.de\/blog\/#\/schema\/person\/1b146226cf8eccf9d7d382a5d9519bed"},"headline":"Umziehen nach Mallorca &#8211; So werden Sie ein Resident","datePublished":"2017-10-20T17:22:52+00:00","dateModified":"2017-11-26T17:24:14+00:00","mainEntityOfPage":{"@id":"https:\/\/www.porta-mallorquina.de\/blog\/umziehen-nach-mallorca-so-werden-sie-ein-resident\/"},"wordCount":954,"commentCount":0,"publisher":{"@id":"https:\/\/www.porta-mallorquina.de\/blog\/#organization"},"image":{"@id":"https:\/\/www.porta-mallorquina.de\/blog\/umziehen-nach-mallorca-so-werden-sie-ein-resident\/#primaryimage"},"thumbnailUrl":"https:\/\/www.porta-mallorquina.de\/blog\/mallorca\/10380434_10152153339826376_2087439765285448849_o.jpg","articleSection":["Balearen","Immobilien","Mallorca"],"inLanguage":"de","potentialAction":[{"@type":"CommentAction","name":"Comment","target":["https:\/\/www.porta-mallorquina.de\/blog\/umziehen-nach-mallorca-so-werden-sie-ein-resident\/#respond"]}]},{"@type":"WebPage","@id":"https:\/\/www.porta-mallorquina.de\/blog\/umziehen-nach-mallorca-so-werden-sie-ein-resident\/","url":"https:\/\/www.porta-mallorquina.de\/blog\/umziehen-nach-mallorca-so-werden-sie-ein-resident\/","name":"Umziehen nach Mallorca - So werden Sie ein Resident - Porta Mallorquina Blog","isPartOf":{"@id":"https:\/\/www.porta-mallorquina.de\/blog\/#website"},"primaryImageOfPage":{"@id":"https:\/\/www.porta-mallorquina.de\/blog\/umziehen-nach-mallorca-so-werden-sie-ein-resident\/#primaryimage"},"image":{"@id":"https:\/\/www.porta-mallorquina.de\/blog\/umziehen-nach-mallorca-so-werden-sie-ein-resident\/#primaryimage"},"thumbnailUrl":"https:\/\/www.porta-mallorquina.de\/blog\/mallorca\/10380434_10152153339826376_2087439765285448849_o.jpg","datePublished":"2017-10-20T17:22:52+00:00","dateModified":"2017-11-26T17:24:14+00:00","breadcrumb":{"@id":"https:\/\/www.porta-mallorquina.de\/blog\/umziehen-nach-mallorca-so-werden-sie-ein-resident\/#breadcrumb"},"inLanguage":"de","potentialAction":[{"@type":"ReadAction","target":["https:\/\/www.porta-mallorquina.de\/blog\/umziehen-nach-mallorca-so-werden-sie-ein-resident\/"]}]},{"@type":"ImageObject","inLanguage":"de","@id":"https:\/\/www.porta-mallorquina.de\/blog\/umziehen-nach-mallorca-so-werden-sie-ein-resident\/#primaryimage","url":"https:\/\/www.porta-mallorquina.de\/blog\/mallorca\/10380434_10152153339826376_2087439765285448849_o.jpg","contentUrl":"https:\/\/www.porta-mallorquina.de\/blog\/mallorca\/10380434_10152153339826376_2087439765285448849_o.jpg","width":1600,"height":1200},{"@type":"BreadcrumbList","@id":"https:\/\/www.porta-mallorquina.de\/blog\/umziehen-nach-mallorca-so-werden-sie-ein-resident\/#breadcrumb","itemListElement":[{"@type":"ListItem","position":1,"name":"Startseite","item":"https:\/\/www.porta-mallorquina.de\/blog\/"},{"@type":"ListItem","position":2,"name":"Umziehen nach Mallorca &#8211; So werden Sie ein Resident"}]},{"@type":"WebSite","@id":"https:\/\/www.porta-mallorquina.de\/blog\/#website","url":"https:\/\/www.porta-mallorquina.de\/blog\/","name":"Porta Mallorquina Blog","description":"Mehr als Mallorca Immobilien","publisher":{"@id":"https:\/\/www.porta-mallorquina.de\/blog\/#organization"},"potentialAction":[{"@type":"SearchAction","target":{"@type":"EntryPoint","urlTemplate":"https:\/\/www.porta-mallorquina.de\/blog\/?s={search_term_string}"},"query-input":{"@type":"PropertyValueSpecification","valueRequired":true,"valueName":"search_term_string"}}],"inLanguage":"de"},{"@type":"Organization","@id":"https:\/\/www.porta-mallorquina.de\/blog\/#organization","name":"Porta Mallorquina Blog","url":"https:\/\/www.porta-mallorquina.de\/blog\/","logo":{"@type":"ImageObject","inLanguage":"de","@id":"https:\/\/www.porta-mallorquina.de\/blog\/#\/schema\/logo\/image\/","url":"https:\/\/www.porta-mallorquina.de\/blog\/mallorca\/porta-mallorquina-real-estate-mallorca-logo.png","contentUrl":"https:\/\/www.porta-mallorquina.de\/blog\/mallorca\/porta-mallorquina-real-estate-mallorca-logo.png","width":570,"height":400,"caption":"Porta Mallorquina Blog"},"image":{"@id":"https:\/\/www.porta-mallorquina.de\/blog\/#\/schema\/logo\/image\/"}},{"@type":"Person","@id":"https:\/\/www.porta-mallorquina.de\/blog\/#\/schema\/person\/1b146226cf8eccf9d7d382a5d9519bed","name":"Porta Mallorquina","url":"https:\/\/www.porta-mallorquina.de\/blog\/author\/sonja-meyne\/"}]}},"_links":{"self":[{"href":"https:\/\/www.porta-mallorquina.de\/blog\/wp-json\/wp\/v2\/posts\/4289","targetHints":{"allow":["GET"]}}],"collection":[{"href":"https:\/\/www.porta-mallorquina.de\/blog\/wp-json\/wp\/v2\/posts"}],"about":[{"href":"https:\/\/www.porta-mallorquina.de\/blog\/wp-json\/wp\/v2\/types\/post"}],"author":[{"embeddable":true,"href":"https:\/\/www.porta-mallorquina.de\/blog\/wp-json\/wp\/v2\/users\/11"}],"replies":[{"embeddable":true,"href":"https:\/\/www.porta-mallorquina.de\/blog\/wp-json\/wp\/v2\/comments?post=4289"}],"version-history":[{"count":2,"href":"https:\/\/www.porta-mallorquina.de\/blog\/wp-json\/wp\/v2\/posts\/4289\/revisions"}],"predecessor-version":[{"id":4292,"href":"https:\/\/www.porta-mallorquina.de\/blog\/wp-json\/wp\/v2\/posts\/4289\/revisions\/4292"}],"wp:attachment":[{"href":"https:\/\/www.porta-mallorquina.de\/blog\/wp-json\/wp\/v2\/media?parent=4289"}],"wp:term":[{"taxonomy":"category","embeddable":true,"href":"https:\/\/www.porta-mallorquina.de\/blog\/wp-json\/wp\/v2\/categories?post=4289"},{"taxonomy":"post_tag","embeddable":true,"href":"https:\/\/www.porta-mallorquina.de\/blog\/wp-json\/wp\/v2\/tags?post=4289"}],"curies":[{"name":"wp","href":"https:\/\/api.w.org\/{rel}","templated":true}]}}