{"id":4324,"date":"2018-01-16T17:34:43","date_gmt":"2018-01-16T15:34:43","guid":{"rendered":"http:\/\/www.porta-mallorquina.de\/blog\/?p=4324"},"modified":"2018-01-16T18:35:10","modified_gmt":"2018-01-16T16:35:10","slug":"steuerfalle-fuenf-fehler-immobilienkauf-mallorca","status":"publish","type":"post","link":"https:\/\/www.porta-mallorquina.de\/blog\/steuerfalle-fuenf-fehler-immobilienkauf-mallorca\/","title":{"rendered":"Achtung Steuerfalle &#8211; Diese f\u00fcnf Fehler sollten Sie beim Immobilienkauf vermeiden!"},"content":{"rendered":"<p><em>Gastautor: Thomas Fitzner<\/em><\/p>\n<p><strong>Steuerliche Besonderheiten<\/strong> k\u00f6nnen wesentlichen Einfluss auf die Entscheidung dar\u00fcber nehmen, ob und wie man eine <strong>Immobilie erwirbt<\/strong>. F\u00fcr <strong>Eigent\u00fcmer<\/strong> wiederum gilt es, diese Besonderheiten im Auge zu behalten, um Unannehmlichkeiten zu vermeiden. Im Folgenden erkl\u00e4ren wir <strong>f\u00fcnf Beispiele<\/strong> f\u00fcr Besonderheiten, die man zum Thema <strong>Steuer &amp; Immobilien<\/strong> im Auge behalten sollte.<\/p>\n<div id=\"attachment_4230\" class=\"wp-caption aligncenter\" style=\"width: 510px\"><img loading=\"lazy\" decoding=\"async\" class=\"\u201eImmobilien &amp; Steuern auf Mallorca\u201c wp-image-4230 size-full\" title=\"\u201eImmobilien &amp; Steuern auf Mallorca\u201c \" src=\"https:\/\/www.porta-mallorquina.de\/blog\/mallorca\/077105-villa-cala-llamp-pool-lounge-terrace-2.jpg\" alt=\"Beim Kauf von Immobilien auf Mallorca gibt es steuerliche Besonderheiten, die man beachten sollte.\" width=\"510\" height=\"340\" \/><p class=\"wp-caption-text\">Beim Kauf von Immobilien auf Mallorca gibt es steuerliche Besonderheiten, die man beachten sollte.<\/p><\/div>\n<h2>Wichtig f\u00fcr K\u00e4ufer<\/h2>\n<p>Wer sich mit dem Gedanken tr\u00e4gt, eine neue Immobilie zu erwerben, um mit dieser <strong>umsatzsteuerpflichtige Ferienvermietung<\/strong> zu betreiben und somit die R\u00fcckerstattung der beim Kauf bezahlten Umsatzsteuer zu beantragen, hat seit 1. August 2017 ein Problem. Seit diesem Zeitpunkt gilt das <strong>neue Tourismusgesetz der Balearen<\/strong>, das die Ferienvermietung verbietet, wenn die Immobilie weniger als f\u00fcnf Jahre alt ist. Somit ist die IVA-R\u00fcckerstattung nur dann m\u00f6glich, wenn man eine andere umsatzsteuerpflichtige Vermietungsmodalit\u00e4t aus\u00fcbt.<\/p>\n<div id=\"attachment_4345\" class=\"wp-caption aligncenter\" style=\"width: 510px\"><img loading=\"lazy\" decoding=\"async\" class=\"wp-image-4345\" src=\"https:\/\/www.porta-mallorquina.de\/blog\/mallorca\/101592_Neubauvilla-Nova-Santa-Ponsa.jpg\" alt=\"\" width=\"510\" height=\"340\" \/><p class=\"wp-caption-text\">Ferienvermietung ist bei dieser wundersch\u00f6nen Neubau-Villa leider noch nicht m\u00f6glich &#8211; die Immobilie muss \u00e4lter als f\u00fcnf Jahre sein.<\/p><\/div>\n<h2>Verm\u00f6genssteuer bleibt vorerst<\/h2>\n<p>Momentan geistert die Nachricht durch den Bl\u00e4tterwald, die spanische Finanzbeh\u00f6rde habe vergessen, die <strong>Verm\u00f6gensteuer<\/strong> ein weiteres Jahr zu verl\u00e4ngern, weshalb nach momentanem Rechtsstand die ungeliebte Steuer f\u00fcr 2018 ausgesetzt ist. Steht die Abschaffung bevor? Mitnichten. Die Nachricht ist zwar faktisch korrekt, jedoch hat der Gesetzgeber bis zum 30. Dezember 2018 Zeit, die Verl\u00e4ngerung zu beschlie\u00dfen. Dies wird h\u00f6chstwahrscheinlich geschehen, denn in der Politik ist die Verm\u00f6gensteuer kein Gespr\u00e4chsthema. Es lohnt sich daher auch weiterhin, VOR dem Notartermin \u00fcber ein verm\u00f6gensteuerlich kluges Erwerbsmodell nachzudenken.<\/p>\n<h2>Spanische Steuererkl\u00e4rung<\/h2>\n<p>Was die <strong>Einkommensteuer<\/strong> betrifft, so tritt bei etlichen Beratungsgespr\u00e4chen dieselbe Wissensl\u00fccke\u00a0<span lang=\"DE\">\u00fcber die folgende Verpflichtung<\/span> zutage: Ausl\u00e4ndische Eigent\u00fcmer haben f\u00fcr die spanische Immobilie IMMER Einkommensteuer zu bezahlen, egal ob vermietet oder nicht. Sind keine Mieteinnahmen zu versteuern, so wird eine Art <strong>Selbstnutzungssteuer<\/strong> auf einen fiktiven Nutzwert wirksam. Einzureichen und zu bezahlen ist diese f\u00fcr jedes Jahr, die Frist l\u00e4uft bis Ende des Folgejahres.<\/p>\n<h2>Schon beim Kauf an Verkauf denken<\/h2>\n<p>Wer denkt beim Erwerb schon direkt ans <strong>Verkaufen oder Verschenken<\/strong>? Sollte man aber. In beiden F\u00e4llen muss in Spanien gleicherma\u00dfen Einkommensteuer auf den Verm\u00f6genszuwachs bezahlt werden, der beim Verkauf real, bei der Schenkung nur virtuell ist. Das bedeutet nicht nur, dass Unterverbriefung (mit einem Teil der Zahlung in B) neben dem Risiko einer Anzeige wegen Geldw\u00e4sche unweigerlich auch Nachteile beim Verkauf oder beim Schenken mit sich bringt. Denn besteuert wird die Differenz zwischen den offiziellen Anschaffungskosten und dem Verkaufspreis. Das bedeutet weiterhin, dass jegliche Rechnungen \u00fcber wertsteigernde Bauma\u00dfnahmen helfen, die Steuerlast zu senken.<\/p>\n<h2>SL-Modell hat ausgedient<\/h2>\n<p>Privat genutztes Immobilieneigentum \u00fcber eine Kapitalgesellschaft ist \u201eout\u201c, daf\u00fcr haben die Steuerbeh\u00f6rde an beiden Enden der Luftbr\u00fccke Deutschland-Mallorca in den <span lang=\"DE\">vergangenen<\/span> Jahren gesorgt. Den Todessto\u00df hat der deutsche Bundesfinanzhof ausgef\u00fchrt, indem er f\u00fcr diese Strukturen mittlerweile Bedingungen vorschreibt, die a) zu erheblichen finanziellen Nachteilen f\u00fchren und b) in vielen F\u00e4llen auch zu einem Verfahren wegen Steuerdelikt, Stichwort<strong> \u201everdeckte Gewinnaussch\u00fcttung\u201c<\/strong>. Dar\u00fcber hinaus kann die Nichtbeachtung wenig bekannter und wenig beachteter formeller Vorschriften zu kostspieligen Schwierigkeiten f\u00fchren.<\/p>\n<p>Mit diesen f\u00fcnf sehr allgemein gehaltenen Anmerkungen ist das Thema \u201eImmobilien &amp; Steuern auf Mallorca\u201c nat\u00fcrlich weit jenseits von ausgereizt. Aber sie vermitteln eine Ahnung davon, welche <strong>fiskalischen Stolpersteine<\/strong> auf dem Weg zum mediterranen Lebensgenuss lauern.<\/p>\n<div id=\"attachment_4348\" class=\"wp-caption aligncenter\" style=\"width: 510px\"><img loading=\"lazy\" decoding=\"async\" class=\"wp-image-4348\" src=\"https:\/\/www.porta-mallorquina.de\/blog\/mallorca\/palma-innen-600px-IMG_1310.jpg\" alt=\"\" width=\"510\" height=\"340\" \/><p class=\"wp-caption-text\">Die Porta Mallorquina Immobilienberater helfen Ihnen gerne weiter &#8211; f\u00fcr Spezialfragen vermitteln wir Ihnen gerne kompetente Rechts- und Steuerberater.<\/p><\/div>\n<p>&nbsp;<\/p>\n<p>Man sollte sich jedoch davon nicht sein Mallorca-Projekt mies machen lassen, sondern kompetente Beratung suchen, und zwar idealerweise BEVOR man sechs- oder siebenstellige Betr\u00e4ge Richtung Spanien schickt.<\/p>\n<h2>Kostenfreies Seminar im Februar<\/h2>\n<p><strong>Ein Seminar zum Thema \u201eFerienvermietung auf Mallorca: Risiken und L\u00f6sungen\u201c findet am 2. Februar 2018 in Palma de Mallorca statt. Teilnahme kostenlos. Weitere Informationen und Anmeldung finden Sie hier: http:\/\/www.europeanaccounting.net\/veranstaltungen\/<\/strong><\/p>\n","protected":false},"excerpt":{"rendered":"<p>Steuerliche Besonderheiten k\u00f6nnen wesentlichen Einfluss auf die Entscheidung dar\u00fcber nehmen, ob und wie man eine Immobilie erwirbt. F\u00fcr Eigent\u00fcmer wiederum gilt es, diese Besonderheiten im Auge zu behalten, um Unannehmlichkeiten zu vermeiden. Im Folgenden erkl\u00e4ren wir f\u00fcnf Beispiele f\u00fcr Besonderheiten, die man zum Thema Steuer &#038; Immobilien im Auge behalten sollte.<\/p>\n","protected":false},"author":9,"featured_media":0,"comment_status":"open","ping_status":"open","sticky":false,"template":"","format":"standard","meta":{"footnotes":""},"categories":[4,8],"tags":[],"class_list":["post-4324","post","type-post","status-publish","format-standard","hentry","category-immobilien","category-recht"],"yoast_head":"<!-- This site is optimized with the Yoast SEO plugin v27.2 - https:\/\/yoast.com\/product\/yoast-seo-wordpress\/ -->\n<title>Achtung Steuerfalle - Diese f\u00fcnf Fehler sollten Sie beim Immobilienkauf vermeiden! - Porta Mallorquina Blog<\/title>\n<meta name=\"robots\" content=\"index, follow, max-snippet:-1, max-image-preview:large, max-video-preview:-1\" \/>\n<link rel=\"canonical\" href=\"https:\/\/www.porta-mallorquina.de\/blog\/steuerfalle-fuenf-fehler-immobilienkauf-mallorca\/\" \/>\n<meta property=\"og:locale\" content=\"de_DE\" \/>\n<meta property=\"og:type\" content=\"article\" \/>\n<meta property=\"og:title\" content=\"Achtung Steuerfalle - Diese f\u00fcnf Fehler sollten Sie beim Immobilienkauf vermeiden! - Porta Mallorquina Blog\" \/>\n<meta property=\"og:description\" content=\"Steuerliche Besonderheiten k\u00f6nnen wesentlichen Einfluss auf die Entscheidung dar\u00fcber nehmen, ob und wie man eine Immobilie erwirbt. F\u00fcr Eigent\u00fcmer wiederum gilt es, diese Besonderheiten im Auge zu behalten, um Unannehmlichkeiten zu vermeiden. Im Folgenden erkl\u00e4ren wir f\u00fcnf Beispiele f\u00fcr Besonderheiten, die man zum Thema Steuer &amp; Immobilien im Auge behalten sollte.\" \/>\n<meta property=\"og:url\" content=\"https:\/\/www.porta-mallorquina.de\/blog\/steuerfalle-fuenf-fehler-immobilienkauf-mallorca\/\" \/>\n<meta property=\"og:site_name\" content=\"Porta Mallorquina Blog\" \/>\n<meta property=\"article:published_time\" content=\"2018-01-16T15:34:43+00:00\" \/>\n<meta property=\"article:modified_time\" content=\"2018-01-16T16:35:10+00:00\" \/>\n<meta property=\"og:image\" content=\"https:\/\/www.porta-mallorquina.de\/blog\/mallorca\/077105-villa-cala-llamp-pool-lounge-terrace-2.jpg\" \/>\n<meta name=\"author\" content=\"Porta Mallorquina\" \/>\n<meta name=\"twitter:card\" content=\"summary_large_image\" \/>\n<meta name=\"twitter:label1\" content=\"Verfasst von\" \/>\n\t<meta name=\"twitter:data1\" content=\"Porta Mallorquina\" \/>\n\t<meta name=\"twitter:label2\" content=\"Gesch\u00e4tzte Lesezeit\" \/>\n\t<meta name=\"twitter:data2\" content=\"3\u00a0Minuten\" \/>\n<script type=\"application\/ld+json\" class=\"yoast-schema-graph\">{\"@context\":\"https:\/\/schema.org\",\"@graph\":[{\"@type\":\"Article\",\"@id\":\"https:\/\/www.porta-mallorquina.de\/blog\/steuerfalle-fuenf-fehler-immobilienkauf-mallorca\/#article\",\"isPartOf\":{\"@id\":\"https:\/\/www.porta-mallorquina.de\/blog\/steuerfalle-fuenf-fehler-immobilienkauf-mallorca\/\"},\"author\":{\"name\":\"Porta Mallorquina\",\"@id\":\"https:\/\/www.porta-mallorquina.de\/blog\/#\/schema\/person\/762f5edd41dcc87e16e9391fd25d519d\"},\"headline\":\"Achtung Steuerfalle &#8211; Diese f\u00fcnf Fehler sollten Sie beim Immobilienkauf vermeiden!\",\"datePublished\":\"2018-01-16T15:34:43+00:00\",\"dateModified\":\"2018-01-16T16:35:10+00:00\",\"mainEntityOfPage\":{\"@id\":\"https:\/\/www.porta-mallorquina.de\/blog\/steuerfalle-fuenf-fehler-immobilienkauf-mallorca\/\"},\"wordCount\":696,\"commentCount\":2,\"publisher\":{\"@id\":\"https:\/\/www.porta-mallorquina.de\/blog\/#organization\"},\"image\":{\"@id\":\"https:\/\/www.porta-mallorquina.de\/blog\/steuerfalle-fuenf-fehler-immobilienkauf-mallorca\/#primaryimage\"},\"thumbnailUrl\":\"https:\/\/www.porta-mallorquina.de\/blog\/mallorca\/077105-villa-cala-llamp-pool-lounge-terrace-2.jpg\",\"articleSection\":[\"Immobilien\",\"Recht\"],\"inLanguage\":\"de\",\"potentialAction\":[{\"@type\":\"CommentAction\",\"name\":\"Comment\",\"target\":[\"https:\/\/www.porta-mallorquina.de\/blog\/steuerfalle-fuenf-fehler-immobilienkauf-mallorca\/#respond\"]}]},{\"@type\":\"WebPage\",\"@id\":\"https:\/\/www.porta-mallorquina.de\/blog\/steuerfalle-fuenf-fehler-immobilienkauf-mallorca\/\",\"url\":\"https:\/\/www.porta-mallorquina.de\/blog\/steuerfalle-fuenf-fehler-immobilienkauf-mallorca\/\",\"name\":\"Achtung Steuerfalle - Diese f\u00fcnf Fehler sollten Sie beim Immobilienkauf vermeiden! - Porta Mallorquina Blog\",\"isPartOf\":{\"@id\":\"https:\/\/www.porta-mallorquina.de\/blog\/#website\"},\"primaryImageOfPage\":{\"@id\":\"https:\/\/www.porta-mallorquina.de\/blog\/steuerfalle-fuenf-fehler-immobilienkauf-mallorca\/#primaryimage\"},\"image\":{\"@id\":\"https:\/\/www.porta-mallorquina.de\/blog\/steuerfalle-fuenf-fehler-immobilienkauf-mallorca\/#primaryimage\"},\"thumbnailUrl\":\"https:\/\/www.porta-mallorquina.de\/blog\/mallorca\/077105-villa-cala-llamp-pool-lounge-terrace-2.jpg\",\"datePublished\":\"2018-01-16T15:34:43+00:00\",\"dateModified\":\"2018-01-16T16:35:10+00:00\",\"breadcrumb\":{\"@id\":\"https:\/\/www.porta-mallorquina.de\/blog\/steuerfalle-fuenf-fehler-immobilienkauf-mallorca\/#breadcrumb\"},\"inLanguage\":\"de\",\"potentialAction\":[{\"@type\":\"ReadAction\",\"target\":[\"https:\/\/www.porta-mallorquina.de\/blog\/steuerfalle-fuenf-fehler-immobilienkauf-mallorca\/\"]}]},{\"@type\":\"ImageObject\",\"inLanguage\":\"de\",\"@id\":\"https:\/\/www.porta-mallorquina.de\/blog\/steuerfalle-fuenf-fehler-immobilienkauf-mallorca\/#primaryimage\",\"url\":\"https:\/\/www.porta-mallorquina.de\/blog\/mallorca\/077105-villa-cala-llamp-pool-lounge-terrace-2.jpg\",\"contentUrl\":\"https:\/\/www.porta-mallorquina.de\/blog\/mallorca\/077105-villa-cala-llamp-pool-lounge-terrace-2.jpg\",\"width\":510,\"height\":340},{\"@type\":\"BreadcrumbList\",\"@id\":\"https:\/\/www.porta-mallorquina.de\/blog\/steuerfalle-fuenf-fehler-immobilienkauf-mallorca\/#breadcrumb\",\"itemListElement\":[{\"@type\":\"ListItem\",\"position\":1,\"name\":\"Startseite\",\"item\":\"https:\/\/www.porta-mallorquina.de\/blog\/\"},{\"@type\":\"ListItem\",\"position\":2,\"name\":\"Achtung Steuerfalle &#8211; Diese f\u00fcnf Fehler sollten Sie beim Immobilienkauf vermeiden!\"}]},{\"@type\":\"WebSite\",\"@id\":\"https:\/\/www.porta-mallorquina.de\/blog\/#website\",\"url\":\"https:\/\/www.porta-mallorquina.de\/blog\/\",\"name\":\"Porta Mallorquina Blog\",\"description\":\"Mehr als Mallorca Immobilien\",\"publisher\":{\"@id\":\"https:\/\/www.porta-mallorquina.de\/blog\/#organization\"},\"potentialAction\":[{\"@type\":\"SearchAction\",\"target\":{\"@type\":\"EntryPoint\",\"urlTemplate\":\"https:\/\/www.porta-mallorquina.de\/blog\/?s={search_term_string}\"},\"query-input\":{\"@type\":\"PropertyValueSpecification\",\"valueRequired\":true,\"valueName\":\"search_term_string\"}}],\"inLanguage\":\"de\"},{\"@type\":\"Organization\",\"@id\":\"https:\/\/www.porta-mallorquina.de\/blog\/#organization\",\"name\":\"Porta Mallorquina Blog\",\"url\":\"https:\/\/www.porta-mallorquina.de\/blog\/\",\"logo\":{\"@type\":\"ImageObject\",\"inLanguage\":\"de\",\"@id\":\"https:\/\/www.porta-mallorquina.de\/blog\/#\/schema\/logo\/image\/\",\"url\":\"https:\/\/www.porta-mallorquina.de\/blog\/mallorca\/porta-mallorquina-real-estate-mallorca-logo.png\",\"contentUrl\":\"https:\/\/www.porta-mallorquina.de\/blog\/mallorca\/porta-mallorquina-real-estate-mallorca-logo.png\",\"width\":570,\"height\":400,\"caption\":\"Porta Mallorquina Blog\"},\"image\":{\"@id\":\"https:\/\/www.porta-mallorquina.de\/blog\/#\/schema\/logo\/image\/\"}},{\"@type\":\"Person\",\"@id\":\"https:\/\/www.porta-mallorquina.de\/blog\/#\/schema\/person\/762f5edd41dcc87e16e9391fd25d519d\",\"name\":\"Porta Mallorquina\",\"url\":\"https:\/\/www.porta-mallorquina.de\/blog\/author\/lnmt53naz\/\"}]}<\/script>\n<!-- \/ Yoast SEO plugin. -->","yoast_head_json":{"title":"Achtung Steuerfalle - Diese f\u00fcnf Fehler sollten Sie beim Immobilienkauf vermeiden! - Porta Mallorquina Blog","robots":{"index":"index","follow":"follow","max-snippet":"max-snippet:-1","max-image-preview":"max-image-preview:large","max-video-preview":"max-video-preview:-1"},"canonical":"https:\/\/www.porta-mallorquina.de\/blog\/steuerfalle-fuenf-fehler-immobilienkauf-mallorca\/","og_locale":"de_DE","og_type":"article","og_title":"Achtung Steuerfalle - Diese f\u00fcnf Fehler sollten Sie beim Immobilienkauf vermeiden! - Porta Mallorquina Blog","og_description":"Steuerliche Besonderheiten k\u00f6nnen wesentlichen Einfluss auf die Entscheidung dar\u00fcber nehmen, ob und wie man eine Immobilie erwirbt. F\u00fcr Eigent\u00fcmer wiederum gilt es, diese Besonderheiten im Auge zu behalten, um Unannehmlichkeiten zu vermeiden. Im Folgenden erkl\u00e4ren wir f\u00fcnf Beispiele f\u00fcr Besonderheiten, die man zum Thema Steuer & Immobilien im Auge behalten sollte.","og_url":"https:\/\/www.porta-mallorquina.de\/blog\/steuerfalle-fuenf-fehler-immobilienkauf-mallorca\/","og_site_name":"Porta Mallorquina Blog","article_published_time":"2018-01-16T15:34:43+00:00","article_modified_time":"2018-01-16T16:35:10+00:00","og_image":[{"url":"https:\/\/www.porta-mallorquina.de\/blog\/mallorca\/077105-villa-cala-llamp-pool-lounge-terrace-2.jpg","type":"","width":"","height":""}],"author":"Porta Mallorquina","twitter_card":"summary_large_image","twitter_misc":{"Verfasst von":"Porta Mallorquina","Gesch\u00e4tzte Lesezeit":"3\u00a0Minuten"},"schema":{"@context":"https:\/\/schema.org","@graph":[{"@type":"Article","@id":"https:\/\/www.porta-mallorquina.de\/blog\/steuerfalle-fuenf-fehler-immobilienkauf-mallorca\/#article","isPartOf":{"@id":"https:\/\/www.porta-mallorquina.de\/blog\/steuerfalle-fuenf-fehler-immobilienkauf-mallorca\/"},"author":{"name":"Porta Mallorquina","@id":"https:\/\/www.porta-mallorquina.de\/blog\/#\/schema\/person\/762f5edd41dcc87e16e9391fd25d519d"},"headline":"Achtung Steuerfalle &#8211; Diese f\u00fcnf Fehler sollten Sie beim Immobilienkauf vermeiden!","datePublished":"2018-01-16T15:34:43+00:00","dateModified":"2018-01-16T16:35:10+00:00","mainEntityOfPage":{"@id":"https:\/\/www.porta-mallorquina.de\/blog\/steuerfalle-fuenf-fehler-immobilienkauf-mallorca\/"},"wordCount":696,"commentCount":2,"publisher":{"@id":"https:\/\/www.porta-mallorquina.de\/blog\/#organization"},"image":{"@id":"https:\/\/www.porta-mallorquina.de\/blog\/steuerfalle-fuenf-fehler-immobilienkauf-mallorca\/#primaryimage"},"thumbnailUrl":"https:\/\/www.porta-mallorquina.de\/blog\/mallorca\/077105-villa-cala-llamp-pool-lounge-terrace-2.jpg","articleSection":["Immobilien","Recht"],"inLanguage":"de","potentialAction":[{"@type":"CommentAction","name":"Comment","target":["https:\/\/www.porta-mallorquina.de\/blog\/steuerfalle-fuenf-fehler-immobilienkauf-mallorca\/#respond"]}]},{"@type":"WebPage","@id":"https:\/\/www.porta-mallorquina.de\/blog\/steuerfalle-fuenf-fehler-immobilienkauf-mallorca\/","url":"https:\/\/www.porta-mallorquina.de\/blog\/steuerfalle-fuenf-fehler-immobilienkauf-mallorca\/","name":"Achtung Steuerfalle - Diese f\u00fcnf Fehler sollten Sie beim Immobilienkauf vermeiden! - Porta Mallorquina Blog","isPartOf":{"@id":"https:\/\/www.porta-mallorquina.de\/blog\/#website"},"primaryImageOfPage":{"@id":"https:\/\/www.porta-mallorquina.de\/blog\/steuerfalle-fuenf-fehler-immobilienkauf-mallorca\/#primaryimage"},"image":{"@id":"https:\/\/www.porta-mallorquina.de\/blog\/steuerfalle-fuenf-fehler-immobilienkauf-mallorca\/#primaryimage"},"thumbnailUrl":"https:\/\/www.porta-mallorquina.de\/blog\/mallorca\/077105-villa-cala-llamp-pool-lounge-terrace-2.jpg","datePublished":"2018-01-16T15:34:43+00:00","dateModified":"2018-01-16T16:35:10+00:00","breadcrumb":{"@id":"https:\/\/www.porta-mallorquina.de\/blog\/steuerfalle-fuenf-fehler-immobilienkauf-mallorca\/#breadcrumb"},"inLanguage":"de","potentialAction":[{"@type":"ReadAction","target":["https:\/\/www.porta-mallorquina.de\/blog\/steuerfalle-fuenf-fehler-immobilienkauf-mallorca\/"]}]},{"@type":"ImageObject","inLanguage":"de","@id":"https:\/\/www.porta-mallorquina.de\/blog\/steuerfalle-fuenf-fehler-immobilienkauf-mallorca\/#primaryimage","url":"https:\/\/www.porta-mallorquina.de\/blog\/mallorca\/077105-villa-cala-llamp-pool-lounge-terrace-2.jpg","contentUrl":"https:\/\/www.porta-mallorquina.de\/blog\/mallorca\/077105-villa-cala-llamp-pool-lounge-terrace-2.jpg","width":510,"height":340},{"@type":"BreadcrumbList","@id":"https:\/\/www.porta-mallorquina.de\/blog\/steuerfalle-fuenf-fehler-immobilienkauf-mallorca\/#breadcrumb","itemListElement":[{"@type":"ListItem","position":1,"name":"Startseite","item":"https:\/\/www.porta-mallorquina.de\/blog\/"},{"@type":"ListItem","position":2,"name":"Achtung Steuerfalle &#8211; Diese f\u00fcnf Fehler sollten Sie beim Immobilienkauf vermeiden!"}]},{"@type":"WebSite","@id":"https:\/\/www.porta-mallorquina.de\/blog\/#website","url":"https:\/\/www.porta-mallorquina.de\/blog\/","name":"Porta Mallorquina Blog","description":"Mehr als Mallorca Immobilien","publisher":{"@id":"https:\/\/www.porta-mallorquina.de\/blog\/#organization"},"potentialAction":[{"@type":"SearchAction","target":{"@type":"EntryPoint","urlTemplate":"https:\/\/www.porta-mallorquina.de\/blog\/?s={search_term_string}"},"query-input":{"@type":"PropertyValueSpecification","valueRequired":true,"valueName":"search_term_string"}}],"inLanguage":"de"},{"@type":"Organization","@id":"https:\/\/www.porta-mallorquina.de\/blog\/#organization","name":"Porta Mallorquina Blog","url":"https:\/\/www.porta-mallorquina.de\/blog\/","logo":{"@type":"ImageObject","inLanguage":"de","@id":"https:\/\/www.porta-mallorquina.de\/blog\/#\/schema\/logo\/image\/","url":"https:\/\/www.porta-mallorquina.de\/blog\/mallorca\/porta-mallorquina-real-estate-mallorca-logo.png","contentUrl":"https:\/\/www.porta-mallorquina.de\/blog\/mallorca\/porta-mallorquina-real-estate-mallorca-logo.png","width":570,"height":400,"caption":"Porta Mallorquina Blog"},"image":{"@id":"https:\/\/www.porta-mallorquina.de\/blog\/#\/schema\/logo\/image\/"}},{"@type":"Person","@id":"https:\/\/www.porta-mallorquina.de\/blog\/#\/schema\/person\/762f5edd41dcc87e16e9391fd25d519d","name":"Porta Mallorquina","url":"https:\/\/www.porta-mallorquina.de\/blog\/author\/lnmt53naz\/"}]}},"_links":{"self":[{"href":"https:\/\/www.porta-mallorquina.de\/blog\/wp-json\/wp\/v2\/posts\/4324","targetHints":{"allow":["GET"]}}],"collection":[{"href":"https:\/\/www.porta-mallorquina.de\/blog\/wp-json\/wp\/v2\/posts"}],"about":[{"href":"https:\/\/www.porta-mallorquina.de\/blog\/wp-json\/wp\/v2\/types\/post"}],"author":[{"embeddable":true,"href":"https:\/\/www.porta-mallorquina.de\/blog\/wp-json\/wp\/v2\/users\/9"}],"replies":[{"embeddable":true,"href":"https:\/\/www.porta-mallorquina.de\/blog\/wp-json\/wp\/v2\/comments?post=4324"}],"version-history":[{"count":25,"href":"https:\/\/www.porta-mallorquina.de\/blog\/wp-json\/wp\/v2\/posts\/4324\/revisions"}],"predecessor-version":[{"id":4355,"href":"https:\/\/www.porta-mallorquina.de\/blog\/wp-json\/wp\/v2\/posts\/4324\/revisions\/4355"}],"wp:attachment":[{"href":"https:\/\/www.porta-mallorquina.de\/blog\/wp-json\/wp\/v2\/media?parent=4324"}],"wp:term":[{"taxonomy":"category","embeddable":true,"href":"https:\/\/www.porta-mallorquina.de\/blog\/wp-json\/wp\/v2\/categories?post=4324"},{"taxonomy":"post_tag","embeddable":true,"href":"https:\/\/www.porta-mallorquina.de\/blog\/wp-json\/wp\/v2\/tags?post=4324"}],"curies":[{"name":"wp","href":"https:\/\/api.w.org\/{rel}","templated":true}]}}