{"id":4356,"date":"2018-01-23T11:12:43","date_gmt":"2018-01-23T09:12:43","guid":{"rendered":"http:\/\/www.porta-mallorquina.de\/blog\/?p=4356"},"modified":"2018-01-23T11:12:43","modified_gmt":"2018-01-23T09:12:43","slug":"dreamteam-auf-expansionskurs","status":"publish","type":"post","link":"https:\/\/www.porta-mallorquina.de\/blog\/dreamteam-auf-expansionskurs\/","title":{"rendered":"Dreamteam auf Expansionskurs"},"content":{"rendered":"<p><em><strong> Die Franchise-Partner aus dem S\u00fcdosten, Mirjana Antic und Timo Weibel, er\u00f6ffnen neues Porta Mallorquina-B\u00fcro in Puerto Portals<\/strong><\/em><\/p>\n<p>Es ist gerade mal anderthalb Jahre her, als Mirjana Antic und Timo Weibel das Porta Mallorquina-B\u00fcro in Santany\u00ed \u00fcbernommen und in Schwung gebracht haben. Mirjana blickt zurecht zufrieden auf die Startphase zur\u00fcck, hat sie doch mit ihrem Partner Timo Weibel im letzten Jahr \u00fcber 30 Objekte verkauft. Das gemeinsame Durchstarten des Paares machte die <a href=\"https:\/\/www.porta-mallorquina.de\/suedost\/\" target=\"_blank\" rel=\"noopener noreferrer\">Verkaufsregion <\/a>mittlerweile zu einem der erfolgreichsten Standorte von Porta Mallorquina auf der Insel.<\/p>\n<p>Profitiert haben die beiden auch von der in den letzten zwei Jahren stark gestiegenen Nachfrage nach hochwertigen Fincas im S\u00fcdosten. Mittlerweile gibt es auch hier mehr Kunden als Objekte. Das f\u00fchrt unter anderem dazu, dass sich die Kunden nicht nur mehr in Santany\u00ed und Umgebung umschauen, sondern auch im begehrten S\u00fcdwesten \u2013 und umgekehrt.<\/p>\n<div id=\"attachment_4359\" class=\"wp-caption aligncenter\" style=\"width: 600px\"><img loading=\"lazy\" decoding=\"async\" class=\"wp-image-4359\" title=\"Mirjana Antic und Timo Weibel \" src=\"https:\/\/www.porta-mallorquina.de\/blog\/mallorca\/13335740_10209638045086146_7527888931325687997_n.jpg\" alt=\"\" width=\"600\" height=\"400\" \/><p class=\"wp-caption-text\">Mirjana Antic und Timo Weibel sind seit Mitte 2016 Franchisepartner von Porta Mallorquina Real Estate.<\/p><\/div>\n<p>Hier wie dort kennen sich die Mirjana und Timo bestens aus, besonders Mirjana. Die temperamentvolle Berlinerin kam vor zehn Jahren auf die Insel und war zun\u00e4chst im Timesharing-Business im Marriott in Son Antem t\u00e4tig, anschlie\u00dfend sammelte sie Erfahrungen als Immobilienmaklerin in Andratx und in Llucmajor. Timo, der in Detmold aufgewachsen ist und in K\u00f6ln studiert hat, kam vor f\u00fcnf Jahren als Golfmanager nach Mallorca \u2013 inzwischen sind sie ein starkes Team, im Privaten wie im Gesch\u00e4ftsleben.<\/p>\n<h2>Mit Stil und K\u00f6pfchen<\/h2>\n<p>Was macht ihr gemeinsames Erfolgsrezept aus? Da muss Mirjana nicht lange \u00fcberlegen:<\/p>\n<blockquote><p>\u201eWir erg\u00e4nzen uns perfekt als Paar und Partner. Ich bin eher umtriebig und k\u00fcmmere mich in erster Linie um den Verkauf, w\u00e4hrend Timo der ruhigere Part von uns beiden ist und die Vertr\u00e4ge macht.\u00a0 Als\u00a0junges, modernes und reaktionsschnelles Team verstehen wir uns prima mit den Kunden prima. Sie sch\u00e4tzen unseren Humor und unseren offenen, herzlichen Stil\u201c.<\/p><\/blockquote>\n<div id=\"attachment_4360\" class=\"wp-caption alignright\" style=\"width: 250px\"><img loading=\"lazy\" decoding=\"async\" class=\"wp-image-4360\" src=\"https:\/\/www.porta-mallorquina.de\/blog\/mallorca\/18118621_10212820582447591_5612734529510195469_n.jpg\" alt=\"\" width=\"250\" height=\"333\" \/><p class=\"wp-caption-text\">Mirjana Antic mit ihren Hockern im Stil von Champagner-Korken.<\/p><\/div>\n<p>Und auch die eine oder andere ungew\u00f6hnliche, \u201everr\u00fcckte\u201c Aktion: Da w\u00e4ren zum Beispiel Mirjanas coole Hocker in Form von riesigen Champagnerkorken, f\u00fcr die sie die Exklusivrechte auf Mallorca besitzt und mit denen sie die Santany\u00ed-Besucher ins B\u00fcro lockt. Ihre Ausstrahlung und Lebensart macht das Paar zu Sympathietr\u00e4gern, weil sie die Insel nicht nur kennen, sondern auch von Herzen lieben: \u201e<\/p>\n<blockquote><p>Es ist dieses Licht, das sowohl im S\u00fcdwesten als auch im S\u00fcdosten, ja eigentlich \u00fcberall verzaubert\u201c,<\/p><\/blockquote>\n<p>schw\u00e4rmt Mirjana, die besonders den Winter auf Mallorca sch\u00e4tzt. Und wer \u00fcbernimmt nun welches B\u00fcro? Beide, pendeln ist angesagt und zwar von Santany\u00ed aus. Kein Problem f\u00fcr das Paar. Die Vorteile beider Gegenden sind ihnen durchaus bewusst: W\u00e4hrend es im S\u00fcdosten eher ruhig, ja l\u00e4ndlich zugeht, punktet der quirlige S\u00fcdwesten mit seiner N\u00e4he zu Palma und Flughafen. Das wei\u00df auch die mittlerweile sehr internationale Kundschaft, die gr\u00f6\u00dftenteils deutschsprachig ist, soll hei\u00dfen aus Deutschland, \u00d6sterreich und der Schweiz kommt, aber auch aus England oder Frankreich. Mirjana bringt es auf den Punkt:<\/p>\n<blockquote><p>\u201eDer Kunde switcht, schaut sich hier und schaut sich da um.\u201c<\/p><\/blockquote>\n<p>Deshalb war die inselweite Pr\u00e4senz von Porta Mallorquina bei der Entscheidung, welchem Franchisesystem auf der Insel sie sich anschlie\u00dfen, ein wichtiges Kriterium. Dank des inselweiten Netzwerks haben Mirjana und ihr Team Zugriff auf \u00fcber 2.000 Immobilien, und das nur auf Mallorca.<\/p>\n<h2>Top-Lage in S\u00fcdwesten<\/h2>\n<p>Aus diesem Grund also nun das <strong>zweite B\u00fcro in Portals Nous<\/strong>, nahe am Hafen. Mit einem neuen Team von gleichfalls vier jungen, dynamischen und mehrsprachigen Mitarbeitern werden neben Portals noch Cas Catala, Illetas, Bendinat, <a href=\"https:\/\/www.porta-mallorquina.de\/immobilien\/kaufen\/costa-den-blanes\/\" target=\"_blank\" rel=\"noopener noreferrer\">Costa d\u2018en Blanes<\/a> und Palmanova abgedeckt und sogar noch das reizende und sehr gefragte Dorf Puigpunyent. Im Angebot: Villen, darunter auch Neubauten, aber auch Wohnungen. Der Mietvertrag ist unterschrieben und der Inneneinrichter auf dem Weg nach Mallorca.<\/p>\n<blockquote><p>\u201eDas Team hat seine Arbeit bereits aufgenommen, und wir freuen uns auf potenzielle K\u00e4ufer wie auf Verk\u00e4ufer\u201c,<\/p><\/blockquote>\n<p>berichtet Mirjana. Im Februar soll dann offiziell er\u00f6ffnet werden, nat\u00fcrlich nicht, ohne die echten Champagnerkorken krachen zu lassen. Wann die <strong>gro\u00dfe Er\u00f6ffnungsparty<\/strong> steigt, wird rechtzeitig angek\u00fcndet!<\/p>\n","protected":false},"excerpt":{"rendered":"<p>Die Franchise-Partner aus dem S\u00fcdosten, Mirjana Antic und Timo Weibel, er\u00f6ffnen neues Porta Mallorquina-B\u00fcro in Puerto Portals Es ist gerade mal anderthalb Jahre her, als Mirjana Antic und Timo Weibel das Porta Mallorquina-B\u00fcro in Santany\u00ed \u00fcbernommen und in Schwung gebracht haben. Mirjana blickt zurecht zufrieden auf die Startphase zur\u00fcck, hat sie doch mit ihrem Partner [&hellip;]<\/p>\n","protected":false},"author":10,"featured_media":0,"comment_status":"open","ping_status":"open","sticky":false,"template":"","format":"standard","meta":{"footnotes":""},"categories":[7,6],"tags":[],"class_list":["post-4356","post","type-post","status-publish","format-standard","hentry","category-franchise","category-porta-mallorquina"],"yoast_head":"<!-- This site is optimized with the Yoast SEO plugin v27.2 - https:\/\/yoast.com\/product\/yoast-seo-wordpress\/ -->\n<title>Dreamteam auf Expansionskurs - Porta Mallorquina Blog<\/title>\n<meta name=\"robots\" content=\"index, follow, max-snippet:-1, max-image-preview:large, max-video-preview:-1\" \/>\n<link rel=\"canonical\" href=\"https:\/\/www.porta-mallorquina.de\/blog\/dreamteam-auf-expansionskurs\/\" \/>\n<meta property=\"og:locale\" content=\"de_DE\" \/>\n<meta property=\"og:type\" content=\"article\" \/>\n<meta property=\"og:title\" content=\"Dreamteam auf Expansionskurs - Porta Mallorquina Blog\" \/>\n<meta property=\"og:description\" content=\"Die Franchise-Partner aus dem S\u00fcdosten, Mirjana Antic und Timo Weibel, er\u00f6ffnen neues Porta Mallorquina-B\u00fcro in Puerto Portals Es ist gerade mal anderthalb Jahre her, als Mirjana Antic und Timo Weibel das Porta Mallorquina-B\u00fcro in Santany\u00ed \u00fcbernommen und in Schwung gebracht haben. Mirjana blickt zurecht zufrieden auf die Startphase zur\u00fcck, hat sie doch mit ihrem Partner [&hellip;]\" \/>\n<meta property=\"og:url\" content=\"https:\/\/www.porta-mallorquina.de\/blog\/dreamteam-auf-expansionskurs\/\" \/>\n<meta property=\"og:site_name\" content=\"Porta Mallorquina Blog\" \/>\n<meta property=\"article:published_time\" content=\"2018-01-23T09:12:43+00:00\" \/>\n<meta property=\"og:image\" content=\"https:\/\/www.porta-mallorquina.de\/blog\/mallorca\/13335740_10209638045086146_7527888931325687997_n.jpg\" \/>\n<meta name=\"author\" content=\"Bettina Neumann\" \/>\n<meta name=\"twitter:card\" content=\"summary_large_image\" \/>\n<meta name=\"twitter:label1\" content=\"Verfasst von\" \/>\n\t<meta name=\"twitter:data1\" content=\"Bettina Neumann\" \/>\n\t<meta name=\"twitter:label2\" content=\"Gesch\u00e4tzte Lesezeit\" \/>\n\t<meta name=\"twitter:data2\" content=\"4\u00a0Minuten\" \/>\n<script type=\"application\/ld+json\" class=\"yoast-schema-graph\">{\"@context\":\"https:\/\/schema.org\",\"@graph\":[{\"@type\":\"Article\",\"@id\":\"https:\/\/www.porta-mallorquina.de\/blog\/dreamteam-auf-expansionskurs\/#article\",\"isPartOf\":{\"@id\":\"https:\/\/www.porta-mallorquina.de\/blog\/dreamteam-auf-expansionskurs\/\"},\"author\":{\"name\":\"Bettina Neumann\",\"@id\":\"https:\/\/www.porta-mallorquina.de\/blog\/#\/schema\/person\/f8410ea226e70429938c3f8c8e055cc2\"},\"headline\":\"Dreamteam auf Expansionskurs\",\"datePublished\":\"2018-01-23T09:12:43+00:00\",\"mainEntityOfPage\":{\"@id\":\"https:\/\/www.porta-mallorquina.de\/blog\/dreamteam-auf-expansionskurs\/\"},\"wordCount\":709,\"commentCount\":0,\"publisher\":{\"@id\":\"https:\/\/www.porta-mallorquina.de\/blog\/#organization\"},\"image\":{\"@id\":\"https:\/\/www.porta-mallorquina.de\/blog\/dreamteam-auf-expansionskurs\/#primaryimage\"},\"thumbnailUrl\":\"https:\/\/www.porta-mallorquina.de\/blog\/mallorca\/13335740_10209638045086146_7527888931325687997_n.jpg\",\"articleSection\":[\"Franchise\",\"Porta Mallorquina\"],\"inLanguage\":\"de\",\"potentialAction\":[{\"@type\":\"CommentAction\",\"name\":\"Comment\",\"target\":[\"https:\/\/www.porta-mallorquina.de\/blog\/dreamteam-auf-expansionskurs\/#respond\"]}]},{\"@type\":\"WebPage\",\"@id\":\"https:\/\/www.porta-mallorquina.de\/blog\/dreamteam-auf-expansionskurs\/\",\"url\":\"https:\/\/www.porta-mallorquina.de\/blog\/dreamteam-auf-expansionskurs\/\",\"name\":\"Dreamteam auf Expansionskurs - Porta Mallorquina Blog\",\"isPartOf\":{\"@id\":\"https:\/\/www.porta-mallorquina.de\/blog\/#website\"},\"primaryImageOfPage\":{\"@id\":\"https:\/\/www.porta-mallorquina.de\/blog\/dreamteam-auf-expansionskurs\/#primaryimage\"},\"image\":{\"@id\":\"https:\/\/www.porta-mallorquina.de\/blog\/dreamteam-auf-expansionskurs\/#primaryimage\"},\"thumbnailUrl\":\"https:\/\/www.porta-mallorquina.de\/blog\/mallorca\/13335740_10209638045086146_7527888931325687997_n.jpg\",\"datePublished\":\"2018-01-23T09:12:43+00:00\",\"breadcrumb\":{\"@id\":\"https:\/\/www.porta-mallorquina.de\/blog\/dreamteam-auf-expansionskurs\/#breadcrumb\"},\"inLanguage\":\"de\",\"potentialAction\":[{\"@type\":\"ReadAction\",\"target\":[\"https:\/\/www.porta-mallorquina.de\/blog\/dreamteam-auf-expansionskurs\/\"]}]},{\"@type\":\"ImageObject\",\"inLanguage\":\"de\",\"@id\":\"https:\/\/www.porta-mallorquina.de\/blog\/dreamteam-auf-expansionskurs\/#primaryimage\",\"url\":\"https:\/\/www.porta-mallorquina.de\/blog\/mallorca\/13335740_10209638045086146_7527888931325687997_n.jpg\",\"contentUrl\":\"https:\/\/www.porta-mallorquina.de\/blog\/mallorca\/13335740_10209638045086146_7527888931325687997_n.jpg\",\"width\":638,\"height\":425,\"caption\":\"Mirjana Antic und Timo Weibel sind seit Mitte 2016 Franchisepartner von Porta Mallorquina Real Estate.\"},{\"@type\":\"BreadcrumbList\",\"@id\":\"https:\/\/www.porta-mallorquina.de\/blog\/dreamteam-auf-expansionskurs\/#breadcrumb\",\"itemListElement\":[{\"@type\":\"ListItem\",\"position\":1,\"name\":\"Startseite\",\"item\":\"https:\/\/www.porta-mallorquina.de\/blog\/\"},{\"@type\":\"ListItem\",\"position\":2,\"name\":\"Dreamteam auf Expansionskurs\"}]},{\"@type\":\"WebSite\",\"@id\":\"https:\/\/www.porta-mallorquina.de\/blog\/#website\",\"url\":\"https:\/\/www.porta-mallorquina.de\/blog\/\",\"name\":\"Porta Mallorquina Blog\",\"description\":\"Mehr als Mallorca Immobilien\",\"publisher\":{\"@id\":\"https:\/\/www.porta-mallorquina.de\/blog\/#organization\"},\"potentialAction\":[{\"@type\":\"SearchAction\",\"target\":{\"@type\":\"EntryPoint\",\"urlTemplate\":\"https:\/\/www.porta-mallorquina.de\/blog\/?s={search_term_string}\"},\"query-input\":{\"@type\":\"PropertyValueSpecification\",\"valueRequired\":true,\"valueName\":\"search_term_string\"}}],\"inLanguage\":\"de\"},{\"@type\":\"Organization\",\"@id\":\"https:\/\/www.porta-mallorquina.de\/blog\/#organization\",\"name\":\"Porta Mallorquina Blog\",\"url\":\"https:\/\/www.porta-mallorquina.de\/blog\/\",\"logo\":{\"@type\":\"ImageObject\",\"inLanguage\":\"de\",\"@id\":\"https:\/\/www.porta-mallorquina.de\/blog\/#\/schema\/logo\/image\/\",\"url\":\"https:\/\/www.porta-mallorquina.de\/blog\/mallorca\/porta-mallorquina-real-estate-mallorca-logo.png\",\"contentUrl\":\"https:\/\/www.porta-mallorquina.de\/blog\/mallorca\/porta-mallorquina-real-estate-mallorca-logo.png\",\"width\":570,\"height\":400,\"caption\":\"Porta Mallorquina Blog\"},\"image\":{\"@id\":\"https:\/\/www.porta-mallorquina.de\/blog\/#\/schema\/logo\/image\/\"}},{\"@type\":\"Person\",\"@id\":\"https:\/\/www.porta-mallorquina.de\/blog\/#\/schema\/person\/f8410ea226e70429938c3f8c8e055cc2\",\"name\":\"Bettina Neumann\",\"url\":\"https:\/\/www.porta-mallorquina.de\/blog\/author\/bettina-neumann\/\"}]}<\/script>\n<!-- \/ Yoast SEO plugin. -->","yoast_head_json":{"title":"Dreamteam auf Expansionskurs - Porta Mallorquina Blog","robots":{"index":"index","follow":"follow","max-snippet":"max-snippet:-1","max-image-preview":"max-image-preview:large","max-video-preview":"max-video-preview:-1"},"canonical":"https:\/\/www.porta-mallorquina.de\/blog\/dreamteam-auf-expansionskurs\/","og_locale":"de_DE","og_type":"article","og_title":"Dreamteam auf Expansionskurs - Porta Mallorquina Blog","og_description":"Die Franchise-Partner aus dem S\u00fcdosten, Mirjana Antic und Timo Weibel, er\u00f6ffnen neues Porta Mallorquina-B\u00fcro in Puerto Portals Es ist gerade mal anderthalb Jahre her, als Mirjana Antic und Timo Weibel das Porta Mallorquina-B\u00fcro in Santany\u00ed \u00fcbernommen und in Schwung gebracht haben. Mirjana blickt zurecht zufrieden auf die Startphase zur\u00fcck, hat sie doch mit ihrem Partner [&hellip;]","og_url":"https:\/\/www.porta-mallorquina.de\/blog\/dreamteam-auf-expansionskurs\/","og_site_name":"Porta Mallorquina Blog","article_published_time":"2018-01-23T09:12:43+00:00","og_image":[{"url":"https:\/\/www.porta-mallorquina.de\/blog\/mallorca\/13335740_10209638045086146_7527888931325687997_n.jpg","type":"","width":"","height":""}],"author":"Bettina Neumann","twitter_card":"summary_large_image","twitter_misc":{"Verfasst von":"Bettina Neumann","Gesch\u00e4tzte Lesezeit":"4\u00a0Minuten"},"schema":{"@context":"https:\/\/schema.org","@graph":[{"@type":"Article","@id":"https:\/\/www.porta-mallorquina.de\/blog\/dreamteam-auf-expansionskurs\/#article","isPartOf":{"@id":"https:\/\/www.porta-mallorquina.de\/blog\/dreamteam-auf-expansionskurs\/"},"author":{"name":"Bettina Neumann","@id":"https:\/\/www.porta-mallorquina.de\/blog\/#\/schema\/person\/f8410ea226e70429938c3f8c8e055cc2"},"headline":"Dreamteam auf Expansionskurs","datePublished":"2018-01-23T09:12:43+00:00","mainEntityOfPage":{"@id":"https:\/\/www.porta-mallorquina.de\/blog\/dreamteam-auf-expansionskurs\/"},"wordCount":709,"commentCount":0,"publisher":{"@id":"https:\/\/www.porta-mallorquina.de\/blog\/#organization"},"image":{"@id":"https:\/\/www.porta-mallorquina.de\/blog\/dreamteam-auf-expansionskurs\/#primaryimage"},"thumbnailUrl":"https:\/\/www.porta-mallorquina.de\/blog\/mallorca\/13335740_10209638045086146_7527888931325687997_n.jpg","articleSection":["Franchise","Porta Mallorquina"],"inLanguage":"de","potentialAction":[{"@type":"CommentAction","name":"Comment","target":["https:\/\/www.porta-mallorquina.de\/blog\/dreamteam-auf-expansionskurs\/#respond"]}]},{"@type":"WebPage","@id":"https:\/\/www.porta-mallorquina.de\/blog\/dreamteam-auf-expansionskurs\/","url":"https:\/\/www.porta-mallorquina.de\/blog\/dreamteam-auf-expansionskurs\/","name":"Dreamteam auf Expansionskurs - Porta Mallorquina Blog","isPartOf":{"@id":"https:\/\/www.porta-mallorquina.de\/blog\/#website"},"primaryImageOfPage":{"@id":"https:\/\/www.porta-mallorquina.de\/blog\/dreamteam-auf-expansionskurs\/#primaryimage"},"image":{"@id":"https:\/\/www.porta-mallorquina.de\/blog\/dreamteam-auf-expansionskurs\/#primaryimage"},"thumbnailUrl":"https:\/\/www.porta-mallorquina.de\/blog\/mallorca\/13335740_10209638045086146_7527888931325687997_n.jpg","datePublished":"2018-01-23T09:12:43+00:00","breadcrumb":{"@id":"https:\/\/www.porta-mallorquina.de\/blog\/dreamteam-auf-expansionskurs\/#breadcrumb"},"inLanguage":"de","potentialAction":[{"@type":"ReadAction","target":["https:\/\/www.porta-mallorquina.de\/blog\/dreamteam-auf-expansionskurs\/"]}]},{"@type":"ImageObject","inLanguage":"de","@id":"https:\/\/www.porta-mallorquina.de\/blog\/dreamteam-auf-expansionskurs\/#primaryimage","url":"https:\/\/www.porta-mallorquina.de\/blog\/mallorca\/13335740_10209638045086146_7527888931325687997_n.jpg","contentUrl":"https:\/\/www.porta-mallorquina.de\/blog\/mallorca\/13335740_10209638045086146_7527888931325687997_n.jpg","width":638,"height":425,"caption":"Mirjana Antic und Timo Weibel sind seit Mitte 2016 Franchisepartner von Porta Mallorquina Real Estate."},{"@type":"BreadcrumbList","@id":"https:\/\/www.porta-mallorquina.de\/blog\/dreamteam-auf-expansionskurs\/#breadcrumb","itemListElement":[{"@type":"ListItem","position":1,"name":"Startseite","item":"https:\/\/www.porta-mallorquina.de\/blog\/"},{"@type":"ListItem","position":2,"name":"Dreamteam auf Expansionskurs"}]},{"@type":"WebSite","@id":"https:\/\/www.porta-mallorquina.de\/blog\/#website","url":"https:\/\/www.porta-mallorquina.de\/blog\/","name":"Porta Mallorquina Blog","description":"Mehr als Mallorca Immobilien","publisher":{"@id":"https:\/\/www.porta-mallorquina.de\/blog\/#organization"},"potentialAction":[{"@type":"SearchAction","target":{"@type":"EntryPoint","urlTemplate":"https:\/\/www.porta-mallorquina.de\/blog\/?s={search_term_string}"},"query-input":{"@type":"PropertyValueSpecification","valueRequired":true,"valueName":"search_term_string"}}],"inLanguage":"de"},{"@type":"Organization","@id":"https:\/\/www.porta-mallorquina.de\/blog\/#organization","name":"Porta Mallorquina Blog","url":"https:\/\/www.porta-mallorquina.de\/blog\/","logo":{"@type":"ImageObject","inLanguage":"de","@id":"https:\/\/www.porta-mallorquina.de\/blog\/#\/schema\/logo\/image\/","url":"https:\/\/www.porta-mallorquina.de\/blog\/mallorca\/porta-mallorquina-real-estate-mallorca-logo.png","contentUrl":"https:\/\/www.porta-mallorquina.de\/blog\/mallorca\/porta-mallorquina-real-estate-mallorca-logo.png","width":570,"height":400,"caption":"Porta Mallorquina Blog"},"image":{"@id":"https:\/\/www.porta-mallorquina.de\/blog\/#\/schema\/logo\/image\/"}},{"@type":"Person","@id":"https:\/\/www.porta-mallorquina.de\/blog\/#\/schema\/person\/f8410ea226e70429938c3f8c8e055cc2","name":"Bettina Neumann","url":"https:\/\/www.porta-mallorquina.de\/blog\/author\/bettina-neumann\/"}]}},"_links":{"self":[{"href":"https:\/\/www.porta-mallorquina.de\/blog\/wp-json\/wp\/v2\/posts\/4356","targetHints":{"allow":["GET"]}}],"collection":[{"href":"https:\/\/www.porta-mallorquina.de\/blog\/wp-json\/wp\/v2\/posts"}],"about":[{"href":"https:\/\/www.porta-mallorquina.de\/blog\/wp-json\/wp\/v2\/types\/post"}],"author":[{"embeddable":true,"href":"https:\/\/www.porta-mallorquina.de\/blog\/wp-json\/wp\/v2\/users\/10"}],"replies":[{"embeddable":true,"href":"https:\/\/www.porta-mallorquina.de\/blog\/wp-json\/wp\/v2\/comments?post=4356"}],"version-history":[{"count":6,"href":"https:\/\/www.porta-mallorquina.de\/blog\/wp-json\/wp\/v2\/posts\/4356\/revisions"}],"predecessor-version":[{"id":4365,"href":"https:\/\/www.porta-mallorquina.de\/blog\/wp-json\/wp\/v2\/posts\/4356\/revisions\/4365"}],"wp:attachment":[{"href":"https:\/\/www.porta-mallorquina.de\/blog\/wp-json\/wp\/v2\/media?parent=4356"}],"wp:term":[{"taxonomy":"category","embeddable":true,"href":"https:\/\/www.porta-mallorquina.de\/blog\/wp-json\/wp\/v2\/categories?post=4356"},{"taxonomy":"post_tag","embeddable":true,"href":"https:\/\/www.porta-mallorquina.de\/blog\/wp-json\/wp\/v2\/tags?post=4356"}],"curies":[{"name":"wp","href":"https:\/\/api.w.org\/{rel}","templated":true}]}}