{"id":459,"date":"2011-06-10T14:43:27","date_gmt":"2011-06-10T12:43:27","guid":{"rendered":"http:\/\/www.porta-mallorquina.de\/blog\/?p=459"},"modified":"2015-10-23T11:36:53","modified_gmt":"2015-10-23T09:36:53","slug":"sportlich-auf-dem-paseo-maritimo-in-palma","status":"publish","type":"post","link":"https:\/\/www.porta-mallorquina.de\/blog\/sportlich-auf-dem-paseo-maritimo-in-palma\/","title":{"rendered":"Sportlich auf dem Paseo Maritimo in Palma"},"content":{"rendered":"<p>Wenn man <a title=\"Palma de Mallorca\" href=\"https:\/\/www.porta-mallorquina.de\/blog\/immobilien-in-palma-de-mallorca-immer-beliebter\/\">Palma de Mallorca<\/a> h\u00f6rt, denn denkt man  vielleicht an die Kathedrale, die Altstadt oder die Bars in der La Lontja. Heute  deshalb mal was Anderes!<\/p>\n<h2>Paseo Maritimo<\/h2>\n<p>In dieser sch\u00f6nen Stadt kann man sich  n\u00e4mlich auch anders vergn\u00fcgen, sportlich unterwegs sein, so zu sagen und mal was  f\u00fcr seinen K\u00f6rper tun. <strong>Palmas Paseo Maritimo ist daf\u00fcr bestens geeignet<\/strong>, erstreckt er sich doch vom  Kreuzfahrthafen Porto Pi bis nach <a title=\"Immobilien in Portixol\" href=\"https:\/\/www.porta-mallorquina.de\/immobilien\/kaufen\/portixol\/\">Portixol<\/a> und weiter bis nach Arenal. Auf  insgesamt mehr als 20 km kann jeder seine sportlichen Fantasien befriedigen.  Vorbei an riesigen Kreuzfahrtschiffen, protzigen Jachten und eleganten  Segelschiffen sowie kleinen Badebuchten und sch\u00f6nen Str\u00e4nden kommt  blicktechnisch sicher keine Lange Weile auf.<\/p>\n<div id=\"attachment_461\" class=\"wp-caption alignleft\" style=\"width: 300px\"><img loading=\"lazy\" decoding=\"async\" class=\"size-full wp-image-461 \" title=\"Paseo Maritimo in Palma de Mallorca\" src=\"https:\/\/www.porta-mallorquina.de\/blog\/mallorca\/paseo-maritimo-palma-de-mallorca.jpg\" alt=\"Paseo Maritimo in Palma de Mallorca\" width=\"300\" height=\"222\" \/><p class=\"wp-caption-text\">Sportlich auf dem Paseo Maritimo in Palma de Mallorca<\/p><\/div>\n<p>Zum Inliner skaten eignet sich am besten  der Abschnitt zwischen dem neuen Kongresspalast in Portixol und dem  Klippenrestaurant El Penon in Ciudad Jardin. Der Belag ist auf diesem Teil  besonders sch\u00f6n glatt. Ein bisschen rauer wird\u2019s von Portixol bis zur Kathedrale  und wer danach noch Kraft hat kann bis ans Ende des Fahrradweges bis fast Porto  Pi fahren, hier allerdings ist die Strecke etwas  anspruchsvoller.<\/p>\n<p>Mit dem Fahrrad l\u00e4sst sich die ganze  Bucht von Palma bequem erkunden, von Porto Pi bis nach Arenal ist man bei  z\u00fcgiger Fahrweise ca. 1 Stunde unterwegs (ca 20 km) Die Stecke ist flach und  einfach traumhaft sch\u00f6n. Unterwegs gibt\u2019s nat\u00fcrlich auch viele M\u00f6glichkeiten zum  Einkehren. F\u00fcr Kaffe und Kuchen macht man am besten irgendwo in Arenal hat. Wer  auf \u00a0Tapas steht, dem empfehle ich  das Eckrestaurant \u201eCala Canta\u201c am \u00f6stlichen Ende vom Ciudad Jardin Stand. Hier  kann man leckere Tapas essen mit flotter Bedienung, Meerblick und  Strandatmosph\u00e4re. Die Portionen sind gro\u00df besonders lecker sind Chipirones  (frittierte Minitintenfische), Sardinen und Pimientos al Patron (gr\u00fcne  Minipaprikas).<\/p>\n<p>Mein Tipp zum Schluss, Badesachen  mitnehmen und auf einen Sprung ins k\u00fchle Meer, wo Sie es am sch\u00f6nsten finden!  Also dann viel Spa\u00df am Paseo Maritimo! \u00dcbrigens,  Fahrr\u00e4der gibt es in Palma an einigen Stellen am Paseo Maritimo sowie in Can  Pastilla oder der Playa de Palma zu mieten.<\/p>\n<div id=\"attachment_460\" class=\"wp-caption alignleft\" style=\"width: 600px\"><img loading=\"lazy\" decoding=\"async\" class=\"size-full wp-image-460\" title=\"Strand von Portixol auf Mallorca\" src=\"https:\/\/www.porta-mallorquina.de\/blog\/mallorca\/strand-portixol-mallorca.jpg\" alt=\"Strand von Portixol auf Mallorca\" width=\"600\" height=\"402\" \/><p class=\"wp-caption-text\">Strand von Portixol in Palma de Mallorca<\/p><\/div>\n","protected":false},"excerpt":{"rendered":"<p>Wenn man Palma de Mallorca h\u00f6rt, denn denkt man vielleicht an die Kathedrale oder die Altstadt. Heute deshalb mal was Anderes &#8211; der Paseo Maritimo! In dieser sch\u00f6nen Stadt kann man sich n\u00e4mlich auch anders vergn\u00fcgen, sportlich unterwegs sein, so zu sagen und mal was f\u00fcr seinen K\u00f6rper tun.<\/p>\n","protected":false},"author":9,"featured_media":0,"comment_status":"open","ping_status":"open","sticky":false,"template":"","format":"standard","meta":{"footnotes":""},"categories":[3],"tags":[],"class_list":["post-459","post","type-post","status-publish","format-standard","hentry","category-mallorca"],"yoast_head":"<!-- This site is optimized with the Yoast SEO plugin v27.2 - https:\/\/yoast.com\/product\/yoast-seo-wordpress\/ -->\n<title>Sportlich auf dem Paseo Maritimo in Palma de Mallorca<\/title>\n<meta name=\"description\" content=\"Wenn man Palma de Mallorca h\u00f6rt, denn denkt man vielleicht an die Kathedrale oder die Altstadt. Heute deshalb mal was Anderes - der Paseo Maritimo!\" \/>\n<meta name=\"robots\" content=\"index, follow, max-snippet:-1, max-image-preview:large, max-video-preview:-1\" \/>\n<link rel=\"canonical\" href=\"https:\/\/www.porta-mallorquina.de\/blog\/sportlich-auf-dem-paseo-maritimo-in-palma\/\" \/>\n<meta property=\"og:locale\" content=\"de_DE\" \/>\n<meta property=\"og:type\" content=\"article\" \/>\n<meta property=\"og:title\" content=\"Sportlich auf dem Paseo Maritimo in Palma de Mallorca\" \/>\n<meta property=\"og:description\" content=\"Wenn man Palma de Mallorca h\u00f6rt, denn denkt man vielleicht an die Kathedrale oder die Altstadt. Heute deshalb mal was Anderes - der Paseo Maritimo!\" \/>\n<meta property=\"og:url\" content=\"https:\/\/www.porta-mallorquina.de\/blog\/sportlich-auf-dem-paseo-maritimo-in-palma\/\" \/>\n<meta property=\"og:site_name\" content=\"Porta Mallorquina Blog\" \/>\n<meta property=\"article:published_time\" content=\"2011-06-10T12:43:27+00:00\" \/>\n<meta property=\"article:modified_time\" content=\"2015-10-23T09:36:53+00:00\" \/>\n<meta property=\"og:image\" content=\"https:\/\/www.porta-mallorquina.de\/blog\/mallorca\/paseo-maritimo-palma-de-mallorca.jpg\" \/>\n<meta name=\"author\" content=\"Porta Mallorquina\" \/>\n<meta name=\"twitter:card\" content=\"summary_large_image\" \/>\n<meta name=\"twitter:label1\" content=\"Verfasst von\" \/>\n\t<meta name=\"twitter:data1\" content=\"Porta Mallorquina\" \/>\n\t<meta name=\"twitter:label2\" content=\"Gesch\u00e4tzte Lesezeit\" \/>\n\t<meta name=\"twitter:data2\" content=\"2\u00a0Minuten\" \/>\n<script type=\"application\/ld+json\" class=\"yoast-schema-graph\">{\"@context\":\"https:\/\/schema.org\",\"@graph\":[{\"@type\":\"Article\",\"@id\":\"https:\/\/www.porta-mallorquina.de\/blog\/sportlich-auf-dem-paseo-maritimo-in-palma\/#article\",\"isPartOf\":{\"@id\":\"https:\/\/www.porta-mallorquina.de\/blog\/sportlich-auf-dem-paseo-maritimo-in-palma\/\"},\"author\":{\"name\":\"Porta Mallorquina\",\"@id\":\"https:\/\/www.porta-mallorquina.de\/blog\/#\/schema\/person\/762f5edd41dcc87e16e9391fd25d519d\"},\"headline\":\"Sportlich auf dem Paseo Maritimo in Palma\",\"datePublished\":\"2011-06-10T12:43:27+00:00\",\"dateModified\":\"2015-10-23T09:36:53+00:00\",\"mainEntityOfPage\":{\"@id\":\"https:\/\/www.porta-mallorquina.de\/blog\/sportlich-auf-dem-paseo-maritimo-in-palma\/\"},\"wordCount\":388,\"commentCount\":1,\"publisher\":{\"@id\":\"https:\/\/www.porta-mallorquina.de\/blog\/#organization\"},\"image\":{\"@id\":\"https:\/\/www.porta-mallorquina.de\/blog\/sportlich-auf-dem-paseo-maritimo-in-palma\/#primaryimage\"},\"thumbnailUrl\":\"https:\/\/www.porta-mallorquina.de\/blog\/mallorca\/paseo-maritimo-palma-de-mallorca.jpg\",\"articleSection\":[\"Mallorca\"],\"inLanguage\":\"de\",\"potentialAction\":[{\"@type\":\"CommentAction\",\"name\":\"Comment\",\"target\":[\"https:\/\/www.porta-mallorquina.de\/blog\/sportlich-auf-dem-paseo-maritimo-in-palma\/#respond\"]}]},{\"@type\":\"WebPage\",\"@id\":\"https:\/\/www.porta-mallorquina.de\/blog\/sportlich-auf-dem-paseo-maritimo-in-palma\/\",\"url\":\"https:\/\/www.porta-mallorquina.de\/blog\/sportlich-auf-dem-paseo-maritimo-in-palma\/\",\"name\":\"Sportlich auf dem Paseo Maritimo in Palma de Mallorca\",\"isPartOf\":{\"@id\":\"https:\/\/www.porta-mallorquina.de\/blog\/#website\"},\"primaryImageOfPage\":{\"@id\":\"https:\/\/www.porta-mallorquina.de\/blog\/sportlich-auf-dem-paseo-maritimo-in-palma\/#primaryimage\"},\"image\":{\"@id\":\"https:\/\/www.porta-mallorquina.de\/blog\/sportlich-auf-dem-paseo-maritimo-in-palma\/#primaryimage\"},\"thumbnailUrl\":\"https:\/\/www.porta-mallorquina.de\/blog\/mallorca\/paseo-maritimo-palma-de-mallorca.jpg\",\"datePublished\":\"2011-06-10T12:43:27+00:00\",\"dateModified\":\"2015-10-23T09:36:53+00:00\",\"description\":\"Wenn man Palma de Mallorca h\u00f6rt, denn denkt man vielleicht an die Kathedrale oder die Altstadt. Heute deshalb mal was Anderes - der Paseo Maritimo!\",\"breadcrumb\":{\"@id\":\"https:\/\/www.porta-mallorquina.de\/blog\/sportlich-auf-dem-paseo-maritimo-in-palma\/#breadcrumb\"},\"inLanguage\":\"de\",\"potentialAction\":[{\"@type\":\"ReadAction\",\"target\":[\"https:\/\/www.porta-mallorquina.de\/blog\/sportlich-auf-dem-paseo-maritimo-in-palma\/\"]}]},{\"@type\":\"ImageObject\",\"inLanguage\":\"de\",\"@id\":\"https:\/\/www.porta-mallorquina.de\/blog\/sportlich-auf-dem-paseo-maritimo-in-palma\/#primaryimage\",\"url\":\"https:\/\/www.porta-mallorquina.de\/blog\/mallorca\/paseo-maritimo-palma-de-mallorca.jpg\",\"contentUrl\":\"https:\/\/www.porta-mallorquina.de\/blog\/mallorca\/paseo-maritimo-palma-de-mallorca.jpg\",\"width\":\"600\",\"height\":\"444\",\"caption\":\"Sportlich auf dem Paseo Maritimo in Palma de Mallorca\"},{\"@type\":\"BreadcrumbList\",\"@id\":\"https:\/\/www.porta-mallorquina.de\/blog\/sportlich-auf-dem-paseo-maritimo-in-palma\/#breadcrumb\",\"itemListElement\":[{\"@type\":\"ListItem\",\"position\":1,\"name\":\"Startseite\",\"item\":\"https:\/\/www.porta-mallorquina.de\/blog\/\"},{\"@type\":\"ListItem\",\"position\":2,\"name\":\"Sportlich auf dem Paseo Maritimo in Palma\"}]},{\"@type\":\"WebSite\",\"@id\":\"https:\/\/www.porta-mallorquina.de\/blog\/#website\",\"url\":\"https:\/\/www.porta-mallorquina.de\/blog\/\",\"name\":\"Porta Mallorquina Blog\",\"description\":\"Mehr als Mallorca Immobilien\",\"publisher\":{\"@id\":\"https:\/\/www.porta-mallorquina.de\/blog\/#organization\"},\"potentialAction\":[{\"@type\":\"SearchAction\",\"target\":{\"@type\":\"EntryPoint\",\"urlTemplate\":\"https:\/\/www.porta-mallorquina.de\/blog\/?s={search_term_string}\"},\"query-input\":{\"@type\":\"PropertyValueSpecification\",\"valueRequired\":true,\"valueName\":\"search_term_string\"}}],\"inLanguage\":\"de\"},{\"@type\":\"Organization\",\"@id\":\"https:\/\/www.porta-mallorquina.de\/blog\/#organization\",\"name\":\"Porta Mallorquina Blog\",\"url\":\"https:\/\/www.porta-mallorquina.de\/blog\/\",\"logo\":{\"@type\":\"ImageObject\",\"inLanguage\":\"de\",\"@id\":\"https:\/\/www.porta-mallorquina.de\/blog\/#\/schema\/logo\/image\/\",\"url\":\"https:\/\/www.porta-mallorquina.de\/blog\/mallorca\/porta-mallorquina-real-estate-mallorca-logo.png\",\"contentUrl\":\"https:\/\/www.porta-mallorquina.de\/blog\/mallorca\/porta-mallorquina-real-estate-mallorca-logo.png\",\"width\":570,\"height\":400,\"caption\":\"Porta Mallorquina Blog\"},\"image\":{\"@id\":\"https:\/\/www.porta-mallorquina.de\/blog\/#\/schema\/logo\/image\/\"}},{\"@type\":\"Person\",\"@id\":\"https:\/\/www.porta-mallorquina.de\/blog\/#\/schema\/person\/762f5edd41dcc87e16e9391fd25d519d\",\"name\":\"Porta Mallorquina\",\"url\":\"https:\/\/www.porta-mallorquina.de\/blog\/author\/lnmt53naz\/\"}]}<\/script>\n<!-- \/ Yoast SEO plugin. -->","yoast_head_json":{"title":"Sportlich auf dem Paseo Maritimo in Palma de Mallorca","description":"Wenn man Palma de Mallorca h\u00f6rt, denn denkt man vielleicht an die Kathedrale oder die Altstadt. Heute deshalb mal was Anderes - der Paseo Maritimo!","robots":{"index":"index","follow":"follow","max-snippet":"max-snippet:-1","max-image-preview":"max-image-preview:large","max-video-preview":"max-video-preview:-1"},"canonical":"https:\/\/www.porta-mallorquina.de\/blog\/sportlich-auf-dem-paseo-maritimo-in-palma\/","og_locale":"de_DE","og_type":"article","og_title":"Sportlich auf dem Paseo Maritimo in Palma de Mallorca","og_description":"Wenn man Palma de Mallorca h\u00f6rt, denn denkt man vielleicht an die Kathedrale oder die Altstadt. Heute deshalb mal was Anderes - der Paseo Maritimo!","og_url":"https:\/\/www.porta-mallorquina.de\/blog\/sportlich-auf-dem-paseo-maritimo-in-palma\/","og_site_name":"Porta Mallorquina Blog","article_published_time":"2011-06-10T12:43:27+00:00","article_modified_time":"2015-10-23T09:36:53+00:00","og_image":[{"url":"https:\/\/www.porta-mallorquina.de\/blog\/mallorca\/paseo-maritimo-palma-de-mallorca.jpg","type":"","width":"","height":""}],"author":"Porta Mallorquina","twitter_card":"summary_large_image","twitter_misc":{"Verfasst von":"Porta Mallorquina","Gesch\u00e4tzte Lesezeit":"2\u00a0Minuten"},"schema":{"@context":"https:\/\/schema.org","@graph":[{"@type":"Article","@id":"https:\/\/www.porta-mallorquina.de\/blog\/sportlich-auf-dem-paseo-maritimo-in-palma\/#article","isPartOf":{"@id":"https:\/\/www.porta-mallorquina.de\/blog\/sportlich-auf-dem-paseo-maritimo-in-palma\/"},"author":{"name":"Porta Mallorquina","@id":"https:\/\/www.porta-mallorquina.de\/blog\/#\/schema\/person\/762f5edd41dcc87e16e9391fd25d519d"},"headline":"Sportlich auf dem Paseo Maritimo in Palma","datePublished":"2011-06-10T12:43:27+00:00","dateModified":"2015-10-23T09:36:53+00:00","mainEntityOfPage":{"@id":"https:\/\/www.porta-mallorquina.de\/blog\/sportlich-auf-dem-paseo-maritimo-in-palma\/"},"wordCount":388,"commentCount":1,"publisher":{"@id":"https:\/\/www.porta-mallorquina.de\/blog\/#organization"},"image":{"@id":"https:\/\/www.porta-mallorquina.de\/blog\/sportlich-auf-dem-paseo-maritimo-in-palma\/#primaryimage"},"thumbnailUrl":"https:\/\/www.porta-mallorquina.de\/blog\/mallorca\/paseo-maritimo-palma-de-mallorca.jpg","articleSection":["Mallorca"],"inLanguage":"de","potentialAction":[{"@type":"CommentAction","name":"Comment","target":["https:\/\/www.porta-mallorquina.de\/blog\/sportlich-auf-dem-paseo-maritimo-in-palma\/#respond"]}]},{"@type":"WebPage","@id":"https:\/\/www.porta-mallorquina.de\/blog\/sportlich-auf-dem-paseo-maritimo-in-palma\/","url":"https:\/\/www.porta-mallorquina.de\/blog\/sportlich-auf-dem-paseo-maritimo-in-palma\/","name":"Sportlich auf dem Paseo Maritimo in Palma de Mallorca","isPartOf":{"@id":"https:\/\/www.porta-mallorquina.de\/blog\/#website"},"primaryImageOfPage":{"@id":"https:\/\/www.porta-mallorquina.de\/blog\/sportlich-auf-dem-paseo-maritimo-in-palma\/#primaryimage"},"image":{"@id":"https:\/\/www.porta-mallorquina.de\/blog\/sportlich-auf-dem-paseo-maritimo-in-palma\/#primaryimage"},"thumbnailUrl":"https:\/\/www.porta-mallorquina.de\/blog\/mallorca\/paseo-maritimo-palma-de-mallorca.jpg","datePublished":"2011-06-10T12:43:27+00:00","dateModified":"2015-10-23T09:36:53+00:00","description":"Wenn man Palma de Mallorca h\u00f6rt, denn denkt man vielleicht an die Kathedrale oder die Altstadt. Heute deshalb mal was Anderes - der Paseo Maritimo!","breadcrumb":{"@id":"https:\/\/www.porta-mallorquina.de\/blog\/sportlich-auf-dem-paseo-maritimo-in-palma\/#breadcrumb"},"inLanguage":"de","potentialAction":[{"@type":"ReadAction","target":["https:\/\/www.porta-mallorquina.de\/blog\/sportlich-auf-dem-paseo-maritimo-in-palma\/"]}]},{"@type":"ImageObject","inLanguage":"de","@id":"https:\/\/www.porta-mallorquina.de\/blog\/sportlich-auf-dem-paseo-maritimo-in-palma\/#primaryimage","url":"https:\/\/www.porta-mallorquina.de\/blog\/mallorca\/paseo-maritimo-palma-de-mallorca.jpg","contentUrl":"https:\/\/www.porta-mallorquina.de\/blog\/mallorca\/paseo-maritimo-palma-de-mallorca.jpg","width":"600","height":"444","caption":"Sportlich auf dem Paseo Maritimo in Palma de Mallorca"},{"@type":"BreadcrumbList","@id":"https:\/\/www.porta-mallorquina.de\/blog\/sportlich-auf-dem-paseo-maritimo-in-palma\/#breadcrumb","itemListElement":[{"@type":"ListItem","position":1,"name":"Startseite","item":"https:\/\/www.porta-mallorquina.de\/blog\/"},{"@type":"ListItem","position":2,"name":"Sportlich auf dem Paseo Maritimo in Palma"}]},{"@type":"WebSite","@id":"https:\/\/www.porta-mallorquina.de\/blog\/#website","url":"https:\/\/www.porta-mallorquina.de\/blog\/","name":"Porta Mallorquina Blog","description":"Mehr als Mallorca Immobilien","publisher":{"@id":"https:\/\/www.porta-mallorquina.de\/blog\/#organization"},"potentialAction":[{"@type":"SearchAction","target":{"@type":"EntryPoint","urlTemplate":"https:\/\/www.porta-mallorquina.de\/blog\/?s={search_term_string}"},"query-input":{"@type":"PropertyValueSpecification","valueRequired":true,"valueName":"search_term_string"}}],"inLanguage":"de"},{"@type":"Organization","@id":"https:\/\/www.porta-mallorquina.de\/blog\/#organization","name":"Porta Mallorquina Blog","url":"https:\/\/www.porta-mallorquina.de\/blog\/","logo":{"@type":"ImageObject","inLanguage":"de","@id":"https:\/\/www.porta-mallorquina.de\/blog\/#\/schema\/logo\/image\/","url":"https:\/\/www.porta-mallorquina.de\/blog\/mallorca\/porta-mallorquina-real-estate-mallorca-logo.png","contentUrl":"https:\/\/www.porta-mallorquina.de\/blog\/mallorca\/porta-mallorquina-real-estate-mallorca-logo.png","width":570,"height":400,"caption":"Porta Mallorquina Blog"},"image":{"@id":"https:\/\/www.porta-mallorquina.de\/blog\/#\/schema\/logo\/image\/"}},{"@type":"Person","@id":"https:\/\/www.porta-mallorquina.de\/blog\/#\/schema\/person\/762f5edd41dcc87e16e9391fd25d519d","name":"Porta Mallorquina","url":"https:\/\/www.porta-mallorquina.de\/blog\/author\/lnmt53naz\/"}]}},"_links":{"self":[{"href":"https:\/\/www.porta-mallorquina.de\/blog\/wp-json\/wp\/v2\/posts\/459","targetHints":{"allow":["GET"]}}],"collection":[{"href":"https:\/\/www.porta-mallorquina.de\/blog\/wp-json\/wp\/v2\/posts"}],"about":[{"href":"https:\/\/www.porta-mallorquina.de\/blog\/wp-json\/wp\/v2\/types\/post"}],"author":[{"embeddable":true,"href":"https:\/\/www.porta-mallorquina.de\/blog\/wp-json\/wp\/v2\/users\/9"}],"replies":[{"embeddable":true,"href":"https:\/\/www.porta-mallorquina.de\/blog\/wp-json\/wp\/v2\/comments?post=459"}],"version-history":[{"count":7,"href":"https:\/\/www.porta-mallorquina.de\/blog\/wp-json\/wp\/v2\/posts\/459\/revisions"}],"predecessor-version":[{"id":464,"href":"https:\/\/www.porta-mallorquina.de\/blog\/wp-json\/wp\/v2\/posts\/459\/revisions\/464"}],"wp:attachment":[{"href":"https:\/\/www.porta-mallorquina.de\/blog\/wp-json\/wp\/v2\/media?parent=459"}],"wp:term":[{"taxonomy":"category","embeddable":true,"href":"https:\/\/www.porta-mallorquina.de\/blog\/wp-json\/wp\/v2\/categories?post=459"},{"taxonomy":"post_tag","embeddable":true,"href":"https:\/\/www.porta-mallorquina.de\/blog\/wp-json\/wp\/v2\/tags?post=459"}],"curies":[{"name":"wp","href":"https:\/\/api.w.org\/{rel}","templated":true}]}}