{"id":5321,"date":"2019-10-14T13:44:09","date_gmt":"2019-10-14T11:44:09","guid":{"rendered":"https:\/\/www.porta-mallorquina.de\/blog\/?p=5321"},"modified":"2019-10-14T14:40:58","modified_gmt":"2019-10-14T12:40:58","slug":"handball-europameister-michael-altenbeck-porta-mallorquina-port-dandratx","status":"publish","type":"post","link":"https:\/\/www.porta-mallorquina.de\/blog\/handball-europameister-michael-altenbeck-porta-mallorquina-port-dandratx\/","title":{"rendered":"Ex-Handballprofi Michael Altenbeck ist neuer Porta Mallorquina Franchisepartner in Port d&#8217;Andratx"},"content":{"rendered":"<p>Der ehemalige Handball Bundesligaprofi und zweimaliger Europapokal-Gewinner <strong>Michael Altenbeck<\/strong> hat auf Mallorca ein neues Spielfeld gefunden, die Immobilienbranche.<\/p>\n<p>Zum 1. September 2019 \u00fcbernahm er von Karl-Georg Herrmann, den es aus pers\u00f6nlichen Gr\u00fcnden nach Deutschland zur\u00fcckzog, den <a href=\"https:\/\/www.porta-mallorquina.de\/suedwest\/\" target=\"_blank\" rel=\"noopener noreferrer\">Porta Mallorquina Immobilienshop<\/a> in der <strong>Carrer de Isaac Peral Nr. 28 in Port d&#8217;Andratx<\/strong>.<\/p>\n<div id=\"attachment_5368\" class=\"wp-caption aligncenter\" style=\"width: 600px\"><img loading=\"lazy\" decoding=\"async\" class=\"wp-image-5368\" title=\"Team Andratx Porta Mallorquina\" src=\"https:\/\/www.porta-mallorquina.de\/blog\/mallorca\/team-andratx-portamallorquina.jpg\" alt=\"Team Andratx Porta Mallorquina\" width=\"600\" height=\"705\" srcset=\"https:\/\/www.porta-mallorquina.de\/blog\/mallorca\/team-andratx-portamallorquina.jpg 871w, https:\/\/www.porta-mallorquina.de\/blog\/mallorca\/team-andratx-portamallorquina-768x903.jpg 768w\" sizes=\"auto, (max-width: 600px) 100vw, 600px\" \/><p class=\"wp-caption-text\">Das neue Porta Mallorquina Team in Port d&#8217;Andratx (v.l.n.r.) Stephanie Mohr, Michael Altenbeck, Linda Meurs und Ester Breitenbach.<\/p><\/div>\n<p>Der frischgebackene Franchisepartner von Porta Mallorquina kam eigentlich als Kunde zu dem Immobilienunternehmen, das mit neun Standorten zu den gr\u00f6\u00dften Maklern der Insel geh\u00f6rt.<\/p>\n<blockquote><p>&#8222;Nach unserer Entscheidung, von Sylt nach Mallorca zu ziehen, haben wir im Raum Andratx eine Immobilie gesucht. Im Internet bin ich dauernd auf Porta Mallorquina gesto\u00dfen, das hat mich neugierig gemacht, wie die es schaffen, in Google immer die Top-Platzierungen ohne Werbung zu besetzen.&#8220;<\/p><\/blockquote>\n<p>Er recherchierte weiter und stellte fest, dass es sich um ein <a href=\"https:\/\/www.porta-mallorquina.de\/franchisepartner.html\" target=\"_blank\" rel=\"noopener noreferrer\">Franchisesystem<\/a> handelt, das noch weitere Partner auf der Insel sucht.<\/p>\n<h2>Von Sylt nach Mallorca<\/h2>\n<div id=\"attachment_5372\" class=\"wp-caption alignleft\" style=\"width: 397px\"><img loading=\"lazy\" decoding=\"async\" class=\"size-full wp-image-5372\" src=\"https:\/\/www.porta-mallorquina.de\/blog\/mallorca\/michael-altenbeck-daniela.jpg\" alt=\"\" width=\"397\" height=\"498\" \/><p class=\"wp-caption-text\">Islandhopping &#8211; im Mai 2019 zogen Daniela und Michael Altenbeck von Sylt nach Mallorca.<\/p><\/div>\n<p>Die Immobilienbranche ist dem Sportler nicht fremd, gemeinsam mit seiner <strong>Frau Daniela<\/strong> betrieb Michael nach seiner aktiven Sportkarriere zwei Einrichtungs- und Dekorationsgesch\u00e4fte auf der Insel Sylt.<\/p>\n<blockquote><p>&#8222;Ansprechende Inneneinrichtung und hochwertige Immobilien sind eng verkn\u00fcpft, weshalb wir schon immer Ber\u00fchrungspunkte mit der Vermarktung hochwertiger Immobilien hatten.&#8220;,<\/p><\/blockquote>\n<p>begr\u00fcndet Michael die <strong>Affinit\u00e4t zum Immobilienvertrieb<\/strong>. Als Partner eines erfolgreichen Systems fiel ihm der Branchenwechsel leichter, als als Einzelk\u00e4mpfer von Null zu beginnen.<\/p>\n<p>Obwohl sich die Familie an der Nordsee sehr wohl gef\u00fchlt hatte, bevorzugen sie doch langfristig das milde mediterrane Klima. Die Gegend um <a href=\"https:\/\/www.porta-mallorquina.de\/immobilien\/kaufen\/puerto-andratx\/\" target=\"_blank\" rel=\"noopener noreferrer\">Port d&#8217;Andratx<\/a> ist ihnen sehr vertraut, seit vielen Jahren urlaubt die Familie in <strong>Cala Llamp<\/strong>, wo der Vater von Daniela in Gran Folies eine Immobilie besitzt.<\/p>\n<div id=\"attachment_5367\" class=\"wp-caption alignright\" style=\"width: 300px\"><img loading=\"lazy\" decoding=\"async\" class=\"wp-image-5367\" src=\"https:\/\/www.porta-mallorquina.de\/blog\/mallorca\/paul_daniela_altenbeck.jpg\" alt=\"\" width=\"300\" height=\"400\" srcset=\"https:\/\/www.porta-mallorquina.de\/blog\/mallorca\/paul_daniela_altenbeck.jpg 1200w, https:\/\/www.porta-mallorquina.de\/blog\/mallorca\/paul_daniela_altenbeck-768x1024.jpg 768w\" sizes=\"auto, (max-width: 300px) 100vw, 300px\" \/><p class=\"wp-caption-text\">Daniela Altenbeck mit ihrem Sohn Paul, der seit diesem Jahr auf die internationale Schule geht.<\/p><\/div>\n<p>Im Mai zogen sie mit ihrem<strong> Sohn Paul<\/strong> nach Sineu, allerdings soll dies nur vor\u00fcbergehend der Wohnsitz bleiben, noch in diesem Jahr planen die Altenbecks nach Port d&#8217;Andratx umzuziehen.<\/p>\n<blockquote><p>&#8222;Wir sch\u00e4tzen hier das breite Angebot an Restaurants und Bars und nat\u00fcrlich den sch\u00f6nen Blick auf den Hafen, der trotz der Touristenstr\u00f6me immer noch als Fischerhafen genutzt wird.&#8220; ,<\/p><\/blockquote>\n<p>schw\u00e4rmt Michael von seiner neuen Wahlheimat.<\/p>\n<blockquote><p>&#8222;Morgens gehen wir gerne mal ins NOOSA BEACH, denn dort gibt es healthy Food, u. a. leckere Bowls, Vitamin-Smoothies und S\u00e4fte \u2026 . Am Abend gehen wir\u00a0 gehen wir gern mal zum naheliegenden Italiener CIA BELLO oder \u00a0unten an den Hafen z.B. ins Sumarilla \u00a0(Sushi essen) und danach ins Tim\u00b4s auf ein Glas Wein.&#8220;<\/p><\/blockquote>\n<p>Wer eine ganz besondere Immobilie sucht, dem empfiehlt Michael, sich auf <strong>Cala Llamp<\/strong> und <strong>Sa Mola<\/strong> zu konzentrieren.<\/p>\n<h2>Neues Team im Immobilienshop<\/h2>\n<p>Mit seinen Kolleginnen <strong>Ester Breitenbach, Stephanie Mohr<\/strong> und <strong>Linda Meurs<\/strong> hat er das neue Team im <strong>Porta Mallorquina Shop<\/strong> in Puerto Andratx fast komplett, derzeit plant Michael noch mit einer\/m weiteren <a href=\"https:\/\/www.porta-mallorquina.de\/stellenangebote\/immobilienberater-palma-inselmitte-nordwesten-portals-andratx.html\" target=\"_blank\" rel=\"noopener noreferrer\">Mitarbeiter\/in im Immobilienverkauf<\/a>.<\/p>\n<p>&nbsp;<\/p>\n","protected":false},"excerpt":{"rendered":"<p>Der ehemalige Handball Bundesligaprofi und zweimaliger Europapokal-Gewinner Michael Altenbeck hat auf Mallorca ein neues Spielfeld gefunden, die Immobilienbranche. Zum 1. September 2019 \u00fcbernahm er von Karl-Georg Herrmann, den es aus pers\u00f6nlichen Gr\u00fcnden nach Deutschland zur\u00fcckzog, den Porta Mallorquina Immobilienshop in der Carrer de Isaac Peral Nr. 28 in Port d&#8217;Andratx. Der frischgebackene Franchisepartner von Porta [&hellip;]<\/p>\n","protected":false},"author":5,"featured_media":0,"comment_status":"open","ping_status":"open","sticky":false,"template":"","format":"standard","meta":{"footnotes":""},"categories":[7,4],"tags":[],"class_list":["post-5321","post","type-post","status-publish","format-standard","hentry","category-franchise","category-immobilien"],"yoast_head":"<!-- This site is optimized with the Yoast SEO plugin v27.2 - https:\/\/yoast.com\/product\/yoast-seo-wordpress\/ -->\n<title>Ex-Handballprofi Michael Altenbeck ist neuer Porta Mallorquina Franchisepartner in Port d&#039;Andratx - Porta Mallorquina Blog<\/title>\n<meta name=\"robots\" content=\"index, follow, max-snippet:-1, max-image-preview:large, max-video-preview:-1\" \/>\n<link rel=\"canonical\" href=\"https:\/\/www.porta-mallorquina.de\/blog\/handball-europameister-michael-altenbeck-porta-mallorquina-port-dandratx\/\" \/>\n<meta property=\"og:locale\" content=\"de_DE\" \/>\n<meta property=\"og:type\" content=\"article\" \/>\n<meta property=\"og:title\" content=\"Ex-Handballprofi Michael Altenbeck ist neuer Porta Mallorquina Franchisepartner in Port d&#039;Andratx - Porta Mallorquina Blog\" \/>\n<meta property=\"og:description\" content=\"Der ehemalige Handball Bundesligaprofi und zweimaliger Europapokal-Gewinner Michael Altenbeck hat auf Mallorca ein neues Spielfeld gefunden, die Immobilienbranche. Zum 1. September 2019 \u00fcbernahm er von Karl-Georg Herrmann, den es aus pers\u00f6nlichen Gr\u00fcnden nach Deutschland zur\u00fcckzog, den Porta Mallorquina Immobilienshop in der Carrer de Isaac Peral Nr. 28 in Port d&#8217;Andratx. Der frischgebackene Franchisepartner von Porta [&hellip;]\" \/>\n<meta property=\"og:url\" content=\"https:\/\/www.porta-mallorquina.de\/blog\/handball-europameister-michael-altenbeck-porta-mallorquina-port-dandratx\/\" \/>\n<meta property=\"og:site_name\" content=\"Porta Mallorquina Blog\" \/>\n<meta property=\"article:published_time\" content=\"2019-10-14T11:44:09+00:00\" \/>\n<meta property=\"article:modified_time\" content=\"2019-10-14T12:40:58+00:00\" \/>\n<meta property=\"og:image\" content=\"https:\/\/www.porta-mallorquina.de\/blog\/mallorca\/team-andratx-portamallorquina.jpg\" \/>\n<meta name=\"author\" content=\"Ulrike Eschenbecher\" \/>\n<meta name=\"twitter:card\" content=\"summary_large_image\" \/>\n<meta name=\"twitter:label1\" content=\"Verfasst von\" \/>\n\t<meta name=\"twitter:data1\" content=\"Ulrike Eschenbecher\" \/>\n\t<meta name=\"twitter:label2\" content=\"Gesch\u00e4tzte Lesezeit\" \/>\n\t<meta name=\"twitter:data2\" content=\"3\u00a0Minuten\" \/>\n<script type=\"application\/ld+json\" class=\"yoast-schema-graph\">{\"@context\":\"https:\/\/schema.org\",\"@graph\":[{\"@type\":\"Article\",\"@id\":\"https:\/\/www.porta-mallorquina.de\/blog\/handball-europameister-michael-altenbeck-porta-mallorquina-port-dandratx\/#article\",\"isPartOf\":{\"@id\":\"https:\/\/www.porta-mallorquina.de\/blog\/handball-europameister-michael-altenbeck-porta-mallorquina-port-dandratx\/\"},\"author\":{\"name\":\"Ulrike Eschenbecher\",\"@id\":\"https:\/\/www.porta-mallorquina.de\/blog\/#\/schema\/person\/0b62d90dc6962d6e6eb377d955178fc3\"},\"headline\":\"Ex-Handballprofi Michael Altenbeck ist neuer Porta Mallorquina Franchisepartner in Port d&#8217;Andratx\",\"datePublished\":\"2019-10-14T11:44:09+00:00\",\"dateModified\":\"2019-10-14T12:40:58+00:00\",\"mainEntityOfPage\":{\"@id\":\"https:\/\/www.porta-mallorquina.de\/blog\/handball-europameister-michael-altenbeck-porta-mallorquina-port-dandratx\/\"},\"wordCount\":533,\"commentCount\":0,\"publisher\":{\"@id\":\"https:\/\/www.porta-mallorquina.de\/blog\/#organization\"},\"image\":{\"@id\":\"https:\/\/www.porta-mallorquina.de\/blog\/handball-europameister-michael-altenbeck-porta-mallorquina-port-dandratx\/#primaryimage\"},\"thumbnailUrl\":\"https:\/\/www.porta-mallorquina.de\/blog\/mallorca\/team-andratx-portamallorquina.jpg\",\"articleSection\":[\"Franchise\",\"Immobilien\"],\"inLanguage\":\"de\",\"potentialAction\":[{\"@type\":\"CommentAction\",\"name\":\"Comment\",\"target\":[\"https:\/\/www.porta-mallorquina.de\/blog\/handball-europameister-michael-altenbeck-porta-mallorquina-port-dandratx\/#respond\"]}]},{\"@type\":\"WebPage\",\"@id\":\"https:\/\/www.porta-mallorquina.de\/blog\/handball-europameister-michael-altenbeck-porta-mallorquina-port-dandratx\/\",\"url\":\"https:\/\/www.porta-mallorquina.de\/blog\/handball-europameister-michael-altenbeck-porta-mallorquina-port-dandratx\/\",\"name\":\"Ex-Handballprofi Michael Altenbeck ist neuer Porta Mallorquina Franchisepartner in Port d'Andratx - Porta Mallorquina Blog\",\"isPartOf\":{\"@id\":\"https:\/\/www.porta-mallorquina.de\/blog\/#website\"},\"primaryImageOfPage\":{\"@id\":\"https:\/\/www.porta-mallorquina.de\/blog\/handball-europameister-michael-altenbeck-porta-mallorquina-port-dandratx\/#primaryimage\"},\"image\":{\"@id\":\"https:\/\/www.porta-mallorquina.de\/blog\/handball-europameister-michael-altenbeck-porta-mallorquina-port-dandratx\/#primaryimage\"},\"thumbnailUrl\":\"https:\/\/www.porta-mallorquina.de\/blog\/mallorca\/team-andratx-portamallorquina.jpg\",\"datePublished\":\"2019-10-14T11:44:09+00:00\",\"dateModified\":\"2019-10-14T12:40:58+00:00\",\"breadcrumb\":{\"@id\":\"https:\/\/www.porta-mallorquina.de\/blog\/handball-europameister-michael-altenbeck-porta-mallorquina-port-dandratx\/#breadcrumb\"},\"inLanguage\":\"de\",\"potentialAction\":[{\"@type\":\"ReadAction\",\"target\":[\"https:\/\/www.porta-mallorquina.de\/blog\/handball-europameister-michael-altenbeck-porta-mallorquina-port-dandratx\/\"]}]},{\"@type\":\"ImageObject\",\"inLanguage\":\"de\",\"@id\":\"https:\/\/www.porta-mallorquina.de\/blog\/handball-europameister-michael-altenbeck-porta-mallorquina-port-dandratx\/#primaryimage\",\"url\":\"https:\/\/www.porta-mallorquina.de\/blog\/mallorca\/team-andratx-portamallorquina.jpg\",\"contentUrl\":\"https:\/\/www.porta-mallorquina.de\/blog\/mallorca\/team-andratx-portamallorquina.jpg\",\"width\":871,\"height\":1024,\"caption\":\"Das neue Porta Mallorquina Team in Port d'Andratx (v.l.n.r.) Stephanie Mohr, Michael Altenbeck, Linda Meurs und Ester Breitenbach.\"},{\"@type\":\"BreadcrumbList\",\"@id\":\"https:\/\/www.porta-mallorquina.de\/blog\/handball-europameister-michael-altenbeck-porta-mallorquina-port-dandratx\/#breadcrumb\",\"itemListElement\":[{\"@type\":\"ListItem\",\"position\":1,\"name\":\"Startseite\",\"item\":\"https:\/\/www.porta-mallorquina.de\/blog\/\"},{\"@type\":\"ListItem\",\"position\":2,\"name\":\"Ex-Handballprofi Michael Altenbeck ist neuer Porta Mallorquina Franchisepartner in Port d&#8217;Andratx\"}]},{\"@type\":\"WebSite\",\"@id\":\"https:\/\/www.porta-mallorquina.de\/blog\/#website\",\"url\":\"https:\/\/www.porta-mallorquina.de\/blog\/\",\"name\":\"Porta Mallorquina Blog\",\"description\":\"Mehr als Mallorca Immobilien\",\"publisher\":{\"@id\":\"https:\/\/www.porta-mallorquina.de\/blog\/#organization\"},\"potentialAction\":[{\"@type\":\"SearchAction\",\"target\":{\"@type\":\"EntryPoint\",\"urlTemplate\":\"https:\/\/www.porta-mallorquina.de\/blog\/?s={search_term_string}\"},\"query-input\":{\"@type\":\"PropertyValueSpecification\",\"valueRequired\":true,\"valueName\":\"search_term_string\"}}],\"inLanguage\":\"de\"},{\"@type\":\"Organization\",\"@id\":\"https:\/\/www.porta-mallorquina.de\/blog\/#organization\",\"name\":\"Porta Mallorquina Blog\",\"url\":\"https:\/\/www.porta-mallorquina.de\/blog\/\",\"logo\":{\"@type\":\"ImageObject\",\"inLanguage\":\"de\",\"@id\":\"https:\/\/www.porta-mallorquina.de\/blog\/#\/schema\/logo\/image\/\",\"url\":\"https:\/\/www.porta-mallorquina.de\/blog\/mallorca\/porta-mallorquina-real-estate-mallorca-logo.png\",\"contentUrl\":\"https:\/\/www.porta-mallorquina.de\/blog\/mallorca\/porta-mallorquina-real-estate-mallorca-logo.png\",\"width\":570,\"height\":400,\"caption\":\"Porta Mallorquina Blog\"},\"image\":{\"@id\":\"https:\/\/www.porta-mallorquina.de\/blog\/#\/schema\/logo\/image\/\"}},{\"@type\":\"Person\",\"@id\":\"https:\/\/www.porta-mallorquina.de\/blog\/#\/schema\/person\/0b62d90dc6962d6e6eb377d955178fc3\",\"name\":\"Ulrike Eschenbecher\",\"url\":\"https:\/\/www.porta-mallorquina.de\/blog\/author\/eschenbecher\/\"}]}<\/script>\n<!-- \/ Yoast SEO plugin. -->","yoast_head_json":{"title":"Ex-Handballprofi Michael Altenbeck ist neuer Porta Mallorquina Franchisepartner in Port d'Andratx - Porta Mallorquina Blog","robots":{"index":"index","follow":"follow","max-snippet":"max-snippet:-1","max-image-preview":"max-image-preview:large","max-video-preview":"max-video-preview:-1"},"canonical":"https:\/\/www.porta-mallorquina.de\/blog\/handball-europameister-michael-altenbeck-porta-mallorquina-port-dandratx\/","og_locale":"de_DE","og_type":"article","og_title":"Ex-Handballprofi Michael Altenbeck ist neuer Porta Mallorquina Franchisepartner in Port d'Andratx - Porta Mallorquina Blog","og_description":"Der ehemalige Handball Bundesligaprofi und zweimaliger Europapokal-Gewinner Michael Altenbeck hat auf Mallorca ein neues Spielfeld gefunden, die Immobilienbranche. Zum 1. September 2019 \u00fcbernahm er von Karl-Georg Herrmann, den es aus pers\u00f6nlichen Gr\u00fcnden nach Deutschland zur\u00fcckzog, den Porta Mallorquina Immobilienshop in der Carrer de Isaac Peral Nr. 28 in Port d&#8217;Andratx. Der frischgebackene Franchisepartner von Porta [&hellip;]","og_url":"https:\/\/www.porta-mallorquina.de\/blog\/handball-europameister-michael-altenbeck-porta-mallorquina-port-dandratx\/","og_site_name":"Porta Mallorquina Blog","article_published_time":"2019-10-14T11:44:09+00:00","article_modified_time":"2019-10-14T12:40:58+00:00","og_image":[{"url":"https:\/\/www.porta-mallorquina.de\/blog\/mallorca\/team-andratx-portamallorquina.jpg","type":"","width":"","height":""}],"author":"Ulrike Eschenbecher","twitter_card":"summary_large_image","twitter_misc":{"Verfasst von":"Ulrike Eschenbecher","Gesch\u00e4tzte Lesezeit":"3\u00a0Minuten"},"schema":{"@context":"https:\/\/schema.org","@graph":[{"@type":"Article","@id":"https:\/\/www.porta-mallorquina.de\/blog\/handball-europameister-michael-altenbeck-porta-mallorquina-port-dandratx\/#article","isPartOf":{"@id":"https:\/\/www.porta-mallorquina.de\/blog\/handball-europameister-michael-altenbeck-porta-mallorquina-port-dandratx\/"},"author":{"name":"Ulrike Eschenbecher","@id":"https:\/\/www.porta-mallorquina.de\/blog\/#\/schema\/person\/0b62d90dc6962d6e6eb377d955178fc3"},"headline":"Ex-Handballprofi Michael Altenbeck ist neuer Porta Mallorquina Franchisepartner in Port d&#8217;Andratx","datePublished":"2019-10-14T11:44:09+00:00","dateModified":"2019-10-14T12:40:58+00:00","mainEntityOfPage":{"@id":"https:\/\/www.porta-mallorquina.de\/blog\/handball-europameister-michael-altenbeck-porta-mallorquina-port-dandratx\/"},"wordCount":533,"commentCount":0,"publisher":{"@id":"https:\/\/www.porta-mallorquina.de\/blog\/#organization"},"image":{"@id":"https:\/\/www.porta-mallorquina.de\/blog\/handball-europameister-michael-altenbeck-porta-mallorquina-port-dandratx\/#primaryimage"},"thumbnailUrl":"https:\/\/www.porta-mallorquina.de\/blog\/mallorca\/team-andratx-portamallorquina.jpg","articleSection":["Franchise","Immobilien"],"inLanguage":"de","potentialAction":[{"@type":"CommentAction","name":"Comment","target":["https:\/\/www.porta-mallorquina.de\/blog\/handball-europameister-michael-altenbeck-porta-mallorquina-port-dandratx\/#respond"]}]},{"@type":"WebPage","@id":"https:\/\/www.porta-mallorquina.de\/blog\/handball-europameister-michael-altenbeck-porta-mallorquina-port-dandratx\/","url":"https:\/\/www.porta-mallorquina.de\/blog\/handball-europameister-michael-altenbeck-porta-mallorquina-port-dandratx\/","name":"Ex-Handballprofi Michael Altenbeck ist neuer Porta Mallorquina Franchisepartner in Port d'Andratx - Porta Mallorquina Blog","isPartOf":{"@id":"https:\/\/www.porta-mallorquina.de\/blog\/#website"},"primaryImageOfPage":{"@id":"https:\/\/www.porta-mallorquina.de\/blog\/handball-europameister-michael-altenbeck-porta-mallorquina-port-dandratx\/#primaryimage"},"image":{"@id":"https:\/\/www.porta-mallorquina.de\/blog\/handball-europameister-michael-altenbeck-porta-mallorquina-port-dandratx\/#primaryimage"},"thumbnailUrl":"https:\/\/www.porta-mallorquina.de\/blog\/mallorca\/team-andratx-portamallorquina.jpg","datePublished":"2019-10-14T11:44:09+00:00","dateModified":"2019-10-14T12:40:58+00:00","breadcrumb":{"@id":"https:\/\/www.porta-mallorquina.de\/blog\/handball-europameister-michael-altenbeck-porta-mallorquina-port-dandratx\/#breadcrumb"},"inLanguage":"de","potentialAction":[{"@type":"ReadAction","target":["https:\/\/www.porta-mallorquina.de\/blog\/handball-europameister-michael-altenbeck-porta-mallorquina-port-dandratx\/"]}]},{"@type":"ImageObject","inLanguage":"de","@id":"https:\/\/www.porta-mallorquina.de\/blog\/handball-europameister-michael-altenbeck-porta-mallorquina-port-dandratx\/#primaryimage","url":"https:\/\/www.porta-mallorquina.de\/blog\/mallorca\/team-andratx-portamallorquina.jpg","contentUrl":"https:\/\/www.porta-mallorquina.de\/blog\/mallorca\/team-andratx-portamallorquina.jpg","width":871,"height":1024,"caption":"Das neue Porta Mallorquina Team in Port d'Andratx (v.l.n.r.) Stephanie Mohr, Michael Altenbeck, Linda Meurs und Ester Breitenbach."},{"@type":"BreadcrumbList","@id":"https:\/\/www.porta-mallorquina.de\/blog\/handball-europameister-michael-altenbeck-porta-mallorquina-port-dandratx\/#breadcrumb","itemListElement":[{"@type":"ListItem","position":1,"name":"Startseite","item":"https:\/\/www.porta-mallorquina.de\/blog\/"},{"@type":"ListItem","position":2,"name":"Ex-Handballprofi Michael Altenbeck ist neuer Porta Mallorquina Franchisepartner in Port d&#8217;Andratx"}]},{"@type":"WebSite","@id":"https:\/\/www.porta-mallorquina.de\/blog\/#website","url":"https:\/\/www.porta-mallorquina.de\/blog\/","name":"Porta Mallorquina Blog","description":"Mehr als Mallorca Immobilien","publisher":{"@id":"https:\/\/www.porta-mallorquina.de\/blog\/#organization"},"potentialAction":[{"@type":"SearchAction","target":{"@type":"EntryPoint","urlTemplate":"https:\/\/www.porta-mallorquina.de\/blog\/?s={search_term_string}"},"query-input":{"@type":"PropertyValueSpecification","valueRequired":true,"valueName":"search_term_string"}}],"inLanguage":"de"},{"@type":"Organization","@id":"https:\/\/www.porta-mallorquina.de\/blog\/#organization","name":"Porta Mallorquina Blog","url":"https:\/\/www.porta-mallorquina.de\/blog\/","logo":{"@type":"ImageObject","inLanguage":"de","@id":"https:\/\/www.porta-mallorquina.de\/blog\/#\/schema\/logo\/image\/","url":"https:\/\/www.porta-mallorquina.de\/blog\/mallorca\/porta-mallorquina-real-estate-mallorca-logo.png","contentUrl":"https:\/\/www.porta-mallorquina.de\/blog\/mallorca\/porta-mallorquina-real-estate-mallorca-logo.png","width":570,"height":400,"caption":"Porta Mallorquina Blog"},"image":{"@id":"https:\/\/www.porta-mallorquina.de\/blog\/#\/schema\/logo\/image\/"}},{"@type":"Person","@id":"https:\/\/www.porta-mallorquina.de\/blog\/#\/schema\/person\/0b62d90dc6962d6e6eb377d955178fc3","name":"Ulrike Eschenbecher","url":"https:\/\/www.porta-mallorquina.de\/blog\/author\/eschenbecher\/"}]}},"_links":{"self":[{"href":"https:\/\/www.porta-mallorquina.de\/blog\/wp-json\/wp\/v2\/posts\/5321","targetHints":{"allow":["GET"]}}],"collection":[{"href":"https:\/\/www.porta-mallorquina.de\/blog\/wp-json\/wp\/v2\/posts"}],"about":[{"href":"https:\/\/www.porta-mallorquina.de\/blog\/wp-json\/wp\/v2\/types\/post"}],"author":[{"embeddable":true,"href":"https:\/\/www.porta-mallorquina.de\/blog\/wp-json\/wp\/v2\/users\/5"}],"replies":[{"embeddable":true,"href":"https:\/\/www.porta-mallorquina.de\/blog\/wp-json\/wp\/v2\/comments?post=5321"}],"version-history":[{"count":10,"href":"https:\/\/www.porta-mallorquina.de\/blog\/wp-json\/wp\/v2\/posts\/5321\/revisions"}],"predecessor-version":[{"id":5375,"href":"https:\/\/www.porta-mallorquina.de\/blog\/wp-json\/wp\/v2\/posts\/5321\/revisions\/5375"}],"wp:attachment":[{"href":"https:\/\/www.porta-mallorquina.de\/blog\/wp-json\/wp\/v2\/media?parent=5321"}],"wp:term":[{"taxonomy":"category","embeddable":true,"href":"https:\/\/www.porta-mallorquina.de\/blog\/wp-json\/wp\/v2\/categories?post=5321"},{"taxonomy":"post_tag","embeddable":true,"href":"https:\/\/www.porta-mallorquina.de\/blog\/wp-json\/wp\/v2\/tags?post=5321"}],"curies":[{"name":"wp","href":"https:\/\/api.w.org\/{rel}","templated":true}]}}