{"id":5348,"date":"2019-11-10T13:25:42","date_gmt":"2019-11-10T11:25:42","guid":{"rendered":"https:\/\/www.porta-mallorquina.de\/blog\/?p=5348"},"modified":"2019-10-28T13:54:35","modified_gmt":"2019-10-28T11:54:35","slug":"die-villa-mit-kunst-schmuecken-mallorcas-beste-galerien","status":"publish","type":"post","link":"https:\/\/www.porta-mallorquina.de\/blog\/die-villa-mit-kunst-schmuecken-mallorcas-beste-galerien\/","title":{"rendered":"Die Villa mit Kunst schm\u00fccken: Mallorcas beste Galerien"},"content":{"rendered":"<p>Wer sich ein Haus auf Mallorca kauft, der braucht auch was f\u00fcr die W\u00e4nde. Die Insel bietet viele interessante lokale K\u00fcnstler, die auch schon international Erfolg haben.<\/p>\n<p><em>Stefanie Claudia M\u00fcller, Palma de Mallorca<\/em><\/p>\n<p>Mallorca ist schon lange nicht mehr die Insel der Deutschen. Immer mehr Amerikaner, Skandinavier, Schweizer und inzwischen auch Inder wie Sheela Levy finden ihr neues Zuhause auf der Insel.<\/p>\n<p>Sie finden dort ein exzellentes Gesundheitssystem vor und das gro\u00dfe Verm\u00f6gen vor allem Ruhe, Abgeschiedenheit im Landesinneren und Sicherheit.<\/p>\n<p>Die im Ausland asugebildete Innendesignerin und ihr Mann Ivan haben eine besondere Affinit\u00e4t f\u00fcr <strong>Kunst und \u00c4sthetik<\/strong>, was sie mit der Insel verbindet:<\/p>\n<blockquote><p>\u201cWir lieben die mallorquinische Natur und Kreativit\u00e4t\u201d.<\/p><\/blockquote>\n<p>Sie haben nicht nur bereits in zahlreiche Immobilien vor Ort investiert, sondern auch in Kunst.<\/p>\n<div id=\"attachment_5351\" class=\"wp-caption alignright\" style=\"width: 200px\"><img loading=\"lazy\" decoding=\"async\" class=\"wp-image-5351\" title=\"Toni Garaus Kunstwerk im Restaurant Fera\" src=\"https:\/\/www.porta-mallorquina.de\/blog\/mallorca\/Restaurante-Fera-y-obra-de-Toni-Garau.jpg\" alt=\"Toni Garaus Kunstwerk im Restaurant Fera\" width=\"200\" height=\"300\" srcset=\"https:\/\/www.porta-mallorquina.de\/blog\/mallorca\/Restaurante-Fera-y-obra-de-Toni-Garau.jpg 3093w, https:\/\/www.porta-mallorquina.de\/blog\/mallorca\/Restaurante-Fera-y-obra-de-Toni-Garau-768x1152.jpg 768w\" sizes=\"auto, (max-width: 200px) 100vw, 200px\" \/><p class=\"wp-caption-text\">Toni Garaus Kunstwerk im Restaurant Fera<\/p><\/div>\n<blockquote><p>\u201cAns Herz gewachsen ist uns vor allem Toni Garau\u201d,<\/p><\/blockquote>\n<p>sagt Levy. Ihm kauften sie 2 Werke ab, die teilweise in ihrem <strong>Restaurant \u201cFera\u201d<\/strong> in Palma zu bewundern sind.\u00a0 Sie haben ihm in den chinesischen Markt geholfen. International bekannt sind schon seit geraumer Zeit Susy G\u00f3mez oder die noch junge Ela Fidalgo.<\/p>\n<p>Die Inderin fasziniert dieses wachsend kreative und internationale Ambiente mit <strong>lokalem Touch<\/strong>. Sie hat in England studiert und dann sp\u00e4ter einen Schweizer geheiratet:<\/p>\n<blockquote><p>\u201cIrgendwann hat es uns auf diese Insel getrieben. Mein Mann hat dann das Geb\u00e4ude gefunden, wo heute unser Restaurant zuhause ist\u201d.<\/p><\/blockquote>\n<p>\u201cFera\u201d ist mehr als nur ein Ort, wo exquisite Speisen zur Auswahl stehen:<\/p>\n<blockquote><p>\u201cWir wollen dem Gast auch Kunst n\u00e4her bringen. Jedes Werk hat seine Geschichte\u201d.<\/p><\/blockquote>\n<p>Mit ihrem <strong>\u201cArt\u201d-Restaurant<\/strong>, das voll von Skulpturen, Fotos, Bilder und B\u00fcchern ist, hat sie noch ambiti\u00f6se Pl\u00e4ne:<\/p>\n<blockquote><p>\u201cWir wollen eines der Top 50 Restaurants weltweit werden und streben auch einen Michelin-Stern an\u201d.<\/p><\/blockquote>\n<p>Ein ambitioniertes Ziel in einem sehr umk\u00e4mpften Markt, zu dem auch der Kunstsektor z\u00e4hlt, wo es viel mehr Angebot als K\u00e4ufer gibt, auch auf Mallorca.<\/p>\n<h2><\/h2>\n<h2>Von Mallorca in die ganze Welt: der Erfolg lokaler K\u00fcnstler<\/h2>\n<p>Aber genauso kompliziert, wie es ist ein Geb\u00e4ude zu kaufen und es wie die Levys zu renovieren und ein Star-Restaurant daraus zu machen, so schwierig ist es auch, mit Kunst wirklich Geld zu machen. Denn selbst Menschen, die Millionen f\u00fcr ein Haus ausgeben, sind wesentlich w\u00e4hlerischer, sollen sie ein para Tausend in Kunst investieren. Der <strong>Galerist Gerhardt Braun<\/strong> weiss das aus eigener Erfahrung. Seine Kunsthalle in der Altstadt von Palma gilt als einer der erfolgreichsten und interessantesten der Insel. Der Besuch lohnt sich schon wegen der R\u00e4umlichkeiten, die Galerie dehnt sich immer weiter aus und f\u00f6rdert auch lokale Kunst.<\/p>\n<blockquote><p>\u201cF\u00fcr mich ist die vielversprechendste lokale K\u00fcnstlerin derzeit Ela Fidalgo. Sie ist gerade mal 26 Jahre alt, eigentlich eine Modedesignerin, aber schon sehr professionell\u201d,<\/p><\/blockquote>\n<p>sagt\u00a0 Braun.<\/p>\n<p>&nbsp;<\/p>\n<p>Die auf Mallorca lebende und arbeitende Kunstliebhaberin <strong>Mercedes Korzeniowski<\/strong> weiss das Investment und die unerm\u00fcdliche Arbeit von Galeristen wie Gerhardt Braun enorm zu sch\u00e4tzen. Sie war die Direktorin des Zentrums f\u00fcr zeitgen\u00f6ssische Kunst in Andratx (CCA). Jetzt hilft sie mit, die <strong>erste Kunstmesse in Palma<\/strong> auf die Beine zu stellen. Sie soll 2020 im Kongress-Palast stattfinden.<\/p>\n<blockquote><p>\u201eDie Insel ist bereits ein Treffpunkt f\u00fcr Sammler, Maler und sehr wichtige Galerien. Wir wollen Mallorca auf ein neues Level in der Welt der internationalen Kunst bringen\u201c,<\/p><\/blockquote>\n<p>sagt der Schweizer Galerist Matthias R\u00fcthm\u00fcller, der Gr\u00fcnder und Leiter des Projekts\u201e <strong>\u201cArt Fair Mallorca\u201d<\/strong>.\u00a0 Ein weiterer wichtiger Kunsttreffpunkt auf der Insel ist <strong>\u201eLa Nit de l&#8217;Art\u201c<\/strong>, die \u201eKunstnacht\u201c in Palma. Sie findet in der Regel am dritten Wochenende im September statt, wenn der Sommertourismus bereits nachl\u00e4sst und bringt seit 23 Jahren K\u00fcnstler und Sammler aus der ganzen Welt zusammen.<\/p>\n<p>&nbsp;<\/p>\n<div id=\"attachment_5399\" class=\"wp-caption aligncenter\" style=\"width: 600px\"><img loading=\"lazy\" decoding=\"async\" class=\"wp-image-5399\" src=\"https:\/\/www.porta-mallorquina.de\/blog\/mallorca\/Red-Gallery.jpg\" alt=\"Gallery Red\" width=\"600\" height=\"328\" srcset=\"https:\/\/www.porta-mallorquina.de\/blog\/mallorca\/Red-Gallery.jpg 1280w, https:\/\/www.porta-mallorquina.de\/blog\/mallorca\/Red-Gallery-768x420.jpg 768w\" sizes=\"auto, (max-width: 600px) 100vw, 600px\" \/><p class=\"wp-caption-text\">Gallery Red<\/p><\/div>\n<p>&nbsp;<\/p>\n<h2>Die besten Galerien sind nicht nur in Palma <\/h2>\n<p>Aber wie der <strong>Unternehmensberater und Hobbywinzer Klaus Heinemann<\/strong> schauen Kunstliebhaber nicht nur in den Galerien in der Hauptstadt, sondern auch an anderen Orten auf der Insel:<\/p>\n<blockquote><p>\u00a0\u201cIch selber mag auch die K\u00fcnstlerstudios in Valdemossa, Alar\u00f3 oder Santany. Die Kunstszene auf Mallorca ist eine sehr interessante Mischung aus spanischen und internationalen Kreativen, die hier auf der Insel eine Heimat gefunden haben\u201d.<\/p><\/blockquote>\n<p>Zu den besonderen Galerien ausserhalb der Hauptstadt geh\u00f6rt in jedem Fall auch das \u00a0<strong>\u201cCentre of Contemporary Art en Andratx (CCA)\u201d<\/strong>, wo Korzeniowski gearbeit hat und das von einem d\u00e4nischen Galeristen Paar gegr\u00fcndet und gef\u00fchrt wird. \u201cWir haben unsere Tore in 2001 ge\u00f6ffnet. Es war damals eine enorme Investition, die wir mit dem Bau der Kunsthalle get\u00e4tigt haben\u201d, gesteht Jacob Asbaek, den die Sch\u00f6nheit der Insel zu diesem Abenteuer getrieben hat, aber auch die M\u00f6glichkeit, zeitgen\u00f6ssische Kunst einem sehr internationalen Publikum zug\u00e4nglich zu machen. Zu den nicht in Palma ans\u00e4ssigen Top-Galerien geh\u00f6rt nach Meinung von Korzeniowski auch die Galerie Dion\u00eds Benn\u00e0ssar in Pollen\u00e7a:<\/p>\n<blockquote><p>\u201cHier werden vor allem die f\u00fcndig, die Skultpuren suchen\u201d,<\/p><\/blockquote>\n<p>glaubt die Schweizerin mit spanischem Hintergrund.<\/p>\n<p>&nbsp;<\/p>\n<h2>Von New York nach Palma <\/h2>\n<p><img loading=\"lazy\" decoding=\"async\" class=\"aligncenter wp-image-5401\" src=\"https:\/\/www.porta-mallorquina.de\/blog\/mallorca\/Drew-Aaron-Lionsgate-Capital.jpg\" alt=\"\" width=\"600\" height=\"223\" srcset=\"https:\/\/www.porta-mallorquina.de\/blog\/mallorca\/Drew-Aaron-Lionsgate-Capital.jpg 1750w, https:\/\/www.porta-mallorquina.de\/blog\/mallorca\/Drew-Aaron-Lionsgate-Capital-768x285.jpg 768w\" sizes=\"auto, (max-width: 600px) 100vw, 600px\" \/><\/p>\n<p>Auf die Insel treibt es nicht nur viele K\u00fcnslter aus aller Welt, sondern auch Investoren und zwar kommen die inzwischen sogar von der anderen Seite des Teiches nach Mallorca. Zu den welt 50 Top-Kunstsammlern und wohl gr\u00f6\u00dften Mallorca-Fans geh\u00f6rt der<strong> Amerikaner Drew Aaron<\/strong>, der\u00a0 in dem romantischen Ort Alar\u00f3 vor ein para Jahren sein neues Zuhause gefunden hat:<\/p>\n<blockquote><p>\u201cMeine Liebe zu Mallorca und seiner Kunst entfachte beim ersten Schritt auf der Insel\u201d,<\/p><\/blockquote>\n<p>gesteht er. Die Entscheidung, hier seine Familie zu gr\u00fcnden, basiert auch auf der Tatsache, dass der internationale Flughafen sehr gut angebunden ist und er von Mallorca aus seine Gesch\u00e4fte im Rest der Welt f\u00fchren kann, genauso wie seine Frau, ein bekanntes Modell. Seine <strong>\u201cGallery Red\u201d<\/strong> in Palma zeigt derzeit vor allem das Werk des verstorbenen Grafiti-K\u00fcnstler Jean-Michel Basquiat.:<\/p>\n<blockquote><p>\u201cWir bieten ein Gemisch aus Designer-M\u00f6beln und zeitgen\u00f6ssischer Kunst an. Als ich acht Jahr alt war, habe ich ein Werk von \u00a0Andy Warhol gesehen und es hat mich fasziniert. Anderen gef\u00e4llt Sport, mir hat es die Kunst angetan\u201d.<\/p><\/blockquote>\n<p>&nbsp;<\/p>\n<p>Aber nat\u00fcrlich muss nicht gleich gekauft werden, auch der Rundgang durch die bedeutendsten Museen der Insel inspiriert bereits und verschafft einen \u00dcberblick \u00fcber die spanische Kunstszene. Nur wenige Urlauber wissen, welchen kulturellen Reichtum die Insel beherbegt. Diese Museen geh\u00f6ren zu den besten: <a href=\"https:\/\/www.tripadvisor.es\/Attraction_Review-g187463-d244042-Reviews-Museu_Fundacion_Juan_March_Palma-Palma_de_Mallorca_Majorca_Balearic_Islands.html\">Museu Fundacion Juan March Palma<\/a>, <a href=\"https:\/\/www.tripadvisor.es\/Attraction_Review-g187463-d3287447-Reviews-Palau_March_Museu-Palma_de_Mallorca_Majorca_Balearic_Islands.html\">Palau March Museu<\/a>, <a href=\"https:\/\/www.tripadvisor.es\/Attraction_Review-g187463-d523358-Reviews-Pilar_and_Joan_Miro_Foundation_in_Mallorca-Palma_de_Mallorca_Majorca_Balearic_Isla.html\">Fundaci\u00f3 Pilar i Joan Mir\u00f3 a Mallorca<\/a> und\u00a0 <a href=\"https:\/\/www.tripadvisor.es\/Attraction_Review-g187463-d504695-Reviews-Es_Baluard_Museu_d_Art_Modern_i_Contemporani_de_Palma-Palma_de_Mallorca_Majorca_Ba.html\">Es Baluard Museu d&#8217;Art Modern i Contemporani de Palma<\/a>.\u00a0 Korzeniowski arbeitet derweil bereits an einem VIP-Programm f\u00fcr die \u201eArt Fair Mallorca\u201c, das die Sammler im kommenden Jahr zu aussergew\u00f6hnlichen Kunst-Orten der Insel f\u00fchren soll. F\u00fcr sie und viele andere einflussreichen Ausl\u00e4nder wird Mallorca zunehmend zu einem <strong>Networking-Ort in Sachen Kunst und Business<\/strong>, an dem der Besucher schnell vergisst, dass es auf Mallorca auch viele tolle Str\u00e4nde und viel Sonne gibt:<\/p>\n<blockquote><p>\u201eIn letzter Zeit erreichen die Wechselbeziehungen zwischen Kunst, Wirtschaft und Gastronomie ein Niveau, das Palma in Augenh\u00f6he mit St\u00e4dten wie Basel, die ich sehr gut kenne, oder Berlin, aber in viel kleineren Dimensionen, was auch seinen Reiz hat.\u201c<\/p><\/blockquote>\n","protected":false},"excerpt":{"rendered":"<p>Wer sich ein Haus auf Mallorca kauft, der braucht auch was f\u00fcr die W\u00e4nde. Die Insel bietet viele interessante lokale K\u00fcnstler, die auch schon international Erfolg haben.<\/p>\n","protected":false},"author":9,"featured_media":0,"comment_status":"open","ping_status":"open","sticky":false,"template":"","format":"standard","meta":{"footnotes":""},"categories":[45,3,40],"tags":[],"class_list":["post-5348","post","type-post","status-publish","format-standard","hentry","category-kunst","category-mallorca","category-palma-de-mallorca"],"yoast_head":"<!-- This site is optimized with the Yoast SEO plugin v27.2 - https:\/\/yoast.com\/product\/yoast-seo-wordpress\/ -->\n<title>Die Villa mit Kunst schm\u00fccken: Mallorcas beste Galerien - Porta Mallorquina Blog<\/title>\n<meta name=\"robots\" content=\"index, follow, max-snippet:-1, max-image-preview:large, max-video-preview:-1\" \/>\n<link rel=\"canonical\" href=\"https:\/\/www.porta-mallorquina.de\/blog\/die-villa-mit-kunst-schmuecken-mallorcas-beste-galerien\/\" \/>\n<meta property=\"og:locale\" content=\"de_DE\" \/>\n<meta property=\"og:type\" content=\"article\" \/>\n<meta property=\"og:title\" content=\"Die Villa mit Kunst schm\u00fccken: Mallorcas beste Galerien - Porta Mallorquina Blog\" \/>\n<meta property=\"og:description\" content=\"Wer sich ein Haus auf Mallorca kauft, der braucht auch was f\u00fcr die W\u00e4nde. Die Insel bietet viele interessante lokale K\u00fcnstler, die auch schon international Erfolg haben.\" \/>\n<meta property=\"og:url\" content=\"https:\/\/www.porta-mallorquina.de\/blog\/die-villa-mit-kunst-schmuecken-mallorcas-beste-galerien\/\" \/>\n<meta property=\"og:site_name\" content=\"Porta Mallorquina Blog\" \/>\n<meta property=\"article:published_time\" content=\"2019-11-10T11:25:42+00:00\" \/>\n<meta property=\"og:image\" content=\"https:\/\/www.porta-mallorquina.de\/blog\/mallorca\/Restaurante-Fera-y-obra-de-Toni-Garau.jpg\" \/>\n<meta name=\"author\" content=\"Porta Mallorquina\" \/>\n<meta name=\"twitter:card\" content=\"summary_large_image\" \/>\n<meta name=\"twitter:label1\" content=\"Verfasst von\" \/>\n\t<meta name=\"twitter:data1\" content=\"Porta Mallorquina\" \/>\n\t<meta name=\"twitter:label2\" content=\"Gesch\u00e4tzte Lesezeit\" \/>\n\t<meta name=\"twitter:data2\" content=\"6\u00a0Minuten\" \/>\n<script type=\"application\/ld+json\" class=\"yoast-schema-graph\">{\"@context\":\"https:\/\/schema.org\",\"@graph\":[{\"@type\":\"Article\",\"@id\":\"https:\/\/www.porta-mallorquina.de\/blog\/die-villa-mit-kunst-schmuecken-mallorcas-beste-galerien\/#article\",\"isPartOf\":{\"@id\":\"https:\/\/www.porta-mallorquina.de\/blog\/die-villa-mit-kunst-schmuecken-mallorcas-beste-galerien\/\"},\"author\":{\"name\":\"Porta Mallorquina\",\"@id\":\"https:\/\/www.porta-mallorquina.de\/blog\/#\/schema\/person\/762f5edd41dcc87e16e9391fd25d519d\"},\"headline\":\"Die Villa mit Kunst schm\u00fccken: Mallorcas beste Galerien\",\"datePublished\":\"2019-11-10T11:25:42+00:00\",\"mainEntityOfPage\":{\"@id\":\"https:\/\/www.porta-mallorquina.de\/blog\/die-villa-mit-kunst-schmuecken-mallorcas-beste-galerien\/\"},\"wordCount\":1210,\"commentCount\":0,\"publisher\":{\"@id\":\"https:\/\/www.porta-mallorquina.de\/blog\/#organization\"},\"image\":{\"@id\":\"https:\/\/www.porta-mallorquina.de\/blog\/die-villa-mit-kunst-schmuecken-mallorcas-beste-galerien\/#primaryimage\"},\"thumbnailUrl\":\"https:\/\/www.porta-mallorquina.de\/blog\/mallorca\/Restaurante-Fera-y-obra-de-Toni-Garau.jpg\",\"articleSection\":[\"Kunst\",\"Mallorca\",\"Palma de Mallorca\"],\"inLanguage\":\"de\",\"potentialAction\":[{\"@type\":\"CommentAction\",\"name\":\"Comment\",\"target\":[\"https:\/\/www.porta-mallorquina.de\/blog\/die-villa-mit-kunst-schmuecken-mallorcas-beste-galerien\/#respond\"]}]},{\"@type\":\"WebPage\",\"@id\":\"https:\/\/www.porta-mallorquina.de\/blog\/die-villa-mit-kunst-schmuecken-mallorcas-beste-galerien\/\",\"url\":\"https:\/\/www.porta-mallorquina.de\/blog\/die-villa-mit-kunst-schmuecken-mallorcas-beste-galerien\/\",\"name\":\"Die Villa mit Kunst schm\u00fccken: Mallorcas beste Galerien - Porta Mallorquina Blog\",\"isPartOf\":{\"@id\":\"https:\/\/www.porta-mallorquina.de\/blog\/#website\"},\"primaryImageOfPage\":{\"@id\":\"https:\/\/www.porta-mallorquina.de\/blog\/die-villa-mit-kunst-schmuecken-mallorcas-beste-galerien\/#primaryimage\"},\"image\":{\"@id\":\"https:\/\/www.porta-mallorquina.de\/blog\/die-villa-mit-kunst-schmuecken-mallorcas-beste-galerien\/#primaryimage\"},\"thumbnailUrl\":\"https:\/\/www.porta-mallorquina.de\/blog\/mallorca\/Restaurante-Fera-y-obra-de-Toni-Garau.jpg\",\"datePublished\":\"2019-11-10T11:25:42+00:00\",\"breadcrumb\":{\"@id\":\"https:\/\/www.porta-mallorquina.de\/blog\/die-villa-mit-kunst-schmuecken-mallorcas-beste-galerien\/#breadcrumb\"},\"inLanguage\":\"de\",\"potentialAction\":[{\"@type\":\"ReadAction\",\"target\":[\"https:\/\/www.porta-mallorquina.de\/blog\/die-villa-mit-kunst-schmuecken-mallorcas-beste-galerien\/\"]}]},{\"@type\":\"ImageObject\",\"inLanguage\":\"de\",\"@id\":\"https:\/\/www.porta-mallorquina.de\/blog\/die-villa-mit-kunst-schmuecken-mallorcas-beste-galerien\/#primaryimage\",\"url\":\"https:\/\/www.porta-mallorquina.de\/blog\/mallorca\/Restaurante-Fera-y-obra-de-Toni-Garau.jpg\",\"contentUrl\":\"https:\/\/www.porta-mallorquina.de\/blog\/mallorca\/Restaurante-Fera-y-obra-de-Toni-Garau.jpg\",\"width\":3093,\"height\":4639},{\"@type\":\"BreadcrumbList\",\"@id\":\"https:\/\/www.porta-mallorquina.de\/blog\/die-villa-mit-kunst-schmuecken-mallorcas-beste-galerien\/#breadcrumb\",\"itemListElement\":[{\"@type\":\"ListItem\",\"position\":1,\"name\":\"Startseite\",\"item\":\"https:\/\/www.porta-mallorquina.de\/blog\/\"},{\"@type\":\"ListItem\",\"position\":2,\"name\":\"Die Villa mit Kunst schm\u00fccken: Mallorcas beste Galerien\"}]},{\"@type\":\"WebSite\",\"@id\":\"https:\/\/www.porta-mallorquina.de\/blog\/#website\",\"url\":\"https:\/\/www.porta-mallorquina.de\/blog\/\",\"name\":\"Porta Mallorquina Blog\",\"description\":\"Mehr als Mallorca Immobilien\",\"publisher\":{\"@id\":\"https:\/\/www.porta-mallorquina.de\/blog\/#organization\"},\"potentialAction\":[{\"@type\":\"SearchAction\",\"target\":{\"@type\":\"EntryPoint\",\"urlTemplate\":\"https:\/\/www.porta-mallorquina.de\/blog\/?s={search_term_string}\"},\"query-input\":{\"@type\":\"PropertyValueSpecification\",\"valueRequired\":true,\"valueName\":\"search_term_string\"}}],\"inLanguage\":\"de\"},{\"@type\":\"Organization\",\"@id\":\"https:\/\/www.porta-mallorquina.de\/blog\/#organization\",\"name\":\"Porta Mallorquina Blog\",\"url\":\"https:\/\/www.porta-mallorquina.de\/blog\/\",\"logo\":{\"@type\":\"ImageObject\",\"inLanguage\":\"de\",\"@id\":\"https:\/\/www.porta-mallorquina.de\/blog\/#\/schema\/logo\/image\/\",\"url\":\"https:\/\/www.porta-mallorquina.de\/blog\/mallorca\/porta-mallorquina-real-estate-mallorca-logo.png\",\"contentUrl\":\"https:\/\/www.porta-mallorquina.de\/blog\/mallorca\/porta-mallorquina-real-estate-mallorca-logo.png\",\"width\":570,\"height\":400,\"caption\":\"Porta Mallorquina Blog\"},\"image\":{\"@id\":\"https:\/\/www.porta-mallorquina.de\/blog\/#\/schema\/logo\/image\/\"}},{\"@type\":\"Person\",\"@id\":\"https:\/\/www.porta-mallorquina.de\/blog\/#\/schema\/person\/762f5edd41dcc87e16e9391fd25d519d\",\"name\":\"Porta Mallorquina\",\"url\":\"https:\/\/www.porta-mallorquina.de\/blog\/author\/lnmt53naz\/\"}]}<\/script>\n<!-- \/ Yoast SEO plugin. -->","yoast_head_json":{"title":"Die Villa mit Kunst schm\u00fccken: Mallorcas beste Galerien - Porta Mallorquina Blog","robots":{"index":"index","follow":"follow","max-snippet":"max-snippet:-1","max-image-preview":"max-image-preview:large","max-video-preview":"max-video-preview:-1"},"canonical":"https:\/\/www.porta-mallorquina.de\/blog\/die-villa-mit-kunst-schmuecken-mallorcas-beste-galerien\/","og_locale":"de_DE","og_type":"article","og_title":"Die Villa mit Kunst schm\u00fccken: Mallorcas beste Galerien - Porta Mallorquina Blog","og_description":"Wer sich ein Haus auf Mallorca kauft, der braucht auch was f\u00fcr die W\u00e4nde. Die Insel bietet viele interessante lokale K\u00fcnstler, die auch schon international Erfolg haben.","og_url":"https:\/\/www.porta-mallorquina.de\/blog\/die-villa-mit-kunst-schmuecken-mallorcas-beste-galerien\/","og_site_name":"Porta Mallorquina Blog","article_published_time":"2019-11-10T11:25:42+00:00","og_image":[{"url":"https:\/\/www.porta-mallorquina.de\/blog\/mallorca\/Restaurante-Fera-y-obra-de-Toni-Garau.jpg","type":"","width":"","height":""}],"author":"Porta Mallorquina","twitter_card":"summary_large_image","twitter_misc":{"Verfasst von":"Porta Mallorquina","Gesch\u00e4tzte Lesezeit":"6\u00a0Minuten"},"schema":{"@context":"https:\/\/schema.org","@graph":[{"@type":"Article","@id":"https:\/\/www.porta-mallorquina.de\/blog\/die-villa-mit-kunst-schmuecken-mallorcas-beste-galerien\/#article","isPartOf":{"@id":"https:\/\/www.porta-mallorquina.de\/blog\/die-villa-mit-kunst-schmuecken-mallorcas-beste-galerien\/"},"author":{"name":"Porta Mallorquina","@id":"https:\/\/www.porta-mallorquina.de\/blog\/#\/schema\/person\/762f5edd41dcc87e16e9391fd25d519d"},"headline":"Die Villa mit Kunst schm\u00fccken: Mallorcas beste Galerien","datePublished":"2019-11-10T11:25:42+00:00","mainEntityOfPage":{"@id":"https:\/\/www.porta-mallorquina.de\/blog\/die-villa-mit-kunst-schmuecken-mallorcas-beste-galerien\/"},"wordCount":1210,"commentCount":0,"publisher":{"@id":"https:\/\/www.porta-mallorquina.de\/blog\/#organization"},"image":{"@id":"https:\/\/www.porta-mallorquina.de\/blog\/die-villa-mit-kunst-schmuecken-mallorcas-beste-galerien\/#primaryimage"},"thumbnailUrl":"https:\/\/www.porta-mallorquina.de\/blog\/mallorca\/Restaurante-Fera-y-obra-de-Toni-Garau.jpg","articleSection":["Kunst","Mallorca","Palma de Mallorca"],"inLanguage":"de","potentialAction":[{"@type":"CommentAction","name":"Comment","target":["https:\/\/www.porta-mallorquina.de\/blog\/die-villa-mit-kunst-schmuecken-mallorcas-beste-galerien\/#respond"]}]},{"@type":"WebPage","@id":"https:\/\/www.porta-mallorquina.de\/blog\/die-villa-mit-kunst-schmuecken-mallorcas-beste-galerien\/","url":"https:\/\/www.porta-mallorquina.de\/blog\/die-villa-mit-kunst-schmuecken-mallorcas-beste-galerien\/","name":"Die Villa mit Kunst schm\u00fccken: Mallorcas beste Galerien - Porta Mallorquina Blog","isPartOf":{"@id":"https:\/\/www.porta-mallorquina.de\/blog\/#website"},"primaryImageOfPage":{"@id":"https:\/\/www.porta-mallorquina.de\/blog\/die-villa-mit-kunst-schmuecken-mallorcas-beste-galerien\/#primaryimage"},"image":{"@id":"https:\/\/www.porta-mallorquina.de\/blog\/die-villa-mit-kunst-schmuecken-mallorcas-beste-galerien\/#primaryimage"},"thumbnailUrl":"https:\/\/www.porta-mallorquina.de\/blog\/mallorca\/Restaurante-Fera-y-obra-de-Toni-Garau.jpg","datePublished":"2019-11-10T11:25:42+00:00","breadcrumb":{"@id":"https:\/\/www.porta-mallorquina.de\/blog\/die-villa-mit-kunst-schmuecken-mallorcas-beste-galerien\/#breadcrumb"},"inLanguage":"de","potentialAction":[{"@type":"ReadAction","target":["https:\/\/www.porta-mallorquina.de\/blog\/die-villa-mit-kunst-schmuecken-mallorcas-beste-galerien\/"]}]},{"@type":"ImageObject","inLanguage":"de","@id":"https:\/\/www.porta-mallorquina.de\/blog\/die-villa-mit-kunst-schmuecken-mallorcas-beste-galerien\/#primaryimage","url":"https:\/\/www.porta-mallorquina.de\/blog\/mallorca\/Restaurante-Fera-y-obra-de-Toni-Garau.jpg","contentUrl":"https:\/\/www.porta-mallorquina.de\/blog\/mallorca\/Restaurante-Fera-y-obra-de-Toni-Garau.jpg","width":3093,"height":4639},{"@type":"BreadcrumbList","@id":"https:\/\/www.porta-mallorquina.de\/blog\/die-villa-mit-kunst-schmuecken-mallorcas-beste-galerien\/#breadcrumb","itemListElement":[{"@type":"ListItem","position":1,"name":"Startseite","item":"https:\/\/www.porta-mallorquina.de\/blog\/"},{"@type":"ListItem","position":2,"name":"Die Villa mit Kunst schm\u00fccken: Mallorcas beste Galerien"}]},{"@type":"WebSite","@id":"https:\/\/www.porta-mallorquina.de\/blog\/#website","url":"https:\/\/www.porta-mallorquina.de\/blog\/","name":"Porta Mallorquina Blog","description":"Mehr als Mallorca Immobilien","publisher":{"@id":"https:\/\/www.porta-mallorquina.de\/blog\/#organization"},"potentialAction":[{"@type":"SearchAction","target":{"@type":"EntryPoint","urlTemplate":"https:\/\/www.porta-mallorquina.de\/blog\/?s={search_term_string}"},"query-input":{"@type":"PropertyValueSpecification","valueRequired":true,"valueName":"search_term_string"}}],"inLanguage":"de"},{"@type":"Organization","@id":"https:\/\/www.porta-mallorquina.de\/blog\/#organization","name":"Porta Mallorquina Blog","url":"https:\/\/www.porta-mallorquina.de\/blog\/","logo":{"@type":"ImageObject","inLanguage":"de","@id":"https:\/\/www.porta-mallorquina.de\/blog\/#\/schema\/logo\/image\/","url":"https:\/\/www.porta-mallorquina.de\/blog\/mallorca\/porta-mallorquina-real-estate-mallorca-logo.png","contentUrl":"https:\/\/www.porta-mallorquina.de\/blog\/mallorca\/porta-mallorquina-real-estate-mallorca-logo.png","width":570,"height":400,"caption":"Porta Mallorquina Blog"},"image":{"@id":"https:\/\/www.porta-mallorquina.de\/blog\/#\/schema\/logo\/image\/"}},{"@type":"Person","@id":"https:\/\/www.porta-mallorquina.de\/blog\/#\/schema\/person\/762f5edd41dcc87e16e9391fd25d519d","name":"Porta Mallorquina","url":"https:\/\/www.porta-mallorquina.de\/blog\/author\/lnmt53naz\/"}]}},"_links":{"self":[{"href":"https:\/\/www.porta-mallorquina.de\/blog\/wp-json\/wp\/v2\/posts\/5348","targetHints":{"allow":["GET"]}}],"collection":[{"href":"https:\/\/www.porta-mallorquina.de\/blog\/wp-json\/wp\/v2\/posts"}],"about":[{"href":"https:\/\/www.porta-mallorquina.de\/blog\/wp-json\/wp\/v2\/types\/post"}],"author":[{"embeddable":true,"href":"https:\/\/www.porta-mallorquina.de\/blog\/wp-json\/wp\/v2\/users\/9"}],"replies":[{"embeddable":true,"href":"https:\/\/www.porta-mallorquina.de\/blog\/wp-json\/wp\/v2\/comments?post=5348"}],"version-history":[{"count":16,"href":"https:\/\/www.porta-mallorquina.de\/blog\/wp-json\/wp\/v2\/posts\/5348\/revisions"}],"predecessor-version":[{"id":5350,"href":"https:\/\/www.porta-mallorquina.de\/blog\/wp-json\/wp\/v2\/posts\/5348\/revisions\/5350"}],"wp:attachment":[{"href":"https:\/\/www.porta-mallorquina.de\/blog\/wp-json\/wp\/v2\/media?parent=5348"}],"wp:term":[{"taxonomy":"category","embeddable":true,"href":"https:\/\/www.porta-mallorquina.de\/blog\/wp-json\/wp\/v2\/categories?post=5348"},{"taxonomy":"post_tag","embeddable":true,"href":"https:\/\/www.porta-mallorquina.de\/blog\/wp-json\/wp\/v2\/tags?post=5348"}],"curies":[{"name":"wp","href":"https:\/\/api.w.org\/{rel}","templated":true}]}}