{"id":5824,"date":"2022-09-19T10:08:03","date_gmt":"2022-09-19T08:08:03","guid":{"rendered":"https:\/\/www.porta-mallorquina.de\/blog\/?p=5824"},"modified":"2023-04-06T10:32:30","modified_gmt":"2023-04-06T08:32:30","slug":"berge-und-meer-der-norden-mallorcas-hat-viel-zu-bieten","status":"publish","type":"post","link":"https:\/\/www.porta-mallorquina.de\/blog\/berge-und-meer-der-norden-mallorcas-hat-viel-zu-bieten\/","title":{"rendered":"Berge und Meer \u2013 der Norden Mallorcas hat viel zu bieten"},"content":{"rendered":"<p>Feinsandig, breit und flach in das t\u00fcrkisblaue Meer abfallend \u2013 im Norden Mallorcas liegen die sch\u00f6nsten Str\u00e4nde der Insel. Auf rund vierzig Kilometer L\u00e4nge \u00f6ffnet sich die Bucht von Alcudia zum Meer, westlich davon schlie\u00dft sich mit rund zehn Kilometer L\u00e4nge die Bucht von Pollensa an.<\/p>\n<p>Die Buchten sind gut erschlossen, an die breiten Sandstr\u00e4nde schlie\u00dft sich die Promenade mit Stra\u00dfencaf\u00e9s und Restaurants, die zum Verweilen einladen, dazu gibt es auch viele Strandbars direkt am Meer. Ein Eldorado f\u00fcr Wassersportler, Sonnenanbeter und Freunde der mediterranen Lebensart.<\/p>\n<h2>Sch\u00f6nster Strand Spaniens<\/h2>\n<p>Mit rund sechs Kilometern L\u00e4nge ist die \u201e<a href=\"https:\/\/www.portaholiday.de\/straende\/mallorca\/-272.html\" target=\"_blank\" rel=\"noopener\">Playa de Muro<\/a>\u201c der l\u00e4ngste und auch bekannteste Strandabschnitt der Region. F\u00fcr viele ist er der sch\u00f6nste Strand der Mallorcas, das Reiseportal Tripadvisor verlieh ihm 2022 den Titel \u201eSch\u00f6nster Strand Spaniens\u201c. Vor allem Familien mit Kindern sch\u00e4tzen den gepflegten Strand, der sehr flach ins t\u00fcrkisblaue Wasser f\u00fchrt.<\/p>\n<div id=\"attachment_5825\" class=\"wp-caption aligncenter\" style=\"width: 600px\"><img loading=\"lazy\" decoding=\"async\" class=\"wp-image-5825\" title=\"Playa de Muro\" src=\"https:\/\/www.porta-mallorquina.de\/blog\/mallorca\/playa-de-muro-3.jpeg\" alt=\"Playa de Muro\" width=\"600\" height=\"399\" \/><p class=\"wp-caption-text\">Playa de Muro<\/p><\/div>\n<p>Stephan Hoffmann, Porta Mallorquina Real Estate Franchisepartner f\u00fcr die <a href=\"https:\/\/www.porta-mallorquina.de\/nord\/\" target=\"_blank\" rel=\"noopener\">Region Nord<\/a>, lebt seit \u00fcber 25 Jahren in Alc\u00f9dia und ger\u00e4t immer noch ins Schw\u00e4rmen, wenn man ihn zu seiner Wahlheimat befragt:<\/p>\n<blockquote><p>\u201eIm Norden finden Sie alles, was die Insel zu bieten hat und das auf kurzen Wegen ohne Stau. Die wunderbaren Sandstr\u00e4nde und Naturparks lassen die Naturliebhaber auf ihre Kosten kommen. Das nahegelegene Tramuntana-Gebirge l\u00e4dt zum Wandern, Radfahren und Klettern ein, Alc\u00f9dia und Pollensa sind zwei bezaubernde St\u00e4dtchen mit guten Restaurants und ganzj\u00e4hriger Infrastruktur. Das Sportangebot ist immens, Sie k\u00f6nnen reiten, segeln, kiten und der mehrfach pr\u00e4mierte Alcanada Golfplatz ist einer der sch\u00f6nsten in ganz Europa.\u201c<\/p><\/blockquote>\n<p>Dank der direkten Anbindung \u00fcber die Autobahn ist auch die Hauptstadt Palma nur eine gute halbe Stunde entfernt, wer etwas mehr Zeit hat, f\u00e4hrt \u00fcber die Landstra\u00dfe, auf der es wunderbare D\u00f6rfer zu entdecken gibt, wie Crestatx, <a href=\"https:\/\/www.porta-mallorquina.de\/immobilien\/kaufen\/campanet\/\" target=\"_blank\" rel=\"noopener\">Campanet<\/a>, Burger oder <a href=\"https:\/\/www.porta-mallorquina.de\/immobilien\/kaufen\/sa-pobla\/\" target=\"_blank\" rel=\"noopener\">Sa Pobla<\/a>. Hier wird die Tradition noch gepflegt und auf den zahlreichen Dorffesten sind Fremde herzlich willkommen.<\/p>\n<p>Das Publikum ist international, die touristischen Schwergewichte der Region, <a href=\"https:\/\/www.porta-mallorquina.de\/immobilien\/kaufen\/puerto-pollensa\/\" target=\"_blank\" rel=\"noopener\">Puerto Pollensa<\/a> und <a href=\"https:\/\/www.porta-mallorquina.de\/immobilien\/kaufen\/puerto-alcudia\/\" target=\"_blank\" rel=\"noopener\">Puerto Alc\u00f9dia<\/a> sind bei den Briten sehr beliebt, die etwas sp\u00e4ter touristisch entwickelten Orte <a href=\"https:\/\/www.porta-mallorquina.de\/immobilien\/kaufen\/can-picafort\/\" target=\"_blank\" rel=\"noopener\">C\u2019an Picafort<\/a> und <a href=\"https:\/\/www.porta-mallorquina.de\/immobilien\/kaufen\/son-serra-de-marina\/\" target=\"_blank\" rel=\"noopener\">Son Serra de Marina<\/a> wurden \u00fcberwiegend von Deutschen als Zweitwohnsitzlagen entdeckt.<\/p>\n<h2>Hotspots und Geheimtipps<\/h2>\n<p>Toplage der Region ist das ber\u00fchmte Cap Formentor, das mit seiner S\u00fcdausrichtung und atemberaubenden Aussicht auf die Bucht von Pollensa zu den exklusivsten Standorten Mallorcas z\u00e4hlt. Sch\u00f6ne Villen in gepflegten Urbanisationen und Apartments in erster Meereslinie findet man in <a href=\"https:\/\/www.porta-mallorquina.de\/immobilien\/kaufen\/bonaire\/\" target=\"_blank\" rel=\"noopener\">Bonaire<\/a>, <a href=\"https:\/\/www.porta-mallorquina.de\/immobilien\/kaufen\/alcanada\/\" target=\"_blank\" rel=\"noopener\">Alcanada<\/a>, <a href=\"https:\/\/www.porta-mallorquina.de\/immobilien\/kaufen\/puerto-pollensa\/\" target=\"_blank\" rel=\"noopener\">Puerto Pollensa<\/a>, <a href=\"https:\/\/www.porta-mallorquina.de\/immobilien\/kaufen\/puerto-alcudia\/\" target=\"_blank\" rel=\"noopener\">Puerto Alc\u00f9dia<\/a> und Cala San Vicente. Da der Gemeindebezirk Alc\u00f9dia schon vor vielen Jahren die Mindestgrundst\u00fccksgr\u00f6\u00dfe f\u00fcr Neubau-Fincas sehr hoch angesetzt hat, liegen die Landh\u00e4user der Region sehr vereinzelt und bieten viel Privatsph\u00e4re.<\/p>\n<p>Das durchschnittliche Preisniveau in der Region Nord liegt mit 3.897 \u20ac\/m\u00b2 noch deutlich unter dem Inseldurchschnitt in H\u00f6he von 5.309 \u20ac\/m\u00b2, wie das Center for Real Estate Studies in seiner j\u00e4hrlichen <a href=\"https:\/\/www.porta-mallorquina.de\/blog\/marktstudie-immobilien-mallorca-2022\/\" target=\"_blank\" rel=\"noopener\">Markstudie<\/a> im Auftrag von Porta Mallorquina Real Estate ermittelte.<\/p>\n<blockquote><p>\u201eAuch in Toplagen finden Sie bei uns attraktive Angebote f\u00fcr unter 5.000 \u20ac\/m\u00b2\u201c, berichtet Stephan Hoffmann.<\/p><\/blockquote>\n<div id=\"attachment_5831\" class=\"wp-caption aligncenter\" style=\"width: 600px\"><img loading=\"lazy\" decoding=\"async\" class=\"wp-image-5831\" title=\"Traditionelle Natursteinfinca bei Santa Margalida mit liebevoll angelegtem Garten und Pool\" src=\"https:\/\/www.porta-mallorquina.de\/blog\/mallorca\/117973.jpg\" alt=\"Traditionelle Natursteinfinca bei Santa Margalida mit liebevoll angelegtem Garten und Pool\" width=\"600\" height=\"401\" srcset=\"https:\/\/www.porta-mallorquina.de\/blog\/mallorca\/117973.jpg 1600w, https:\/\/www.porta-mallorquina.de\/blog\/mallorca\/117973-768x513.jpg 768w, https:\/\/www.porta-mallorquina.de\/blog\/mallorca\/117973-1536x1025.jpg 1536w\" sizes=\"auto, (max-width: 600px) 100vw, 600px\" \/><p class=\"wp-caption-text\">Traditionelle Natursteinfinca bei Santa Margalida mit liebevoll angelegtem Garten und Pool<\/p><\/div>\n<p>Das Preisniveau hat nach Meinung des Marktexperten noch deutliches Wertsteigerungspotenzial. Wer g\u00fcnstig einsteigen m\u00f6chte, dem empfiehlt Hoffmann, sich in <a href=\"https:\/\/www.porta-mallorquina.de\/immobilien\/suche\/?kaufart=kaufen&amp;region=&amp;ort=son-serra-de-marina&amp;objektart=&amp;preis=0&amp;schlafzimmer=0&amp;badezimmer=0&amp;wohnflaeche=0&amp;grundstueck=0&amp;ausstattung=&amp;s=kaufen+++son-serra-de-marina++++++\" target=\"_blank\" rel=\"noopener\">Son Serra de Marina<\/a> umzusehen, das preislich noch deutlich unter dem Niveau im benachbarten C\u2019an Picafort liegt.<\/p>\n<h2>Bezahlbarer Luxus<\/h2>\n<p>Das Immobilienangebot in der Region ist relativ breit gef\u00e4chert, laut <a href=\"https:\/\/www.porta-mallorquina.de\/blog\/marktstudie-immobilien-mallorca-2022\/\" target=\"_blank\" rel=\"noopener\">Porta Mallorquina Marktstudie<\/a> ist knapp jede dritte Immobilie gehoben bis luxuri\u00f6s ausgestattet, die Mehrheit der Angebote bewegen sich im mittleren Ausstattungsbereich. In den letzten Jahren wurde auch viel gebaut in der Region, im Schnitt liegen Neubauten im Norden bei rund 4.500 \u20ac\/m\u00b2. Damit ist Mallorca die g\u00fcnstigste K\u00fcstenregion der ganzen Insel.<\/p>\n<blockquote><p>\u201eDas Preis-Leistungsverh\u00e4ltnis hier ist ph\u00e4nomenal. Wer heute kauft, kann von attraktiver Wertsteigerung ausgehen.\u201c, fasst der Immobilienexperte Hofmann zusammen.<\/p><\/blockquote>\n<p>&nbsp;<\/p>\n<p><img loading=\"lazy\" decoding=\"async\" class=\"aligncenter wp-image-5827\" src=\"https:\/\/www.porta-mallorquina.de\/blog\/mallorca\/Marktgrafik_Norden_DE.jpg\" alt=\"Marktstudie Mallorca Norden 2022\" width=\"600\" height=\"494\" srcset=\"https:\/\/www.porta-mallorquina.de\/blog\/mallorca\/Marktgrafik_Norden_DE.jpg 2109w, https:\/\/www.porta-mallorquina.de\/blog\/mallorca\/Marktgrafik_Norden_DE-768x632.jpg 768w, https:\/\/www.porta-mallorquina.de\/blog\/mallorca\/Marktgrafik_Norden_DE-1536x1264.jpg 1536w, https:\/\/www.porta-mallorquina.de\/blog\/mallorca\/Marktgrafik_Norden_DE-2048x1685.jpg 2048w\" sizes=\"auto, (max-width: 600px) 100vw, 600px\" \/><\/p>\n<p>Neben attraktiven Einstiegspreisen ist der Norden auch offen f\u00fcr <a href=\"https:\/\/www.portaholiday.de\/\" target=\"_blank\" rel=\"noopener\">Ferienvermietung<\/a>. Viele Immobilienangebote bei Porta Mallorquina verf\u00fcgen bereits \u00fcber eine <a href=\"https:\/\/www.porta-mallorquina.de\/immobilien\/suche\/?kaufart=kaufen&amp;region=&amp;ort=&amp;objektart=&amp;preis=0&amp;schlafzimmer=0&amp;badezimmer=0&amp;wohnflaeche=0&amp;grundstueck=0&amp;ausstattung=ferienvermietungslizenz&amp;s=kaufen+++++++++ferienvermietungslizenz\" target=\"_blank\" rel=\"noopener\">Lizenz<\/a>. So kann man die Ferienwohnung oder Finca <a href=\"https:\/\/www.portaholiday.de\/ferienvermietung.html\" target=\"_blank\" rel=\"noopener\">lukrativ vermieten<\/a>, anstelle sie leer stehen zu lassen. Vor allem im Raum Pollensa ist private Ferienvermietung sehr beliebt, hier sind 9.000 private Betten registriert und bescheren ihren Eigent\u00fcmern attraktive Einnahmen aus ihren Wohnungen und H\u00e4usern.<\/p>\n<p>Stephan Hoffmann, privat ein passionierter Langstreckenl\u00e4ufer, liebt den Freizeitwert der Region, sein Lieblingsstrand ist der komplett naturbelassene Strand von <a href=\"https:\/\/www.portaholiday.de\/straende\/mallorca\/son-serra-de-marina-273.html\" target=\"_blank\" rel=\"noopener\">Son Real<\/a>.<\/p>\n<p>Auch wenn der Norden nicht als Promi-Hotspot bekannt ist, haben doch einige bekannte Pers\u00f6nlichkeiten die Region l\u00e4ngst f\u00fcr sich entdeckt. Die bekannteste Finca im Norden ist die von Peter Maffay, der hier auch mit seiner Tabaluga-Stiftung Feriencamps f\u00fcr sozialschwache Kinder veranstaltet. Willi Bogner kaufte eine gro\u00dfe Finca mit eigenem Gest\u00fct in Son Serra de Marina, der ehemalige Fernseh-Moderator Frank Elstner lebt hier und Alcudia ist der Feriensitz der Familie Mohn, Gr\u00fcnder des Bertelsmann-Verlages.<\/p>\n","protected":false},"excerpt":{"rendered":"<p>Feinsandig, breit und flach in das t\u00fcrkisblaue Meer abfallend \u2013 im Norden Mallorcas liegen die sch\u00f6nsten Str\u00e4nde der Insel. Auf rund vierzig Kilometer L\u00e4nge \u00f6ffnet sich die Bucht von Alcudia zum Meer, westlich davon schlie\u00dft sich mit rund zehn Kilometer L\u00e4nge die Bucht von Pollensa an.<\/p>\n","protected":false},"author":9,"featured_media":5825,"comment_status":"open","ping_status":"open","sticky":false,"template":"","format":"standard","meta":{"footnotes":""},"categories":[5,3,18,31],"tags":[],"class_list":["post-5824","post","type-post","status-publish","format-standard","has-post-thumbnail","hentry","category-balearen","category-mallorca","category-strande","category-wandern"],"yoast_head":"<!-- This site is optimized with the Yoast SEO plugin v27.2 - https:\/\/yoast.com\/product\/yoast-seo-wordpress\/ -->\n<title>Berge und Meer \u2013 der Norden Mallorcas hat viel zu bieten - Porta Mallorquina Blog<\/title>\n<meta name=\"robots\" content=\"index, follow, max-snippet:-1, max-image-preview:large, max-video-preview:-1\" \/>\n<link rel=\"canonical\" href=\"https:\/\/www.porta-mallorquina.de\/blog\/berge-und-meer-der-norden-mallorcas-hat-viel-zu-bieten\/\" \/>\n<meta property=\"og:locale\" content=\"de_DE\" \/>\n<meta property=\"og:type\" content=\"article\" \/>\n<meta property=\"og:title\" content=\"Berge und Meer \u2013 der Norden Mallorcas hat viel zu bieten - Porta Mallorquina Blog\" \/>\n<meta property=\"og:description\" content=\"Feinsandig, breit und flach in das t\u00fcrkisblaue Meer abfallend \u2013 im Norden Mallorcas liegen die sch\u00f6nsten Str\u00e4nde der Insel. Auf rund vierzig Kilometer L\u00e4nge \u00f6ffnet sich die Bucht von Alcudia zum Meer, westlich davon schlie\u00dft sich mit rund zehn Kilometer L\u00e4nge die Bucht von Pollensa an.\" \/>\n<meta property=\"og:url\" content=\"https:\/\/www.porta-mallorquina.de\/blog\/berge-und-meer-der-norden-mallorcas-hat-viel-zu-bieten\/\" \/>\n<meta property=\"og:site_name\" content=\"Porta Mallorquina Blog\" \/>\n<meta property=\"article:published_time\" content=\"2022-09-19T08:08:03+00:00\" \/>\n<meta property=\"article:modified_time\" content=\"2023-04-06T08:32:30+00:00\" \/>\n<meta property=\"og:image\" content=\"https:\/\/www.porta-mallorquina.de\/blog\/mallorca\/playa-de-muro-3.jpeg\" \/>\n\t<meta property=\"og:image:width\" content=\"600\" \/>\n\t<meta property=\"og:image:height\" content=\"399\" \/>\n\t<meta property=\"og:image:type\" content=\"image\/jpeg\" \/>\n<meta name=\"author\" content=\"Porta Mallorquina\" \/>\n<meta name=\"twitter:card\" content=\"summary_large_image\" \/>\n<meta name=\"twitter:label1\" content=\"Verfasst von\" \/>\n\t<meta name=\"twitter:data1\" content=\"Porta Mallorquina\" \/>\n\t<meta name=\"twitter:label2\" content=\"Gesch\u00e4tzte Lesezeit\" \/>\n\t<meta name=\"twitter:data2\" content=\"5\u00a0Minuten\" \/>\n<script type=\"application\/ld+json\" class=\"yoast-schema-graph\">{\"@context\":\"https:\/\/schema.org\",\"@graph\":[{\"@type\":\"Article\",\"@id\":\"https:\/\/www.porta-mallorquina.de\/blog\/berge-und-meer-der-norden-mallorcas-hat-viel-zu-bieten\/#article\",\"isPartOf\":{\"@id\":\"https:\/\/www.porta-mallorquina.de\/blog\/berge-und-meer-der-norden-mallorcas-hat-viel-zu-bieten\/\"},\"author\":{\"name\":\"Porta Mallorquina\",\"@id\":\"https:\/\/www.porta-mallorquina.de\/blog\/#\/schema\/person\/762f5edd41dcc87e16e9391fd25d519d\"},\"headline\":\"Berge und Meer \u2013 der Norden Mallorcas hat viel zu bieten\",\"datePublished\":\"2022-09-19T08:08:03+00:00\",\"dateModified\":\"2023-04-06T08:32:30+00:00\",\"mainEntityOfPage\":{\"@id\":\"https:\/\/www.porta-mallorquina.de\/blog\/berge-und-meer-der-norden-mallorcas-hat-viel-zu-bieten\/\"},\"wordCount\":858,\"commentCount\":0,\"publisher\":{\"@id\":\"https:\/\/www.porta-mallorquina.de\/blog\/#organization\"},\"image\":{\"@id\":\"https:\/\/www.porta-mallorquina.de\/blog\/berge-und-meer-der-norden-mallorcas-hat-viel-zu-bieten\/#primaryimage\"},\"thumbnailUrl\":\"https:\/\/www.porta-mallorquina.de\/blog\/mallorca\/playa-de-muro-3.jpeg\",\"articleSection\":[\"Balearen\",\"Mallorca\",\"Str\u00e4nde\",\"Wandern\"],\"inLanguage\":\"de\",\"potentialAction\":[{\"@type\":\"CommentAction\",\"name\":\"Comment\",\"target\":[\"https:\/\/www.porta-mallorquina.de\/blog\/berge-und-meer-der-norden-mallorcas-hat-viel-zu-bieten\/#respond\"]}]},{\"@type\":\"WebPage\",\"@id\":\"https:\/\/www.porta-mallorquina.de\/blog\/berge-und-meer-der-norden-mallorcas-hat-viel-zu-bieten\/\",\"url\":\"https:\/\/www.porta-mallorquina.de\/blog\/berge-und-meer-der-norden-mallorcas-hat-viel-zu-bieten\/\",\"name\":\"Berge und Meer \u2013 der Norden Mallorcas hat viel zu bieten - Porta Mallorquina Blog\",\"isPartOf\":{\"@id\":\"https:\/\/www.porta-mallorquina.de\/blog\/#website\"},\"primaryImageOfPage\":{\"@id\":\"https:\/\/www.porta-mallorquina.de\/blog\/berge-und-meer-der-norden-mallorcas-hat-viel-zu-bieten\/#primaryimage\"},\"image\":{\"@id\":\"https:\/\/www.porta-mallorquina.de\/blog\/berge-und-meer-der-norden-mallorcas-hat-viel-zu-bieten\/#primaryimage\"},\"thumbnailUrl\":\"https:\/\/www.porta-mallorquina.de\/blog\/mallorca\/playa-de-muro-3.jpeg\",\"datePublished\":\"2022-09-19T08:08:03+00:00\",\"dateModified\":\"2023-04-06T08:32:30+00:00\",\"breadcrumb\":{\"@id\":\"https:\/\/www.porta-mallorquina.de\/blog\/berge-und-meer-der-norden-mallorcas-hat-viel-zu-bieten\/#breadcrumb\"},\"inLanguage\":\"de\",\"potentialAction\":[{\"@type\":\"ReadAction\",\"target\":[\"https:\/\/www.porta-mallorquina.de\/blog\/berge-und-meer-der-norden-mallorcas-hat-viel-zu-bieten\/\"]}]},{\"@type\":\"ImageObject\",\"inLanguage\":\"de\",\"@id\":\"https:\/\/www.porta-mallorquina.de\/blog\/berge-und-meer-der-norden-mallorcas-hat-viel-zu-bieten\/#primaryimage\",\"url\":\"https:\/\/www.porta-mallorquina.de\/blog\/mallorca\/playa-de-muro-3.jpeg\",\"contentUrl\":\"https:\/\/www.porta-mallorquina.de\/blog\/mallorca\/playa-de-muro-3.jpeg\",\"width\":600,\"height\":399,\"caption\":\"Playa de Muro\"},{\"@type\":\"BreadcrumbList\",\"@id\":\"https:\/\/www.porta-mallorquina.de\/blog\/berge-und-meer-der-norden-mallorcas-hat-viel-zu-bieten\/#breadcrumb\",\"itemListElement\":[{\"@type\":\"ListItem\",\"position\":1,\"name\":\"Startseite\",\"item\":\"https:\/\/www.porta-mallorquina.de\/blog\/\"},{\"@type\":\"ListItem\",\"position\":2,\"name\":\"Berge und Meer \u2013 der Norden Mallorcas hat viel zu bieten\"}]},{\"@type\":\"WebSite\",\"@id\":\"https:\/\/www.porta-mallorquina.de\/blog\/#website\",\"url\":\"https:\/\/www.porta-mallorquina.de\/blog\/\",\"name\":\"Porta Mallorquina Blog\",\"description\":\"Mehr als Mallorca Immobilien\",\"publisher\":{\"@id\":\"https:\/\/www.porta-mallorquina.de\/blog\/#organization\"},\"potentialAction\":[{\"@type\":\"SearchAction\",\"target\":{\"@type\":\"EntryPoint\",\"urlTemplate\":\"https:\/\/www.porta-mallorquina.de\/blog\/?s={search_term_string}\"},\"query-input\":{\"@type\":\"PropertyValueSpecification\",\"valueRequired\":true,\"valueName\":\"search_term_string\"}}],\"inLanguage\":\"de\"},{\"@type\":\"Organization\",\"@id\":\"https:\/\/www.porta-mallorquina.de\/blog\/#organization\",\"name\":\"Porta Mallorquina Blog\",\"url\":\"https:\/\/www.porta-mallorquina.de\/blog\/\",\"logo\":{\"@type\":\"ImageObject\",\"inLanguage\":\"de\",\"@id\":\"https:\/\/www.porta-mallorquina.de\/blog\/#\/schema\/logo\/image\/\",\"url\":\"https:\/\/www.porta-mallorquina.de\/blog\/mallorca\/porta-mallorquina-real-estate-mallorca-logo.png\",\"contentUrl\":\"https:\/\/www.porta-mallorquina.de\/blog\/mallorca\/porta-mallorquina-real-estate-mallorca-logo.png\",\"width\":570,\"height\":400,\"caption\":\"Porta Mallorquina Blog\"},\"image\":{\"@id\":\"https:\/\/www.porta-mallorquina.de\/blog\/#\/schema\/logo\/image\/\"}},{\"@type\":\"Person\",\"@id\":\"https:\/\/www.porta-mallorquina.de\/blog\/#\/schema\/person\/762f5edd41dcc87e16e9391fd25d519d\",\"name\":\"Porta Mallorquina\",\"url\":\"https:\/\/www.porta-mallorquina.de\/blog\/author\/lnmt53naz\/\"}]}<\/script>\n<!-- \/ Yoast SEO plugin. -->","yoast_head_json":{"title":"Berge und Meer \u2013 der Norden Mallorcas hat viel zu bieten - Porta Mallorquina Blog","robots":{"index":"index","follow":"follow","max-snippet":"max-snippet:-1","max-image-preview":"max-image-preview:large","max-video-preview":"max-video-preview:-1"},"canonical":"https:\/\/www.porta-mallorquina.de\/blog\/berge-und-meer-der-norden-mallorcas-hat-viel-zu-bieten\/","og_locale":"de_DE","og_type":"article","og_title":"Berge und Meer \u2013 der Norden Mallorcas hat viel zu bieten - Porta Mallorquina Blog","og_description":"Feinsandig, breit und flach in das t\u00fcrkisblaue Meer abfallend \u2013 im Norden Mallorcas liegen die sch\u00f6nsten Str\u00e4nde der Insel. Auf rund vierzig Kilometer L\u00e4nge \u00f6ffnet sich die Bucht von Alcudia zum Meer, westlich davon schlie\u00dft sich mit rund zehn Kilometer L\u00e4nge die Bucht von Pollensa an.","og_url":"https:\/\/www.porta-mallorquina.de\/blog\/berge-und-meer-der-norden-mallorcas-hat-viel-zu-bieten\/","og_site_name":"Porta Mallorquina Blog","article_published_time":"2022-09-19T08:08:03+00:00","article_modified_time":"2023-04-06T08:32:30+00:00","og_image":[{"width":600,"height":399,"url":"https:\/\/www.porta-mallorquina.de\/blog\/mallorca\/playa-de-muro-3.jpeg","type":"image\/jpeg"}],"author":"Porta Mallorquina","twitter_card":"summary_large_image","twitter_misc":{"Verfasst von":"Porta Mallorquina","Gesch\u00e4tzte Lesezeit":"5\u00a0Minuten"},"schema":{"@context":"https:\/\/schema.org","@graph":[{"@type":"Article","@id":"https:\/\/www.porta-mallorquina.de\/blog\/berge-und-meer-der-norden-mallorcas-hat-viel-zu-bieten\/#article","isPartOf":{"@id":"https:\/\/www.porta-mallorquina.de\/blog\/berge-und-meer-der-norden-mallorcas-hat-viel-zu-bieten\/"},"author":{"name":"Porta Mallorquina","@id":"https:\/\/www.porta-mallorquina.de\/blog\/#\/schema\/person\/762f5edd41dcc87e16e9391fd25d519d"},"headline":"Berge und Meer \u2013 der Norden Mallorcas hat viel zu bieten","datePublished":"2022-09-19T08:08:03+00:00","dateModified":"2023-04-06T08:32:30+00:00","mainEntityOfPage":{"@id":"https:\/\/www.porta-mallorquina.de\/blog\/berge-und-meer-der-norden-mallorcas-hat-viel-zu-bieten\/"},"wordCount":858,"commentCount":0,"publisher":{"@id":"https:\/\/www.porta-mallorquina.de\/blog\/#organization"},"image":{"@id":"https:\/\/www.porta-mallorquina.de\/blog\/berge-und-meer-der-norden-mallorcas-hat-viel-zu-bieten\/#primaryimage"},"thumbnailUrl":"https:\/\/www.porta-mallorquina.de\/blog\/mallorca\/playa-de-muro-3.jpeg","articleSection":["Balearen","Mallorca","Str\u00e4nde","Wandern"],"inLanguage":"de","potentialAction":[{"@type":"CommentAction","name":"Comment","target":["https:\/\/www.porta-mallorquina.de\/blog\/berge-und-meer-der-norden-mallorcas-hat-viel-zu-bieten\/#respond"]}]},{"@type":"WebPage","@id":"https:\/\/www.porta-mallorquina.de\/blog\/berge-und-meer-der-norden-mallorcas-hat-viel-zu-bieten\/","url":"https:\/\/www.porta-mallorquina.de\/blog\/berge-und-meer-der-norden-mallorcas-hat-viel-zu-bieten\/","name":"Berge und Meer \u2013 der Norden Mallorcas hat viel zu bieten - Porta Mallorquina Blog","isPartOf":{"@id":"https:\/\/www.porta-mallorquina.de\/blog\/#website"},"primaryImageOfPage":{"@id":"https:\/\/www.porta-mallorquina.de\/blog\/berge-und-meer-der-norden-mallorcas-hat-viel-zu-bieten\/#primaryimage"},"image":{"@id":"https:\/\/www.porta-mallorquina.de\/blog\/berge-und-meer-der-norden-mallorcas-hat-viel-zu-bieten\/#primaryimage"},"thumbnailUrl":"https:\/\/www.porta-mallorquina.de\/blog\/mallorca\/playa-de-muro-3.jpeg","datePublished":"2022-09-19T08:08:03+00:00","dateModified":"2023-04-06T08:32:30+00:00","breadcrumb":{"@id":"https:\/\/www.porta-mallorquina.de\/blog\/berge-und-meer-der-norden-mallorcas-hat-viel-zu-bieten\/#breadcrumb"},"inLanguage":"de","potentialAction":[{"@type":"ReadAction","target":["https:\/\/www.porta-mallorquina.de\/blog\/berge-und-meer-der-norden-mallorcas-hat-viel-zu-bieten\/"]}]},{"@type":"ImageObject","inLanguage":"de","@id":"https:\/\/www.porta-mallorquina.de\/blog\/berge-und-meer-der-norden-mallorcas-hat-viel-zu-bieten\/#primaryimage","url":"https:\/\/www.porta-mallorquina.de\/blog\/mallorca\/playa-de-muro-3.jpeg","contentUrl":"https:\/\/www.porta-mallorquina.de\/blog\/mallorca\/playa-de-muro-3.jpeg","width":600,"height":399,"caption":"Playa de Muro"},{"@type":"BreadcrumbList","@id":"https:\/\/www.porta-mallorquina.de\/blog\/berge-und-meer-der-norden-mallorcas-hat-viel-zu-bieten\/#breadcrumb","itemListElement":[{"@type":"ListItem","position":1,"name":"Startseite","item":"https:\/\/www.porta-mallorquina.de\/blog\/"},{"@type":"ListItem","position":2,"name":"Berge und Meer \u2013 der Norden Mallorcas hat viel zu bieten"}]},{"@type":"WebSite","@id":"https:\/\/www.porta-mallorquina.de\/blog\/#website","url":"https:\/\/www.porta-mallorquina.de\/blog\/","name":"Porta Mallorquina Blog","description":"Mehr als Mallorca Immobilien","publisher":{"@id":"https:\/\/www.porta-mallorquina.de\/blog\/#organization"},"potentialAction":[{"@type":"SearchAction","target":{"@type":"EntryPoint","urlTemplate":"https:\/\/www.porta-mallorquina.de\/blog\/?s={search_term_string}"},"query-input":{"@type":"PropertyValueSpecification","valueRequired":true,"valueName":"search_term_string"}}],"inLanguage":"de"},{"@type":"Organization","@id":"https:\/\/www.porta-mallorquina.de\/blog\/#organization","name":"Porta Mallorquina Blog","url":"https:\/\/www.porta-mallorquina.de\/blog\/","logo":{"@type":"ImageObject","inLanguage":"de","@id":"https:\/\/www.porta-mallorquina.de\/blog\/#\/schema\/logo\/image\/","url":"https:\/\/www.porta-mallorquina.de\/blog\/mallorca\/porta-mallorquina-real-estate-mallorca-logo.png","contentUrl":"https:\/\/www.porta-mallorquina.de\/blog\/mallorca\/porta-mallorquina-real-estate-mallorca-logo.png","width":570,"height":400,"caption":"Porta Mallorquina Blog"},"image":{"@id":"https:\/\/www.porta-mallorquina.de\/blog\/#\/schema\/logo\/image\/"}},{"@type":"Person","@id":"https:\/\/www.porta-mallorquina.de\/blog\/#\/schema\/person\/762f5edd41dcc87e16e9391fd25d519d","name":"Porta Mallorquina","url":"https:\/\/www.porta-mallorquina.de\/blog\/author\/lnmt53naz\/"}]}},"_links":{"self":[{"href":"https:\/\/www.porta-mallorquina.de\/blog\/wp-json\/wp\/v2\/posts\/5824","targetHints":{"allow":["GET"]}}],"collection":[{"href":"https:\/\/www.porta-mallorquina.de\/blog\/wp-json\/wp\/v2\/posts"}],"about":[{"href":"https:\/\/www.porta-mallorquina.de\/blog\/wp-json\/wp\/v2\/types\/post"}],"author":[{"embeddable":true,"href":"https:\/\/www.porta-mallorquina.de\/blog\/wp-json\/wp\/v2\/users\/9"}],"replies":[{"embeddable":true,"href":"https:\/\/www.porta-mallorquina.de\/blog\/wp-json\/wp\/v2\/comments?post=5824"}],"version-history":[{"count":9,"href":"https:\/\/www.porta-mallorquina.de\/blog\/wp-json\/wp\/v2\/posts\/5824\/revisions"}],"predecessor-version":[{"id":5842,"href":"https:\/\/www.porta-mallorquina.de\/blog\/wp-json\/wp\/v2\/posts\/5824\/revisions\/5842"}],"wp:featuredmedia":[{"embeddable":true,"href":"https:\/\/www.porta-mallorquina.de\/blog\/wp-json\/wp\/v2\/media\/5825"}],"wp:attachment":[{"href":"https:\/\/www.porta-mallorquina.de\/blog\/wp-json\/wp\/v2\/media?parent=5824"}],"wp:term":[{"taxonomy":"category","embeddable":true,"href":"https:\/\/www.porta-mallorquina.de\/blog\/wp-json\/wp\/v2\/categories?post=5824"},{"taxonomy":"post_tag","embeddable":true,"href":"https:\/\/www.porta-mallorquina.de\/blog\/wp-json\/wp\/v2\/tags?post=5824"}],"curies":[{"name":"wp","href":"https:\/\/api.w.org\/{rel}","templated":true}]}}