{"id":5905,"date":"2023-07-30T15:16:39","date_gmt":"2023-07-30T13:16:39","guid":{"rendered":"https:\/\/www.porta-mallorquina.de\/blog\/?p=5905"},"modified":"2023-07-31T13:41:24","modified_gmt":"2023-07-31T11:41:24","slug":"das-steuerrad-in-spanien-dreht-sich","status":"publish","type":"post","link":"https:\/\/www.porta-mallorquina.de\/blog\/das-steuerrad-in-spanien-dreht-sich\/","title":{"rendered":"Das Steuerrad in Spanien dreht sich"},"content":{"rendered":"<p><em>Das Wichtigste rund um Steuerneuerungen 2023 f\u00fcr Besitzer von <a href=\"https:\/\/www.porta-mallorquina.de\">Immobilien auf Mallorca<\/a> und solche, die es werden wollen. Bereits Anfang des Jahres wurden einige Neuerungen eingef\u00fchrt. Der Regierungswechsel auf den Balearen im Juni 2023 verspricht nun Steuererleichterungen und neue M\u00f6glichkeiten f\u00fcr Immobilienk\u00e4ufer sowie <a href=\"https:\/\/www.porta-mallorquina.de\/blog\/ferienvermietung-auf-mallorca-so-vermieten-sie-legal\/\" target=\"_blank\" rel=\"noopener\">Ferienvermieter<\/a>. Die konservative Volkspartei (PP) wird in einer Minderheitsregierung agieren und somit auf die Unterst\u00fctzung der Rechtspopulisten von Vox angewiesen sein.\u00a0<\/em><\/p>\n<h2>Neuer Regierungspakt auf den Balearen: Auswirkungen auf Immobilienk\u00e4ufer und -eigent\u00fcmer<\/h2>\n<p>Unter der Balearen-Pr\u00e4sidentin Marga Prohens haben die Parteien ein Regierungsprogramm vereinbart, das auf zahlreiche Steuererleichterungen abzielt. Im Bereich der Immobilienk\u00e4ufe sieht das Papier einige \u00c4nderungen vor:<\/p>\n<p>Personen unter 30 Jahren sowie Behinderte werden zuk\u00fcnftig von der <strong>Grunderwerbsteuer<\/strong> <strong>befreit<\/strong> sein, wenn sie ihren ersten Wohnsitz erwerben. Diese Regelung gilt f\u00fcr Immobilien bis zu einem Wert von 270.000 Euro (bzw. maximal 350.000 Euro in Zonen mit einem angespannten Wohnungsmarkt). Zus\u00e4tzlich wird die Steuer f\u00fcr den Erwerb des Hauptwohnsitzes um 50 Prozent reduziert, wenn der K\u00e4ufer unter 35 Jahre alt ist oder eine kinderreiche Familie hat.<\/p>\n<p>Die neue Balearen-Regierung beabsichtigt,<strong> hart gegen Hausbesetzungen vorzugehen<\/strong>, obwohl sie in diesem Bereich nur begrenzte Zust\u00e4ndigkeiten hat.<\/p>\n<p>Die <strong>Einkommensteuer f\u00fcr Residenten (IRPF) soll gesenkt werden<\/strong>. Davon profitieren insbesondere Steuerpflichtige mit niedrigen und mittleren Einkommen sowie Vermieter, die ihre Immobilien in Langzeitvermietung haben. Zu beachten ist dabei, dass die autonome Region nur \u00fcber die H\u00e4lfte der IRPF entscheiden kann, da die andere H\u00e4lfte in den Zust\u00e4ndigkeitsbereich der Zentralregierung f\u00e4llt.<\/p>\n<p>Bei der Erbschaft- und Schenkungsteuer haben die spanischen Regionen hingegen weit reichende Kompetenzen. Die Insel-Regierung plant die <strong>vollst\u00e4ndige Abschaffung der Steuern f\u00fcr Erbschaften und Schenkungen<\/strong> zwischen n\u00e4chsten Angeh\u00f6rigen sowie Ehepartnern. Dar\u00fcber hinaus ist eine 50-prozentige Senkung f\u00fcr Erbschaften und Schenkungen zwischen Geschwistern sowie Onkeln\/Tanten und Neffen\/Nichten vorgesehen. Dieser radikale Steuerschnitt soll dem Pakt zufolge bereits in den ersten 100 Tagen der Amtszeit umgesetzt werden, d.h. bis sp\u00e4testens Mitte Oktober.<\/p>\n<p>Des Weiteren beabsichtigen PP und Vox eine <strong>schrittweise Reduzierung der Verm\u00f6gensteuer<\/strong> und bestenfalls deren vollst\u00e4ndige Abschaffung w\u00e4hrend ihrer Amtszeit. Die Umsetzung h\u00e4ngt jedoch von der Abschaffung der zentralstaatlichen &#8222;Reichensteuer&#8220; ab, die von Madrid Ende 2022 eingef\u00fchrt wurde. Die Realisierung dieser Ma\u00dfnahme ist abh\u00e4ngig von den Ergebnissen der spanischen Parlamentswahlen im Juli und den Ma\u00dfnahmen einer hypothetischen konservativen Regierung in Madrid.<\/p>\n<p>In K\u00fcrze: Was bedeutet das Steuerpaket <strong>f\u00fcr Nichtresidenten<\/strong>?<\/p>\n<ul>\n<li>Einkommensteuer: F\u00fcr Nichtresidenten sind momentan keine \u00c4nderungen zu erwarten, da die Einkommensteuer vollst\u00e4ndig in den Zust\u00e4ndigkeitsbereich des Zentralstaates f\u00e4llt.<\/li>\n<li>Verm\u00f6gensteuer: Hier will die neue Balearen-Regierung die Entwicklungen auf staatlicher Ebene abwarten.<\/li>\n<li>Erbschafts- und Schenkungsteuer: Nichtresidenten k\u00f6nnen die Regelungen jener Region w\u00e4hlen, in der sich der Gro\u00dfteil des spanischen Verm\u00f6gens befindet, daher k\u00f6nnen sie von den Steuervorteilen ohne Einschr\u00e4nkungen profitieren. Ob das unter dem Strich g\u00fcnstiger kommt, h\u00e4ngt allerdings von der Besteuerung im Wohnsitzstaat ab.<\/li>\n<\/ul>\n<h2>Einmal wie David Beckham sein \u2013 zumindest steuerlich<\/h2>\n<p>Wer eine \u201eAuswanderung auf Zeit\u201c nach Mallorca plant, um seine Immobilie richtig nutzen zu k\u00f6nnen, f\u00fcr den stehen die Steuerzeichen ab diesem Jahr besonders gut: Denn die Sonderregelung f\u00fcr Arbeitnehmer, die f\u00fcr einen l\u00e4ngeren Zeitraum nach Spanien ziehen, \u2013 im Volksmund \u201eLex Beckham\u201c genannt \u2013 wurde reformiert und bietet nun g\u00fcnstigere Bedingungen und einen breiteren Anwendungsrahmen als bisher.<\/p>\n<p>Was bedeutet das konkret? Ein Resident, der \u201eLex Beckham\u201c anwendet, kann u.a. Verm\u00f6gensteuer sparen, weil unter dem Sonderregimes trotz Ans\u00e4ssigkeit nur das spanische Verm\u00f6gen veranlagt werden muss. Nicht besteuert werden zudem Eink\u00fcnfte, die nicht aus spanischer Quelle stammen. Doch keine Regel ohne Ausnahme: Eink\u00fcnfte aus nichtselbst\u00e4ndiger Arbeit werden bis zu einem Betrag von 600.000 Euro mit einem festen Steuersatz von 24 Prozent belegt, alles, was dar\u00fcber hinausgeht mit 47 Prozent. Zudem erweiterte der Gesetzgeber den Personenkreis, f\u00fcr den die Regelung angewendet werden kann.<\/p>\n<h2>Steuerlast beim Kauf von Luxusimmobilien auf Mallorca etwas gestiegen<\/h2>\n<p>Der <a href=\"https:\/\/www.porta-mallorquina.de\/immobilien\/luxusimmobilien\/\"><strong>Kauf von Luxusimmobilien auf Mallorca<\/strong><\/a> ist per 2023 aus steuerlicher Sicht leicht teurer geworden. So hat die Balearen-Regierung die Grunderwerbsteuer f\u00fcr Gebrauchtimmobilien (Impuesto sobre Transmisiones Patrimoniales, ITP) mit einem Wert von \u00fcber einer Million Euro von 11,5 auf 12 Prozent angehoben. Zudem wurde ein neuer Spitzensteuersatz von 13 Prozent f\u00fcr <a href=\"https:\/\/www.porta-mallorquina.de\/immobilien\/haeuser\/\">H\u00e4user<\/a> und <a href=\"https:\/\/www.porta-mallorquina.de\/immobilien\/wohnungen\/\">Wohnungen auf Mallorca<\/a> eingef\u00fchrt, die mehr als zwei Millionen Euro kosten.<\/p>\n<h4>Eine Beispielrechnung<\/h4>\n<p>2022 betrug die Grunderwerbsteuer f\u00fcr eine Immobilie im Wert von f\u00fcnf Millionen Euro 550.000 Euro. Mit dem Jahreswechsel zu 2023 ist die Steuerlast\u00a0 um 50.000 Euro auf insgesamt 600.000 Euro angestiegen.<\/p>\n<p>Ebenfalls erh\u00f6ht wurde die Steuer auf <strong>beurkundete Rechtsakte<\/strong> (Impuesto sobre Actos Juridicos Documentados &#8211; AJD). Die so genannte \u201e<strong>Stempelsteuer<\/strong>\u201c f\u00e4llt u.a. an, wenn bei einem Notar die <strong>Kaufurkunde f\u00fcr eine Immobilie<\/strong> unterzeichnet wird. Im Normalfall betr\u00e4gt sie 1,5 Prozent des Kaufpreises. Beim Verkauf von Immobilien, die \u00fcber eine Million Euro wert sind, betr\u00e4gt die Steuer nun zwei Prozent.<\/p>\n<div id=\"attachment_5907\" class=\"wp-caption aligncenter\" style=\"width: 600px\"><img loading=\"lazy\" decoding=\"async\" class=\"wp-image-5907\" title=\"Luxus Neubauvilla in erster Meereslinie neben dem Yachthafen von Port Adriano\" src=\"https:\/\/www.porta-mallorquina.de\/blog\/mallorca\/118843-2-scaled.jpg\" alt=\"Luxus Neubauvilla in erster Meereslinie neben dem Yachthafen von Port Adriano\" width=\"600\" height=\"401\" srcset=\"https:\/\/www.porta-mallorquina.de\/blog\/mallorca\/118843-2-scaled.jpg 2560w, https:\/\/www.porta-mallorquina.de\/blog\/mallorca\/118843-2-768x513.jpg 768w, https:\/\/www.porta-mallorquina.de\/blog\/mallorca\/118843-2-1536x1025.jpg 1536w, https:\/\/www.porta-mallorquina.de\/blog\/mallorca\/118843-2-2048x1367.jpg 2048w\" sizes=\"auto, (max-width: 600px) 100vw, 600px\" \/><p class=\"wp-caption-text\">Luxus Neubauvilla in erster Meereslinie neben dem Yachthafen von Port Adriano<\/p><\/div>\n<h2>Eine Steuererkl\u00e4rung weniger f\u00fcr Ferienvermieter<\/h2>\n<p>Eine \u00dcberarbeitung des spanischen Umsatzsteuergesetzes hat den Verwaltungsaufwand f\u00fcr Vermieter von Ferienimmobilien reduziert. Bisher haben viele ausl\u00e4ndische Vermittlungsfirmen Nichtresidenten Immobilieneigent\u00fcmern die Rechnungen f\u00fcr ihre Vermittlungsleistungen mit Umkehr der Umsatzsteuerschuld (Reverse Charge) ausgestellt. Der Rechnungsempf\u00e4nger \u2013 also der Vermieter der Ferien-Finca \u2013 musste bisher deshalb die anfallende Umsatzsteuer mit einer eigenen Erkl\u00e4rung an das spanische Finanzamt abf\u00fchren. Das ist nun vorbei.<\/p>\n<p>Zwar muss nach wie vor die Umsatzsteuer im Spanien erbracht werden, da sich die Immobilie hier befindet. Jedoch wird der Leistungserbringer (Vermittler) in die Pflicht genommen, sich in Spanien zu registrieren, um die Umsatzsteuer abzuf\u00fchren. Rechnungen seiner Vermittlungsleistungen m\u00fcssen daher zuk\u00fcnftig mit der spanischen IVA (Impuesto sobre el Valor A\u00f1adido) von 21 Prozent gestellt werden.<\/p>\n<h2>Reform des Verm\u00f6gensteuergesetzes<\/h2>\n<p>Kurz vor Ende 2022 verabschiedete die spanische Zentralregierung die neue \u201eReichensteuer\u201c sowie die Reform der bestehenden Verm\u00f6gensteuer. Beide Neuerungen sind bereits f\u00fcr das Steuerjahr 2022 in Kraft getreten. F\u00fcr Nichtresidenten mit Wohnsitz in Deutschland und Immobilien auf Mallorca bedeutet die Verm\u00f6gensteuerreform, dass indirekt \u2013 also \u00fcber Gesellschaften \u2013 gehaltene Immobilien in Spanien besteuert werden k\u00f6nnen.<\/p>\n<p>Die so genannte \u201eReichensteuer\u201c (offiziell: Impuesto Temporal de Solidaridad de las Grandes Fortunas \u2013 Tempor\u00e4re Solidarit\u00e4tssteuer gro\u00dfer Verm\u00f6gen) greift nur in jenen Regionen, welche die Verm\u00f6gensteuer entweder abgeschafft oder erheblich reduziert haben (dazu z\u00e4hlen Madrid, Andalusien und Galicien). In den meisten anderen Regionen f\u00fchrt diese Steuer erst ab erheblichem Verm\u00f6gen zu einer Mehrbelastung. So muss ein Resident der Balearen ab einem Nettoverm\u00f6gen von 209 Millionen Euro neben der normalen Verm\u00f6gensteuer auch die Reichensteuer entrichten, die zun\u00e4chst f\u00fcr zwei Jahre eingef\u00fchrt wurde.<\/p>\n<p><em>Dieser Beitrag wurde im Januar 2023 von der Steuerberatungs- und Rechtsanwaltskanzlei <a href=\"https:\/\/link.plattes.net\/KontaktPM\" target=\"_blank\" rel=\"noopener\">PlattesGroup<\/a> mit Sitz in Palma verfasst und im Juli 2023 upgedatet. <\/em><em>Porta Mallorquina ist nicht verantwortlich f\u00fcr die Richtigkeit der Informationen. F\u00fcr eine individuelle Auskunft, kontaktieren Sie gerne direkt die <a href=\"https:\/\/link.plattes.net\/KontaktPM\" target=\"_blank\" rel=\"noopener\">PlattesGroup<\/a>.\u00a0<\/em><\/p>\n","protected":false},"excerpt":{"rendered":"<p>Das Wichtigste rund um Steuerneuerungen 2023 f\u00fcr Besitzer von Immobilien auf Mallorca und solche, die es werden wollen. Bereits Anfang des Jahres wurden einige Neuerungen eingef\u00fchrt. Der Regierungswechsel auf den Balearen im Juni 2023 verspricht nun Steuererleichterungen und neue M\u00f6glichkeiten f\u00fcr Immobilienk\u00e4ufer sowie Ferienvermieter. Die konservative Volkspartei (PP) wird in einer Minderheitsregierung agieren und somit [&hellip;]<\/p>\n","protected":false},"author":11,"featured_media":5907,"comment_status":"open","ping_status":"open","sticky":false,"template":"","format":"standard","meta":{"footnotes":""},"categories":[3,43],"tags":[],"class_list":["post-5905","post","type-post","status-publish","format-standard","has-post-thumbnail","hentry","category-mallorca","category-steuern"],"yoast_head":"<!-- This site is optimized with the Yoast SEO plugin v27.2 - https:\/\/yoast.com\/product\/yoast-seo-wordpress\/ -->\n<title>Das Steuerrad in Spanien dreht sich - Porta Mallorquina Blog<\/title>\n<meta name=\"description\" content=\"Das Wichtigste rund um Steuerneuerungen 2023 f\u00fcr Immobilien-Besitzer auf Mallorca und solche, die es werden wollen.\" \/>\n<meta name=\"robots\" content=\"index, follow, max-snippet:-1, max-image-preview:large, max-video-preview:-1\" \/>\n<link rel=\"canonical\" href=\"https:\/\/www.porta-mallorquina.de\/blog\/das-steuerrad-in-spanien-dreht-sich\/\" \/>\n<meta property=\"og:locale\" content=\"de_DE\" \/>\n<meta property=\"og:type\" content=\"article\" \/>\n<meta property=\"og:title\" content=\"Das Steuerrad in Spanien dreht sich - Porta Mallorquina Blog\" \/>\n<meta property=\"og:description\" content=\"Das Wichtigste rund um Steuerneuerungen 2023 f\u00fcr Immobilien-Besitzer auf Mallorca und solche, die es werden wollen.\" \/>\n<meta property=\"og:url\" content=\"https:\/\/www.porta-mallorquina.de\/blog\/das-steuerrad-in-spanien-dreht-sich\/\" \/>\n<meta property=\"og:site_name\" content=\"Porta Mallorquina Blog\" \/>\n<meta property=\"article:published_time\" content=\"2023-07-30T13:16:39+00:00\" \/>\n<meta property=\"article:modified_time\" content=\"2023-07-31T11:41:24+00:00\" \/>\n<meta property=\"og:image\" content=\"https:\/\/www.porta-mallorquina.de\/blog\/mallorca\/118843-2-scaled.jpg\" \/>\n\t<meta property=\"og:image:width\" content=\"2560\" \/>\n\t<meta property=\"og:image:height\" content=\"1709\" \/>\n\t<meta property=\"og:image:type\" content=\"image\/jpeg\" \/>\n<meta name=\"author\" content=\"Porta Mallorquina\" \/>\n<meta name=\"twitter:card\" content=\"summary_large_image\" \/>\n<meta name=\"twitter:label1\" content=\"Verfasst von\" \/>\n\t<meta name=\"twitter:data1\" content=\"Porta Mallorquina\" \/>\n\t<meta name=\"twitter:label2\" content=\"Gesch\u00e4tzte Lesezeit\" \/>\n\t<meta name=\"twitter:data2\" content=\"7\u00a0Minuten\" \/>\n<script type=\"application\/ld+json\" class=\"yoast-schema-graph\">{\"@context\":\"https:\/\/schema.org\",\"@graph\":[{\"@type\":\"Article\",\"@id\":\"https:\/\/www.porta-mallorquina.de\/blog\/das-steuerrad-in-spanien-dreht-sich\/#article\",\"isPartOf\":{\"@id\":\"https:\/\/www.porta-mallorquina.de\/blog\/das-steuerrad-in-spanien-dreht-sich\/\"},\"author\":{\"name\":\"Porta Mallorquina\",\"@id\":\"https:\/\/www.porta-mallorquina.de\/blog\/#\/schema\/person\/1b146226cf8eccf9d7d382a5d9519bed\"},\"headline\":\"Das Steuerrad in Spanien dreht sich\",\"datePublished\":\"2023-07-30T13:16:39+00:00\",\"dateModified\":\"2023-07-31T11:41:24+00:00\",\"mainEntityOfPage\":{\"@id\":\"https:\/\/www.porta-mallorquina.de\/blog\/das-steuerrad-in-spanien-dreht-sich\/\"},\"wordCount\":1163,\"commentCount\":0,\"publisher\":{\"@id\":\"https:\/\/www.porta-mallorquina.de\/blog\/#organization\"},\"image\":{\"@id\":\"https:\/\/www.porta-mallorquina.de\/blog\/das-steuerrad-in-spanien-dreht-sich\/#primaryimage\"},\"thumbnailUrl\":\"https:\/\/www.porta-mallorquina.de\/blog\/mallorca\/118843-2-scaled.jpg\",\"articleSection\":[\"Mallorca\",\"Steuern\"],\"inLanguage\":\"de\",\"potentialAction\":[{\"@type\":\"CommentAction\",\"name\":\"Comment\",\"target\":[\"https:\/\/www.porta-mallorquina.de\/blog\/das-steuerrad-in-spanien-dreht-sich\/#respond\"]}]},{\"@type\":\"WebPage\",\"@id\":\"https:\/\/www.porta-mallorquina.de\/blog\/das-steuerrad-in-spanien-dreht-sich\/\",\"url\":\"https:\/\/www.porta-mallorquina.de\/blog\/das-steuerrad-in-spanien-dreht-sich\/\",\"name\":\"Das Steuerrad in Spanien dreht sich - Porta Mallorquina Blog\",\"isPartOf\":{\"@id\":\"https:\/\/www.porta-mallorquina.de\/blog\/#website\"},\"primaryImageOfPage\":{\"@id\":\"https:\/\/www.porta-mallorquina.de\/blog\/das-steuerrad-in-spanien-dreht-sich\/#primaryimage\"},\"image\":{\"@id\":\"https:\/\/www.porta-mallorquina.de\/blog\/das-steuerrad-in-spanien-dreht-sich\/#primaryimage\"},\"thumbnailUrl\":\"https:\/\/www.porta-mallorquina.de\/blog\/mallorca\/118843-2-scaled.jpg\",\"datePublished\":\"2023-07-30T13:16:39+00:00\",\"dateModified\":\"2023-07-31T11:41:24+00:00\",\"description\":\"Das Wichtigste rund um Steuerneuerungen 2023 f\u00fcr Immobilien-Besitzer auf Mallorca und solche, die es werden wollen.\",\"breadcrumb\":{\"@id\":\"https:\/\/www.porta-mallorquina.de\/blog\/das-steuerrad-in-spanien-dreht-sich\/#breadcrumb\"},\"inLanguage\":\"de\",\"potentialAction\":[{\"@type\":\"ReadAction\",\"target\":[\"https:\/\/www.porta-mallorquina.de\/blog\/das-steuerrad-in-spanien-dreht-sich\/\"]}]},{\"@type\":\"ImageObject\",\"inLanguage\":\"de\",\"@id\":\"https:\/\/www.porta-mallorquina.de\/blog\/das-steuerrad-in-spanien-dreht-sich\/#primaryimage\",\"url\":\"https:\/\/www.porta-mallorquina.de\/blog\/mallorca\/118843-2-scaled.jpg\",\"contentUrl\":\"https:\/\/www.porta-mallorquina.de\/blog\/mallorca\/118843-2-scaled.jpg\",\"width\":2560,\"height\":1709},{\"@type\":\"BreadcrumbList\",\"@id\":\"https:\/\/www.porta-mallorquina.de\/blog\/das-steuerrad-in-spanien-dreht-sich\/#breadcrumb\",\"itemListElement\":[{\"@type\":\"ListItem\",\"position\":1,\"name\":\"Startseite\",\"item\":\"https:\/\/www.porta-mallorquina.de\/blog\/\"},{\"@type\":\"ListItem\",\"position\":2,\"name\":\"Das Steuerrad in Spanien dreht sich\"}]},{\"@type\":\"WebSite\",\"@id\":\"https:\/\/www.porta-mallorquina.de\/blog\/#website\",\"url\":\"https:\/\/www.porta-mallorquina.de\/blog\/\",\"name\":\"Porta Mallorquina Blog\",\"description\":\"Mehr als Mallorca Immobilien\",\"publisher\":{\"@id\":\"https:\/\/www.porta-mallorquina.de\/blog\/#organization\"},\"potentialAction\":[{\"@type\":\"SearchAction\",\"target\":{\"@type\":\"EntryPoint\",\"urlTemplate\":\"https:\/\/www.porta-mallorquina.de\/blog\/?s={search_term_string}\"},\"query-input\":{\"@type\":\"PropertyValueSpecification\",\"valueRequired\":true,\"valueName\":\"search_term_string\"}}],\"inLanguage\":\"de\"},{\"@type\":\"Organization\",\"@id\":\"https:\/\/www.porta-mallorquina.de\/blog\/#organization\",\"name\":\"Porta Mallorquina Blog\",\"url\":\"https:\/\/www.porta-mallorquina.de\/blog\/\",\"logo\":{\"@type\":\"ImageObject\",\"inLanguage\":\"de\",\"@id\":\"https:\/\/www.porta-mallorquina.de\/blog\/#\/schema\/logo\/image\/\",\"url\":\"https:\/\/www.porta-mallorquina.de\/blog\/mallorca\/porta-mallorquina-real-estate-mallorca-logo.png\",\"contentUrl\":\"https:\/\/www.porta-mallorquina.de\/blog\/mallorca\/porta-mallorquina-real-estate-mallorca-logo.png\",\"width\":570,\"height\":400,\"caption\":\"Porta Mallorquina Blog\"},\"image\":{\"@id\":\"https:\/\/www.porta-mallorquina.de\/blog\/#\/schema\/logo\/image\/\"}},{\"@type\":\"Person\",\"@id\":\"https:\/\/www.porta-mallorquina.de\/blog\/#\/schema\/person\/1b146226cf8eccf9d7d382a5d9519bed\",\"name\":\"Porta Mallorquina\",\"url\":\"https:\/\/www.porta-mallorquina.de\/blog\/author\/sonja-meyne\/\"}]}<\/script>\n<!-- \/ Yoast SEO plugin. -->","yoast_head_json":{"title":"Das Steuerrad in Spanien dreht sich - Porta Mallorquina Blog","description":"Das Wichtigste rund um Steuerneuerungen 2023 f\u00fcr Immobilien-Besitzer auf Mallorca und solche, die es werden wollen.","robots":{"index":"index","follow":"follow","max-snippet":"max-snippet:-1","max-image-preview":"max-image-preview:large","max-video-preview":"max-video-preview:-1"},"canonical":"https:\/\/www.porta-mallorquina.de\/blog\/das-steuerrad-in-spanien-dreht-sich\/","og_locale":"de_DE","og_type":"article","og_title":"Das Steuerrad in Spanien dreht sich - Porta Mallorquina Blog","og_description":"Das Wichtigste rund um Steuerneuerungen 2023 f\u00fcr Immobilien-Besitzer auf Mallorca und solche, die es werden wollen.","og_url":"https:\/\/www.porta-mallorquina.de\/blog\/das-steuerrad-in-spanien-dreht-sich\/","og_site_name":"Porta Mallorquina Blog","article_published_time":"2023-07-30T13:16:39+00:00","article_modified_time":"2023-07-31T11:41:24+00:00","og_image":[{"width":2560,"height":1709,"url":"https:\/\/www.porta-mallorquina.de\/blog\/mallorca\/118843-2-scaled.jpg","type":"image\/jpeg"}],"author":"Porta Mallorquina","twitter_card":"summary_large_image","twitter_misc":{"Verfasst von":"Porta Mallorquina","Gesch\u00e4tzte Lesezeit":"7\u00a0Minuten"},"schema":{"@context":"https:\/\/schema.org","@graph":[{"@type":"Article","@id":"https:\/\/www.porta-mallorquina.de\/blog\/das-steuerrad-in-spanien-dreht-sich\/#article","isPartOf":{"@id":"https:\/\/www.porta-mallorquina.de\/blog\/das-steuerrad-in-spanien-dreht-sich\/"},"author":{"name":"Porta Mallorquina","@id":"https:\/\/www.porta-mallorquina.de\/blog\/#\/schema\/person\/1b146226cf8eccf9d7d382a5d9519bed"},"headline":"Das Steuerrad in Spanien dreht sich","datePublished":"2023-07-30T13:16:39+00:00","dateModified":"2023-07-31T11:41:24+00:00","mainEntityOfPage":{"@id":"https:\/\/www.porta-mallorquina.de\/blog\/das-steuerrad-in-spanien-dreht-sich\/"},"wordCount":1163,"commentCount":0,"publisher":{"@id":"https:\/\/www.porta-mallorquina.de\/blog\/#organization"},"image":{"@id":"https:\/\/www.porta-mallorquina.de\/blog\/das-steuerrad-in-spanien-dreht-sich\/#primaryimage"},"thumbnailUrl":"https:\/\/www.porta-mallorquina.de\/blog\/mallorca\/118843-2-scaled.jpg","articleSection":["Mallorca","Steuern"],"inLanguage":"de","potentialAction":[{"@type":"CommentAction","name":"Comment","target":["https:\/\/www.porta-mallorquina.de\/blog\/das-steuerrad-in-spanien-dreht-sich\/#respond"]}]},{"@type":"WebPage","@id":"https:\/\/www.porta-mallorquina.de\/blog\/das-steuerrad-in-spanien-dreht-sich\/","url":"https:\/\/www.porta-mallorquina.de\/blog\/das-steuerrad-in-spanien-dreht-sich\/","name":"Das Steuerrad in Spanien dreht sich - Porta Mallorquina Blog","isPartOf":{"@id":"https:\/\/www.porta-mallorquina.de\/blog\/#website"},"primaryImageOfPage":{"@id":"https:\/\/www.porta-mallorquina.de\/blog\/das-steuerrad-in-spanien-dreht-sich\/#primaryimage"},"image":{"@id":"https:\/\/www.porta-mallorquina.de\/blog\/das-steuerrad-in-spanien-dreht-sich\/#primaryimage"},"thumbnailUrl":"https:\/\/www.porta-mallorquina.de\/blog\/mallorca\/118843-2-scaled.jpg","datePublished":"2023-07-30T13:16:39+00:00","dateModified":"2023-07-31T11:41:24+00:00","description":"Das Wichtigste rund um Steuerneuerungen 2023 f\u00fcr Immobilien-Besitzer auf Mallorca und solche, die es werden wollen.","breadcrumb":{"@id":"https:\/\/www.porta-mallorquina.de\/blog\/das-steuerrad-in-spanien-dreht-sich\/#breadcrumb"},"inLanguage":"de","potentialAction":[{"@type":"ReadAction","target":["https:\/\/www.porta-mallorquina.de\/blog\/das-steuerrad-in-spanien-dreht-sich\/"]}]},{"@type":"ImageObject","inLanguage":"de","@id":"https:\/\/www.porta-mallorquina.de\/blog\/das-steuerrad-in-spanien-dreht-sich\/#primaryimage","url":"https:\/\/www.porta-mallorquina.de\/blog\/mallorca\/118843-2-scaled.jpg","contentUrl":"https:\/\/www.porta-mallorquina.de\/blog\/mallorca\/118843-2-scaled.jpg","width":2560,"height":1709},{"@type":"BreadcrumbList","@id":"https:\/\/www.porta-mallorquina.de\/blog\/das-steuerrad-in-spanien-dreht-sich\/#breadcrumb","itemListElement":[{"@type":"ListItem","position":1,"name":"Startseite","item":"https:\/\/www.porta-mallorquina.de\/blog\/"},{"@type":"ListItem","position":2,"name":"Das Steuerrad in Spanien dreht sich"}]},{"@type":"WebSite","@id":"https:\/\/www.porta-mallorquina.de\/blog\/#website","url":"https:\/\/www.porta-mallorquina.de\/blog\/","name":"Porta Mallorquina Blog","description":"Mehr als Mallorca Immobilien","publisher":{"@id":"https:\/\/www.porta-mallorquina.de\/blog\/#organization"},"potentialAction":[{"@type":"SearchAction","target":{"@type":"EntryPoint","urlTemplate":"https:\/\/www.porta-mallorquina.de\/blog\/?s={search_term_string}"},"query-input":{"@type":"PropertyValueSpecification","valueRequired":true,"valueName":"search_term_string"}}],"inLanguage":"de"},{"@type":"Organization","@id":"https:\/\/www.porta-mallorquina.de\/blog\/#organization","name":"Porta Mallorquina Blog","url":"https:\/\/www.porta-mallorquina.de\/blog\/","logo":{"@type":"ImageObject","inLanguage":"de","@id":"https:\/\/www.porta-mallorquina.de\/blog\/#\/schema\/logo\/image\/","url":"https:\/\/www.porta-mallorquina.de\/blog\/mallorca\/porta-mallorquina-real-estate-mallorca-logo.png","contentUrl":"https:\/\/www.porta-mallorquina.de\/blog\/mallorca\/porta-mallorquina-real-estate-mallorca-logo.png","width":570,"height":400,"caption":"Porta Mallorquina Blog"},"image":{"@id":"https:\/\/www.porta-mallorquina.de\/blog\/#\/schema\/logo\/image\/"}},{"@type":"Person","@id":"https:\/\/www.porta-mallorquina.de\/blog\/#\/schema\/person\/1b146226cf8eccf9d7d382a5d9519bed","name":"Porta Mallorquina","url":"https:\/\/www.porta-mallorquina.de\/blog\/author\/sonja-meyne\/"}]}},"_links":{"self":[{"href":"https:\/\/www.porta-mallorquina.de\/blog\/wp-json\/wp\/v2\/posts\/5905","targetHints":{"allow":["GET"]}}],"collection":[{"href":"https:\/\/www.porta-mallorquina.de\/blog\/wp-json\/wp\/v2\/posts"}],"about":[{"href":"https:\/\/www.porta-mallorquina.de\/blog\/wp-json\/wp\/v2\/types\/post"}],"author":[{"embeddable":true,"href":"https:\/\/www.porta-mallorquina.de\/blog\/wp-json\/wp\/v2\/users\/11"}],"replies":[{"embeddable":true,"href":"https:\/\/www.porta-mallorquina.de\/blog\/wp-json\/wp\/v2\/comments?post=5905"}],"version-history":[{"count":9,"href":"https:\/\/www.porta-mallorquina.de\/blog\/wp-json\/wp\/v2\/posts\/5905\/revisions"}],"predecessor-version":[{"id":6185,"href":"https:\/\/www.porta-mallorquina.de\/blog\/wp-json\/wp\/v2\/posts\/5905\/revisions\/6185"}],"wp:featuredmedia":[{"embeddable":true,"href":"https:\/\/www.porta-mallorquina.de\/blog\/wp-json\/wp\/v2\/media\/5907"}],"wp:attachment":[{"href":"https:\/\/www.porta-mallorquina.de\/blog\/wp-json\/wp\/v2\/media?parent=5905"}],"wp:term":[{"taxonomy":"category","embeddable":true,"href":"https:\/\/www.porta-mallorquina.de\/blog\/wp-json\/wp\/v2\/categories?post=5905"},{"taxonomy":"post_tag","embeddable":true,"href":"https:\/\/www.porta-mallorquina.de\/blog\/wp-json\/wp\/v2\/tags?post=5905"}],"curies":[{"name":"wp","href":"https:\/\/api.w.org\/{rel}","templated":true}]}}