{"id":6076,"date":"2023-04-19T17:10:23","date_gmt":"2023-04-19T15:10:23","guid":{"rendered":"https:\/\/www.porta-mallorquina.de\/blog\/?p=6076"},"modified":"2023-04-24T14:59:03","modified_gmt":"2023-04-24T12:59:03","slug":"mallorca-immobilien-richtig-vermieten","status":"publish","type":"post","link":"https:\/\/www.porta-mallorquina.de\/blog\/mallorca-immobilien-richtig-vermieten\/","title":{"rendered":"Richtig vermieten auf Mallorca: Das m\u00fcssen Sie wissen\u00a0"},"content":{"rendered":"<p class=\"p1\"><i>Die Unterschiede zwischen Wohn-, Ferien- und Saisonvermietung von Immobilien auf Mallorca.<\/i><\/p>\n<p class=\"p1\">Urlauber, Saisonkr\u00e4fte oder Dauermieter? Die Entscheidung dar\u00fcber, welche Vermietungsart sich am besten f\u00fcr die eigene <a href=\"https:\/\/www.porta-mallorquina.de\/\">Mallorca-Immobilie<\/a> eignet, f\u00e4llt nicht leicht. Doch worin unterscheiden sich eigentlich Wohn-, Ferien- und Saisonvermietung? Was gilt es aus steuerlicher Sicht zu beachten?<\/p>\n<h2 class=\"p1\">Ferienvermietung von Immobilien auf Mallorca: Nicht l\u00e4nger als einen Monat<\/h2>\n<p class=\"p1\">Die besten Renditen versprechen sich Investoren oftmals von der Ferienvermietung. Aufgrund des Booms, den die Kurzzeitvermietung an Urlauber in den vergangenen Jahren auf Mallorca und den Nachbarinseln erlebte, schob die Balearen-Regierung dem unregulierten Angebot einen Riegel vor.<\/p>\n<p class=\"p1\">Seit 2012 bedarf es f\u00fcr die <a href=\"https:\/\/www.porta-mallorquina.de\/blog\/ferienvermietung-auf-mallorca-so-vermieten-sie-legal\/\" target=\"_blank\" rel=\"noopener\">legale Ferienvermietung auf Mallorca<\/a> einer Lizenz. F\u00fcr das Vermieten ohne entsprechende Genehmigung sieht der Gesetzgeber Strafen von mindestens 20.001 Euro vor. Inspektoren kontrollieren die Lizenzen. Auch k\u00f6nnen Urlauber \u00fcber eine Online-Applikation \u201eFerienvermietungscheck Mallorca\u201c \u00fcberpr\u00fcfen, ob sie ein legales Ferienhaus anmieten.<\/p>\n<p class=\"p1\">Seit 2022 vergibt die Tourismusbeh\u00f6rde auf Mallorca <a href=\"https:\/\/www.porta-mallorquina.de\/blog\/ferienvermietung-auf-mallorca-so-vermieten-sie-legal\/\" target=\"_blank\" rel=\"noopener\">keine neuen Ferienvermietungslizenzen<\/a> mehr. Wer eine <a href=\"https:\/\/www.porta-mallorquina.de\/immobilien\/ferienvermietlizenz\/\">Immobilie mit bestehender Genehmigung kauft<\/a>, darf diese allerdings auch weiterhin an Urlauber vermieten.<\/p>\n<h2 class=\"p1\">Das Tourismusgesetz der Balearen definiert die Ferienvermietung<\/h2>\n<p class=\"p1\">So f\u00e4llt prinzipiell erst einmal jede Vermietung eines Wohnobjekts f\u00fcr einen <strong>Zeitraum von weniger als 30 Tagen unter Ferienvermietung<\/strong> \u2013 es sei denn, der Vermieter kann der Tourismusbeh\u00f6rde das Gegenteil beweisen. Die Immobilie wird gegen Geb\u00fchr tage- oder wochenweise an Urlauber vermietet. Im Regelfall d\u00fcrfen nur komplette H\u00e4user \u2013 in einigen Gebieten auch komplette Wohnungen \u2013 Urlaubern \u00fcberlassen werden, die Vermietung von einzelnen Zimmer ist bis auf wenige Ausnahmen nicht gestattet.<\/p>\n<p class=\"p1\">Auch m\u00fcssen die Ferienobjekte komplett ausgestattet sein (M\u00f6bel, Geschirr etc.). Einige Vermieter bieten zudem hotel\u00e4hnliche Dienstleistungen wie regelm\u00e4\u00dfigen Reinigungsservice an.<\/p>\n<div id=\"attachment_6078\" class=\"wp-caption aligncenter\" style=\"width: 600px\"><img loading=\"lazy\" decoding=\"async\" class=\"wp-image-6078\" src=\"https:\/\/www.porta-mallorquina.de\/blog\/mallorca\/Ferienvermietung-Mallorca-1-1-scaled.jpg\" alt=\"Ferienvermietung auf Mallorca\" width=\"600\" height=\"374\" srcset=\"https:\/\/www.porta-mallorquina.de\/blog\/mallorca\/Ferienvermietung-Mallorca-1-1-scaled.jpg 2560w, https:\/\/www.porta-mallorquina.de\/blog\/mallorca\/Ferienvermietung-Mallorca-1-1-768x479.jpg 768w, https:\/\/www.porta-mallorquina.de\/blog\/mallorca\/Ferienvermietung-Mallorca-1-1-1536x957.jpg 1536w, https:\/\/www.porta-mallorquina.de\/blog\/mallorca\/Ferienvermietung-Mallorca-1-1-2048x1276.jpg 2048w\" sizes=\"auto, (max-width: 600px) 100vw, 600px\" \/><p class=\"wp-caption-text\">Ferienvermietung auf Mallorca<\/p><\/div>\n<h2>Ein weiterer Indikator ist die Vermarktung der Immobilien<\/h2>\n<p class=\"p1\">Aus Beh\u00f6rdensicht ist ein weiterer Definitionspunkt f\u00fcr Ferienvermietung die Vermarktung \u00fcber \u201etouristische Vertriebskan\u00e4le\u201c. Dazu z\u00e4hlen unter anderem Online-Plattformen, soziale Netzwerke und Agenturen. Der Begriff \u201etouristischer Vertriebskanal\u201c ist weit gefasst. So k\u00f6nnen die Inspektoren der Tourismusbeh\u00f6rde bei der Vermarktung \u00fcber verschiedenste Medien eine touristische Vermietung feststellen und bei fehlender Lizenz die entsprechenden Schritte einleiten.<\/p>\n<p class=\"p1\">Aus steuerlicher Sicht gilt zu beachten: Ferienvermieter sind verpflichtet, die Tourismussteuer von ihren G\u00e4sten einzunehmen und an das Finanzamt abzuf\u00fchren.<\/p>\n<h2 class=\"p1\">Ferienvermietung \u2013 mit oder ohne Umsatzsteuer?<\/h2>\n<p class=\"p1\">Umsatzsteuerpflichtige Ferienvermietung f\u00fchrt bei Nichtresidenten zur Begr\u00fcndung einer Betriebsst\u00e4tte, was bedeutet, dass sie den Regelungen der K\u00f6rperschaftsteuer unterliegen. Der Unterschied zur umsatzsteuerfreien Ferienvermietung, die ein wesentlich simpleres Steuerregime bedingt, besteht in der Erbringung von Dienstleistungen w\u00e4hrend des Aufenthaltes des Gastes (z.B. Reinigungsservice).<\/p>\n<p class=\"p1\">Nichtresidenten m\u00fcssen bei der umsatzsteuerfreien Modalit\u00e4t jeweils bis zum 20. des Folgemonats eines Quartals eine Steuererkl\u00e4rung (Modelo 210) mit den erzielten Mieteinnahmen unter Ber\u00fccksichtigung der Kosten und Abschreibung einzureichen. Auf die ermittelte Bemessungsgrundlage fallen f\u00fcr EU-B\u00fcrger 19 Prozent Einkommensteuer an. Wenn keine Steuerlast entsteht, ist auch keine Steuererkl\u00e4rung einzureichen. Die Berechnungen m\u00fcssen jedoch vorgenommen werden, um die vortragsf\u00e4higen Kosten zu erfassen.<\/p>\n<h2 class=\"p1\">Langzeitvermietung auf Mallorca: Steuervorteil f\u00fcr Residenten<\/h2>\n<p class=\"p1\">Vermietungen von \u00fcber 30 Tagen fallen grunds\u00e4tzlich erstmal unter das Wohnraumvermietungsgesetz (LAU). Artikel 2 des Gesetzes besagt:<\/p>\n<blockquote>\n<p class=\"p1\">\u201eAls Mietverh\u00e4ltnis zu Wohnzwecken gilt die Anmietung eines bewohnbaren Geb\u00e4udes, dessen Hauptzweck darin besteht, das st\u00e4ndige Wohnbed\u00fcrfnis des Mieters zu befriedigen.\u201c<\/p>\n<\/blockquote>\n<p class=\"p1\">Objekte, die komplett m\u00f6bliert, sowie zeitweise begrenzt vermietet und \u00fcber touristische Vertriebskan\u00e4le vermarktet werden, fallen demnach nicht unter das Wohnraumvermietungsgesetz.<\/p>\n<p class=\"p1\">F\u00fcr die gesetzeskonforme <a href=\"https:\/\/www.porta-mallorquina.de\/immobilien\/mieten\/\">Langzeitvermietung auf Mallorca<\/a> sind verschiedene Voraussetzungen zu erf\u00fcllen. Unter anderem sind etwa die Erhebung einer Kaution, die mindestens einer Monatsmiete entspricht, sowie der Abschluss eines schriftlichen Mietvertrags erforderlich. Sowohl Vermieter als auch Mieter m\u00fcssen im Rahmen der Langzeitvermietung gewissen Verpflichtungen nachkommen. Die Immobilie ist in vertragsgerechtem Zustand zu \u00fcberlassen, w\u00e4hrend der Mieter wiederum zur sachgerechten Nutzung des Objekts verpflichtet ist, um nur zwei Beispiele zu nennen.<\/p>\n<p class=\"p1\">Die Steuer f\u00fcr Langzeitvermieter ist im Vergleich zur Ferienvermietung rascher erledigt: <strong>Langzeitvermietung ist prinzipiell von der Umsatzsteuer befreit<\/strong>. Nichtresidenten, die ihre Wohnung oder ihr Haus auf Mallorca dauerhaft vermieten, m\u00fcssen jedoch wie auch Ferienvermieter die <strong>Steuererkl\u00e4rung Modelo 210<\/strong> quartalsweise einreichen. Residenten bietet die <strong>langfristige Vermietung zu Wohnzwecken<\/strong> einen wichtigen Vorteil: 60 Prozent des Gewinns sind steuerfrei.<\/p>\n<h2 class=\"p1\">Saisonvermietung von Immobilien: <span lang=\"DE\" xml:lang=\"DE\">Nutzung f\u00fcr einen gewissen Zeitraum<\/span><\/h2>\n<p class=\"p1\">Die Saisonvermietung ist ebenfalls im LAU definiert (Artikel 3), allerdings recht lapidar als \u201eGeb\u00e4ude, die einen anderen Zweck erf\u00fcllen als die im vorgenannten Artikel.\u201c Der Unterschied zur Langzeitmiete besteht also darin, dass der Mieter die Immobilie nicht als st\u00e4ndigen Wohnsitz nutzt. Es ist dringend ratsam, die Adresse des Hauptwohnsitzes im Saisonmietvertrag zu erw\u00e4hnen.<\/p>\n<p class=\"p1\">Saisonvermietung ist f\u00fcr einen zeitlich begrenzten Zeitraum gedacht: Beispielsweise f\u00fcr Saisonarbeiter, die im Sommer nach Mallorca zum Arbeiten kommen oder als Ferienwohnung f\u00fcr l\u00e4ngere Aufenthalte von mehreren Wochen oder gar Monaten. Wichtig ist der Zweck (Saisonarbeit, Studienaufenthalt etc.) der Anmietung, der ebenfalls im Saisonmietvertrag festgehalten werden sollte. Saisonmietvertr\u00e4ge sind wesentlich vermieterfreundlicher als Langzeitmietvertr\u00e4ge. Aus steuerlicher Perspektive sind dieselben Regelungen wie bei der Langzeitvermietung zu beachten.<\/p>\n<p class=\"p1\"><i>Dieser Beitrag wurde von der Steuerberatungs- und Rechtsanwaltskanzlei <\/i><a href=\"https:\/\/link.plattes.net\/KontaktPM\"><span class=\"s1\"><i>PlattesGroup<\/i><\/span><\/a><i> mit Sitz in Palma verfasst.<\/i><\/p>\n<h2>Porta Mallorquina und Porta Holiday: Ihre Partner f\u00fcr die zuverl\u00e4ssige Vermietung auf Mallorca<\/h2>\n<p>Porta Mallorquina ist neben dem Kauf und <a href=\"https:\/\/www.porta-mallorquina.de\/verkaufen.html\" target=\"_blank\" rel=\"noopener\">Verkauf von Immobilien<\/a> spezialisiert auf exklusive Villen und Wohnungen zur\u202f<a href=\"https:\/\/www.porta-mallorquina.de\/immobilien\/mieten\/\">Langzeitvermietung auf Mallorca<\/a>. F\u00fcr Ferienvermietung von Fincas und Ferienh\u00e4usern ist <a href=\"https:\/\/portaholiday.de\/\" target=\"_blank\" rel=\"noopener\">Porta Holiday<\/a> ist Ihr seri\u00f6ser Partner.<\/p>\n<p>Lesen Sie auch unseren ausf\u00fchrlichen Blogbeitrag \u00fcber die <a href=\"https:\/\/www.porta-mallorquina.de\/blog\/ferienvermietung-auf-mallorca-so-vermieten-sie-legal\/\" target=\"_blank\" rel=\"noopener\">aktuelle Gesetzeslage zur Ferienvermietung auf Mallorca<\/a>.<\/p>\n<p><strong>Besitzen Sie eine Immobilie auf Mallorca und m\u00f6chten Sie diese vermieten?<\/strong> <a href=\"https:\/\/www.porta-mallorquina.de\/kontakt.html\"><span class=\"s1\">Wir beraten Sie gerne<\/span><\/a>.<\/p>\n","protected":false},"excerpt":{"rendered":"<p>Die Unterschiede zwischen Wohn-, Ferien- und Saisonvermietung von Immobilien auf Mallorca. Urlauber, Saisonkr\u00e4fte oder Dauermieter? Die Entscheidung dar\u00fcber, welche Vermietungsart sich am besten f\u00fcr die eigene Mallorca-Immobilie eignet, f\u00e4llt nicht leicht. Doch worin unterscheiden sich eigentlich Wohn-, Ferien- und Saisonvermietung? Was gilt es aus steuerlicher Sicht zu beachten? Ferienvermietung von Immobilien auf Mallorca: Nicht l\u00e4nger [&hellip;]<\/p>\n","protected":false},"author":11,"featured_media":6078,"comment_status":"open","ping_status":"open","sticky":false,"template":"","format":"standard","meta":{"footnotes":""},"categories":[44,16],"tags":[],"class_list":["post-6076","post","type-post","status-publish","format-standard","has-post-thumbnail","hentry","category-ferienvermietung","category-langzeitvermietung"],"yoast_head":"<!-- This site is optimized with the Yoast SEO plugin v27.2 - https:\/\/yoast.com\/product\/yoast-seo-wordpress\/ -->\n<title>Richtig vermieten auf Mallorca: Das m\u00fcssen Sie wissen\u00a0 - Porta Mallorquina Blog<\/title>\n<meta name=\"description\" content=\"Die Unterschiede zwischen Wohn-, Ferien- und Saisonvermietung auf Mallorca: Die Entscheidung dar\u00fcber, welche Vermietungsart sich am besten f\u00fcr die eigene Mallorca-Immobilie eignet, f\u00e4llt nicht leicht. Doch worin unterscheiden sich eigentlich Wohn-, Ferien- und Saisonvermietung? Was gilt es aus steuerlicher Sicht zu beachten?\u00a0\" \/>\n<meta name=\"robots\" content=\"index, follow, max-snippet:-1, max-image-preview:large, max-video-preview:-1\" \/>\n<link rel=\"canonical\" href=\"https:\/\/www.porta-mallorquina.de\/blog\/mallorca-immobilien-richtig-vermieten\/\" \/>\n<meta property=\"og:locale\" content=\"de_DE\" \/>\n<meta property=\"og:type\" content=\"article\" \/>\n<meta property=\"og:title\" content=\"Richtig vermieten auf Mallorca: Das m\u00fcssen Sie wissen\u00a0 - Porta Mallorquina Blog\" \/>\n<meta property=\"og:description\" content=\"Die Unterschiede zwischen Wohn-, Ferien- und Saisonvermietung auf Mallorca: Die Entscheidung dar\u00fcber, welche Vermietungsart sich am besten f\u00fcr die eigene Mallorca-Immobilie eignet, f\u00e4llt nicht leicht. Doch worin unterscheiden sich eigentlich Wohn-, Ferien- und Saisonvermietung? Was gilt es aus steuerlicher Sicht zu beachten?\u00a0\" \/>\n<meta property=\"og:url\" content=\"https:\/\/www.porta-mallorquina.de\/blog\/mallorca-immobilien-richtig-vermieten\/\" \/>\n<meta property=\"og:site_name\" content=\"Porta Mallorquina Blog\" \/>\n<meta property=\"article:published_time\" content=\"2023-04-19T15:10:23+00:00\" \/>\n<meta property=\"article:modified_time\" content=\"2023-04-24T12:59:03+00:00\" \/>\n<meta property=\"og:image\" content=\"https:\/\/www.porta-mallorquina.de\/blog\/mallorca\/Ferienvermietung-Mallorca-1-1-scaled.jpg\" \/>\n\t<meta property=\"og:image:width\" content=\"2560\" \/>\n\t<meta property=\"og:image:height\" content=\"1595\" \/>\n\t<meta property=\"og:image:type\" content=\"image\/jpeg\" \/>\n<meta name=\"author\" content=\"Porta Mallorquina\" \/>\n<meta name=\"twitter:card\" content=\"summary_large_image\" \/>\n<meta name=\"twitter:label1\" content=\"Verfasst von\" \/>\n\t<meta name=\"twitter:data1\" content=\"Porta Mallorquina\" \/>\n\t<meta name=\"twitter:label2\" content=\"Gesch\u00e4tzte Lesezeit\" \/>\n\t<meta name=\"twitter:data2\" content=\"6\u00a0Minuten\" \/>\n<script type=\"application\/ld+json\" class=\"yoast-schema-graph\">{\"@context\":\"https:\/\/schema.org\",\"@graph\":[{\"@type\":\"Article\",\"@id\":\"https:\/\/www.porta-mallorquina.de\/blog\/mallorca-immobilien-richtig-vermieten\/#article\",\"isPartOf\":{\"@id\":\"https:\/\/www.porta-mallorquina.de\/blog\/mallorca-immobilien-richtig-vermieten\/\"},\"author\":{\"name\":\"Porta Mallorquina\",\"@id\":\"https:\/\/www.porta-mallorquina.de\/blog\/#\/schema\/person\/1b146226cf8eccf9d7d382a5d9519bed\"},\"headline\":\"Richtig vermieten auf Mallorca: Das m\u00fcssen Sie wissen\u00a0\",\"datePublished\":\"2023-04-19T15:10:23+00:00\",\"dateModified\":\"2023-04-24T12:59:03+00:00\",\"mainEntityOfPage\":{\"@id\":\"https:\/\/www.porta-mallorquina.de\/blog\/mallorca-immobilien-richtig-vermieten\/\"},\"wordCount\":938,\"commentCount\":5,\"publisher\":{\"@id\":\"https:\/\/www.porta-mallorquina.de\/blog\/#organization\"},\"image\":{\"@id\":\"https:\/\/www.porta-mallorquina.de\/blog\/mallorca-immobilien-richtig-vermieten\/#primaryimage\"},\"thumbnailUrl\":\"https:\/\/www.porta-mallorquina.de\/blog\/mallorca\/Ferienvermietung-Mallorca-1-1-scaled.jpg\",\"articleSection\":[\"Ferienvermietung\",\"Langzeitvermietung\"],\"inLanguage\":\"de\",\"potentialAction\":[{\"@type\":\"CommentAction\",\"name\":\"Comment\",\"target\":[\"https:\/\/www.porta-mallorquina.de\/blog\/mallorca-immobilien-richtig-vermieten\/#respond\"]}]},{\"@type\":\"WebPage\",\"@id\":\"https:\/\/www.porta-mallorquina.de\/blog\/mallorca-immobilien-richtig-vermieten\/\",\"url\":\"https:\/\/www.porta-mallorquina.de\/blog\/mallorca-immobilien-richtig-vermieten\/\",\"name\":\"Richtig vermieten auf Mallorca: Das m\u00fcssen Sie wissen\u00a0 - Porta Mallorquina Blog\",\"isPartOf\":{\"@id\":\"https:\/\/www.porta-mallorquina.de\/blog\/#website\"},\"primaryImageOfPage\":{\"@id\":\"https:\/\/www.porta-mallorquina.de\/blog\/mallorca-immobilien-richtig-vermieten\/#primaryimage\"},\"image\":{\"@id\":\"https:\/\/www.porta-mallorquina.de\/blog\/mallorca-immobilien-richtig-vermieten\/#primaryimage\"},\"thumbnailUrl\":\"https:\/\/www.porta-mallorquina.de\/blog\/mallorca\/Ferienvermietung-Mallorca-1-1-scaled.jpg\",\"datePublished\":\"2023-04-19T15:10:23+00:00\",\"dateModified\":\"2023-04-24T12:59:03+00:00\",\"description\":\"Die Unterschiede zwischen Wohn-, Ferien- und Saisonvermietung auf Mallorca: Die Entscheidung dar\u00fcber, welche Vermietungsart sich am besten f\u00fcr die eigene Mallorca-Immobilie eignet, f\u00e4llt nicht leicht. Doch worin unterscheiden sich eigentlich Wohn-, Ferien- und Saisonvermietung? Was gilt es aus steuerlicher Sicht zu beachten?\u00a0\",\"breadcrumb\":{\"@id\":\"https:\/\/www.porta-mallorquina.de\/blog\/mallorca-immobilien-richtig-vermieten\/#breadcrumb\"},\"inLanguage\":\"de\",\"potentialAction\":[{\"@type\":\"ReadAction\",\"target\":[\"https:\/\/www.porta-mallorquina.de\/blog\/mallorca-immobilien-richtig-vermieten\/\"]}]},{\"@type\":\"ImageObject\",\"inLanguage\":\"de\",\"@id\":\"https:\/\/www.porta-mallorquina.de\/blog\/mallorca-immobilien-richtig-vermieten\/#primaryimage\",\"url\":\"https:\/\/www.porta-mallorquina.de\/blog\/mallorca\/Ferienvermietung-Mallorca-1-1-scaled.jpg\",\"contentUrl\":\"https:\/\/www.porta-mallorquina.de\/blog\/mallorca\/Ferienvermietung-Mallorca-1-1-scaled.jpg\",\"width\":2560,\"height\":1595,\"caption\":\"Ferienvermietung auf Mallorca\"},{\"@type\":\"BreadcrumbList\",\"@id\":\"https:\/\/www.porta-mallorquina.de\/blog\/mallorca-immobilien-richtig-vermieten\/#breadcrumb\",\"itemListElement\":[{\"@type\":\"ListItem\",\"position\":1,\"name\":\"Startseite\",\"item\":\"https:\/\/www.porta-mallorquina.de\/blog\/\"},{\"@type\":\"ListItem\",\"position\":2,\"name\":\"Richtig vermieten auf Mallorca: Das m\u00fcssen Sie wissen\u00a0\"}]},{\"@type\":\"WebSite\",\"@id\":\"https:\/\/www.porta-mallorquina.de\/blog\/#website\",\"url\":\"https:\/\/www.porta-mallorquina.de\/blog\/\",\"name\":\"Porta Mallorquina Blog\",\"description\":\"Mehr als Mallorca Immobilien\",\"publisher\":{\"@id\":\"https:\/\/www.porta-mallorquina.de\/blog\/#organization\"},\"potentialAction\":[{\"@type\":\"SearchAction\",\"target\":{\"@type\":\"EntryPoint\",\"urlTemplate\":\"https:\/\/www.porta-mallorquina.de\/blog\/?s={search_term_string}\"},\"query-input\":{\"@type\":\"PropertyValueSpecification\",\"valueRequired\":true,\"valueName\":\"search_term_string\"}}],\"inLanguage\":\"de\"},{\"@type\":\"Organization\",\"@id\":\"https:\/\/www.porta-mallorquina.de\/blog\/#organization\",\"name\":\"Porta Mallorquina Blog\",\"url\":\"https:\/\/www.porta-mallorquina.de\/blog\/\",\"logo\":{\"@type\":\"ImageObject\",\"inLanguage\":\"de\",\"@id\":\"https:\/\/www.porta-mallorquina.de\/blog\/#\/schema\/logo\/image\/\",\"url\":\"https:\/\/www.porta-mallorquina.de\/blog\/mallorca\/porta-mallorquina-real-estate-mallorca-logo.png\",\"contentUrl\":\"https:\/\/www.porta-mallorquina.de\/blog\/mallorca\/porta-mallorquina-real-estate-mallorca-logo.png\",\"width\":570,\"height\":400,\"caption\":\"Porta Mallorquina Blog\"},\"image\":{\"@id\":\"https:\/\/www.porta-mallorquina.de\/blog\/#\/schema\/logo\/image\/\"}},{\"@type\":\"Person\",\"@id\":\"https:\/\/www.porta-mallorquina.de\/blog\/#\/schema\/person\/1b146226cf8eccf9d7d382a5d9519bed\",\"name\":\"Porta Mallorquina\",\"url\":\"https:\/\/www.porta-mallorquina.de\/blog\/author\/sonja-meyne\/\"}]}<\/script>\n<!-- \/ Yoast SEO plugin. -->","yoast_head_json":{"title":"Richtig vermieten auf Mallorca: Das m\u00fcssen Sie wissen\u00a0 - Porta Mallorquina Blog","description":"Die Unterschiede zwischen Wohn-, Ferien- und Saisonvermietung auf Mallorca: Die Entscheidung dar\u00fcber, welche Vermietungsart sich am besten f\u00fcr die eigene Mallorca-Immobilie eignet, f\u00e4llt nicht leicht. Doch worin unterscheiden sich eigentlich Wohn-, Ferien- und Saisonvermietung? Was gilt es aus steuerlicher Sicht zu beachten?\u00a0","robots":{"index":"index","follow":"follow","max-snippet":"max-snippet:-1","max-image-preview":"max-image-preview:large","max-video-preview":"max-video-preview:-1"},"canonical":"https:\/\/www.porta-mallorquina.de\/blog\/mallorca-immobilien-richtig-vermieten\/","og_locale":"de_DE","og_type":"article","og_title":"Richtig vermieten auf Mallorca: Das m\u00fcssen Sie wissen\u00a0 - Porta Mallorquina Blog","og_description":"Die Unterschiede zwischen Wohn-, Ferien- und Saisonvermietung auf Mallorca: Die Entscheidung dar\u00fcber, welche Vermietungsart sich am besten f\u00fcr die eigene Mallorca-Immobilie eignet, f\u00e4llt nicht leicht. Doch worin unterscheiden sich eigentlich Wohn-, Ferien- und Saisonvermietung? Was gilt es aus steuerlicher Sicht zu beachten?\u00a0","og_url":"https:\/\/www.porta-mallorquina.de\/blog\/mallorca-immobilien-richtig-vermieten\/","og_site_name":"Porta Mallorquina Blog","article_published_time":"2023-04-19T15:10:23+00:00","article_modified_time":"2023-04-24T12:59:03+00:00","og_image":[{"width":2560,"height":1595,"url":"https:\/\/www.porta-mallorquina.de\/blog\/mallorca\/Ferienvermietung-Mallorca-1-1-scaled.jpg","type":"image\/jpeg"}],"author":"Porta Mallorquina","twitter_card":"summary_large_image","twitter_misc":{"Verfasst von":"Porta Mallorquina","Gesch\u00e4tzte Lesezeit":"6\u00a0Minuten"},"schema":{"@context":"https:\/\/schema.org","@graph":[{"@type":"Article","@id":"https:\/\/www.porta-mallorquina.de\/blog\/mallorca-immobilien-richtig-vermieten\/#article","isPartOf":{"@id":"https:\/\/www.porta-mallorquina.de\/blog\/mallorca-immobilien-richtig-vermieten\/"},"author":{"name":"Porta Mallorquina","@id":"https:\/\/www.porta-mallorquina.de\/blog\/#\/schema\/person\/1b146226cf8eccf9d7d382a5d9519bed"},"headline":"Richtig vermieten auf Mallorca: Das m\u00fcssen Sie wissen\u00a0","datePublished":"2023-04-19T15:10:23+00:00","dateModified":"2023-04-24T12:59:03+00:00","mainEntityOfPage":{"@id":"https:\/\/www.porta-mallorquina.de\/blog\/mallorca-immobilien-richtig-vermieten\/"},"wordCount":938,"commentCount":5,"publisher":{"@id":"https:\/\/www.porta-mallorquina.de\/blog\/#organization"},"image":{"@id":"https:\/\/www.porta-mallorquina.de\/blog\/mallorca-immobilien-richtig-vermieten\/#primaryimage"},"thumbnailUrl":"https:\/\/www.porta-mallorquina.de\/blog\/mallorca\/Ferienvermietung-Mallorca-1-1-scaled.jpg","articleSection":["Ferienvermietung","Langzeitvermietung"],"inLanguage":"de","potentialAction":[{"@type":"CommentAction","name":"Comment","target":["https:\/\/www.porta-mallorquina.de\/blog\/mallorca-immobilien-richtig-vermieten\/#respond"]}]},{"@type":"WebPage","@id":"https:\/\/www.porta-mallorquina.de\/blog\/mallorca-immobilien-richtig-vermieten\/","url":"https:\/\/www.porta-mallorquina.de\/blog\/mallorca-immobilien-richtig-vermieten\/","name":"Richtig vermieten auf Mallorca: Das m\u00fcssen Sie wissen\u00a0 - Porta Mallorquina Blog","isPartOf":{"@id":"https:\/\/www.porta-mallorquina.de\/blog\/#website"},"primaryImageOfPage":{"@id":"https:\/\/www.porta-mallorquina.de\/blog\/mallorca-immobilien-richtig-vermieten\/#primaryimage"},"image":{"@id":"https:\/\/www.porta-mallorquina.de\/blog\/mallorca-immobilien-richtig-vermieten\/#primaryimage"},"thumbnailUrl":"https:\/\/www.porta-mallorquina.de\/blog\/mallorca\/Ferienvermietung-Mallorca-1-1-scaled.jpg","datePublished":"2023-04-19T15:10:23+00:00","dateModified":"2023-04-24T12:59:03+00:00","description":"Die Unterschiede zwischen Wohn-, Ferien- und Saisonvermietung auf Mallorca: Die Entscheidung dar\u00fcber, welche Vermietungsart sich am besten f\u00fcr die eigene Mallorca-Immobilie eignet, f\u00e4llt nicht leicht. Doch worin unterscheiden sich eigentlich Wohn-, Ferien- und Saisonvermietung? Was gilt es aus steuerlicher Sicht zu beachten?\u00a0","breadcrumb":{"@id":"https:\/\/www.porta-mallorquina.de\/blog\/mallorca-immobilien-richtig-vermieten\/#breadcrumb"},"inLanguage":"de","potentialAction":[{"@type":"ReadAction","target":["https:\/\/www.porta-mallorquina.de\/blog\/mallorca-immobilien-richtig-vermieten\/"]}]},{"@type":"ImageObject","inLanguage":"de","@id":"https:\/\/www.porta-mallorquina.de\/blog\/mallorca-immobilien-richtig-vermieten\/#primaryimage","url":"https:\/\/www.porta-mallorquina.de\/blog\/mallorca\/Ferienvermietung-Mallorca-1-1-scaled.jpg","contentUrl":"https:\/\/www.porta-mallorquina.de\/blog\/mallorca\/Ferienvermietung-Mallorca-1-1-scaled.jpg","width":2560,"height":1595,"caption":"Ferienvermietung auf Mallorca"},{"@type":"BreadcrumbList","@id":"https:\/\/www.porta-mallorquina.de\/blog\/mallorca-immobilien-richtig-vermieten\/#breadcrumb","itemListElement":[{"@type":"ListItem","position":1,"name":"Startseite","item":"https:\/\/www.porta-mallorquina.de\/blog\/"},{"@type":"ListItem","position":2,"name":"Richtig vermieten auf Mallorca: Das m\u00fcssen Sie wissen\u00a0"}]},{"@type":"WebSite","@id":"https:\/\/www.porta-mallorquina.de\/blog\/#website","url":"https:\/\/www.porta-mallorquina.de\/blog\/","name":"Porta Mallorquina Blog","description":"Mehr als Mallorca Immobilien","publisher":{"@id":"https:\/\/www.porta-mallorquina.de\/blog\/#organization"},"potentialAction":[{"@type":"SearchAction","target":{"@type":"EntryPoint","urlTemplate":"https:\/\/www.porta-mallorquina.de\/blog\/?s={search_term_string}"},"query-input":{"@type":"PropertyValueSpecification","valueRequired":true,"valueName":"search_term_string"}}],"inLanguage":"de"},{"@type":"Organization","@id":"https:\/\/www.porta-mallorquina.de\/blog\/#organization","name":"Porta Mallorquina Blog","url":"https:\/\/www.porta-mallorquina.de\/blog\/","logo":{"@type":"ImageObject","inLanguage":"de","@id":"https:\/\/www.porta-mallorquina.de\/blog\/#\/schema\/logo\/image\/","url":"https:\/\/www.porta-mallorquina.de\/blog\/mallorca\/porta-mallorquina-real-estate-mallorca-logo.png","contentUrl":"https:\/\/www.porta-mallorquina.de\/blog\/mallorca\/porta-mallorquina-real-estate-mallorca-logo.png","width":570,"height":400,"caption":"Porta Mallorquina Blog"},"image":{"@id":"https:\/\/www.porta-mallorquina.de\/blog\/#\/schema\/logo\/image\/"}},{"@type":"Person","@id":"https:\/\/www.porta-mallorquina.de\/blog\/#\/schema\/person\/1b146226cf8eccf9d7d382a5d9519bed","name":"Porta Mallorquina","url":"https:\/\/www.porta-mallorquina.de\/blog\/author\/sonja-meyne\/"}]}},"_links":{"self":[{"href":"https:\/\/www.porta-mallorquina.de\/blog\/wp-json\/wp\/v2\/posts\/6076","targetHints":{"allow":["GET"]}}],"collection":[{"href":"https:\/\/www.porta-mallorquina.de\/blog\/wp-json\/wp\/v2\/posts"}],"about":[{"href":"https:\/\/www.porta-mallorquina.de\/blog\/wp-json\/wp\/v2\/types\/post"}],"author":[{"embeddable":true,"href":"https:\/\/www.porta-mallorquina.de\/blog\/wp-json\/wp\/v2\/users\/11"}],"replies":[{"embeddable":true,"href":"https:\/\/www.porta-mallorquina.de\/blog\/wp-json\/wp\/v2\/comments?post=6076"}],"version-history":[{"count":17,"href":"https:\/\/www.porta-mallorquina.de\/blog\/wp-json\/wp\/v2\/posts\/6076\/revisions"}],"predecessor-version":[{"id":6108,"href":"https:\/\/www.porta-mallorquina.de\/blog\/wp-json\/wp\/v2\/posts\/6076\/revisions\/6108"}],"wp:featuredmedia":[{"embeddable":true,"href":"https:\/\/www.porta-mallorquina.de\/blog\/wp-json\/wp\/v2\/media\/6078"}],"wp:attachment":[{"href":"https:\/\/www.porta-mallorquina.de\/blog\/wp-json\/wp\/v2\/media?parent=6076"}],"wp:term":[{"taxonomy":"category","embeddable":true,"href":"https:\/\/www.porta-mallorquina.de\/blog\/wp-json\/wp\/v2\/categories?post=6076"},{"taxonomy":"post_tag","embeddable":true,"href":"https:\/\/www.porta-mallorquina.de\/blog\/wp-json\/wp\/v2\/tags?post=6076"}],"curies":[{"name":"wp","href":"https:\/\/api.w.org\/{rel}","templated":true}]}}