{"id":6255,"date":"2025-12-01T14:13:46","date_gmt":"2025-12-01T12:13:46","guid":{"rendered":"https:\/\/www.porta-mallorquina.de\/blog\/?p=6255"},"modified":"2026-02-06T15:04:43","modified_gmt":"2026-02-06T13:04:43","slug":"ueberwintern-auf-mallorca","status":"publish","type":"post","link":"https:\/\/www.porta-mallorquina.de\/blog\/ueberwintern-auf-mallorca\/","title":{"rendered":"\u00dcberwintern auf Mallorca: Mildes Klima und Meeresbrise sind perfekt zum Langzeiturlaub"},"content":{"rendered":"<h2>Warum ist Mallorca im Winter ideal?<\/h2>\n<p>Die Gr\u00fcnde zum <strong>\u00dcberwintern auf Mallorca<\/strong> sind so vielf\u00e4ltig wie die Farben der Mittelmeerinsel selbst. W\u00e4hrend Deutschland in den Wintermonaten oft von grauem Himmel und eisiger K\u00e4lte gepr\u00e4gt ist, begr\u00fc\u00dft Mallorca seine Besucher mit <strong>warmen Sonnenstrahlen<\/strong>, <strong>milden Temperaturen<\/strong> und <strong>einsamen Str\u00e4nden<\/strong>.<\/p>\n<div id=\"attachment_6268\" class=\"wp-caption aligncenter\" style=\"width: 598px\"><img loading=\"lazy\" decoding=\"async\" class=\"wp-image-6268\" src=\"https:\/\/www.porta-mallorquina.de\/blog\/mallorca\/Mallorca-Ueberwintern-1.jpg\" alt=\"Mallorca im Winter erleben - Langzeiturlaub mit Porta Mallorquina\" width=\"598\" height=\"330\" srcset=\"https:\/\/www.porta-mallorquina.de\/blog\/mallorca\/Mallorca-Ueberwintern-1.jpg 1500w, https:\/\/www.porta-mallorquina.de\/blog\/mallorca\/Mallorca-Ueberwintern-1-768x423.jpg 768w\" sizes=\"auto, (max-width: 598px) 100vw, 598px\" \/><p class=\"wp-caption-text\">Ideal zum Langzeiturlaub &#8211; Mallorca im Winter erleben<\/p><\/div>\n<h3>Einige Gr\u00fcnde, warum das winterliche Mallorca eine Oase des Wohlbefindens ist<\/h3>\n<ul>\n<li><strong>Das Geschenk der Sonne<\/strong>: Wenn Deutschland in dichten Wolken verschwindet, k\u00f6nnen Sie im Winter auf\u00a0Mallorca weiterhin Sonnenstrahlen genie\u00dfen. Mit durchschnittlich 300 Sonnentagen pro Jahr k\u00f6nnen Sie sich der kalten Jahreszeit entziehen und stattdessen die warme mediterrane Sonne auf Ihrer Haut sp\u00fcren.<\/li>\n<li><strong>Preisvorteil<\/strong>: Abgesehen vom wohltuenden Wetter auf\u00a0Mallorca bietet der winterliche Aufenthalt auch finanzielle Vorteile. Die Nebensaison bedeutet niedrigere Preise f\u00fcr Unterk\u00fcnfte, Restaurants und Aktivit\u00e4ten.<\/li>\n<li><strong>Mallorca im Kontrast<\/strong>: Der Kontrast zwischen der winterlichen Ruhe Mallorcas und dem gesch\u00e4ftigen Treiben in Deutschland k\u00f6nnte nicht gr\u00f6\u00dfer sein. Hier k\u00f6nnen Sie dem Stress des Alltags entfliehen und in einer entspannten Umgebung Energie tanken.<\/li>\n<li><strong>Naturerlebnis<\/strong>: Die Natur Mallorcas zeigt sich im Winter von ihrer sch\u00f6nsten Seite. Die Landschaft erstrahlt in satten Gr\u00fcnt\u00f6nen, die Berge des Tramuntana Gebirges sind eine wahre Augenweide, und die einsamen Str\u00e4nde laden zu langen Spazierg\u00e4ngen und traumhaften Wanderungen ein.<\/li>\n<li><strong>Sport El-Dorado:<\/strong> Ob f\u00fcr <a href=\"https:\/\/www.porta-mallorquina.de\/blog\/golf-auf-mallorca\/\" target=\"_blank\" rel=\"noopener\">Golfspieler<\/a>\u00a0oder Radfahrer, zum Trekking oder Hiking &#8211; Mallorca bietet f\u00fcr Sportbegeisterte grade in den k\u00fchleren Monaten die optimale Grundlage. F\u00fcr Freunde von Wind und Wellen bieten zahlreiche H\u00e4fen eine breite Palette an Wassersportm\u00f6glichkeiten.<\/li>\n<li><strong>Kulturelle Sch\u00e4tze<\/strong>: Mallorca ist reich an Geschichte und Kultur, und im Winter haben Sie die M\u00f6glichkeit, die Sehensw\u00fcrdigkeiten und Museen ohne die hohe Touristenzahl in der Hauptsaison zu genie\u00dfen. Lernen Sie die Insel von ihrer authentischen Seite kennen.<\/li>\n<li><strong>Die kulinarische Verf\u00fchrung<\/strong>: Die mallorquinische K\u00fcche ist ein Fest f\u00fcr die Sinne. Probieren Sie die k\u00f6stlichen lokalen Gerichte in den Restaurants, die im Winter weniger \u00fcberlaufen sind, und entdecken Sie die gastronomischen Sch\u00e4tze der Insel.<\/li>\n<\/ul>\n<h2>Die besten Orte zum \u00dcberwintern auf Mallorca<\/h2>\n<p>Mallorca bietet ein breites Spektrum an St\u00e4dten und D\u00f6rfern, die sich perfekt f\u00fcr einen Winteraufenthalt eignen. W\u00e4hrend einige Orte im Winter eher ruhig sind, leben viele Orte auf der Baleareninsel das ganze Jahr \u00fcber.<\/p>\n<h3>Auswahl der besten Orte im Winter auf der Baleareninsel<\/h3>\n<ul>\n<li><strong>Palma<\/strong>: Die <a href=\"https:\/\/www.porta-mallorquina.de\/immobilien\/suche\/?kaufart=mieten&amp;region=&amp;ort=palma-de-mallorca-altstadt,palma-umgebung&amp;objektart=&amp;preis=0&amp;schlafzimmer=0&amp;badezimmer=0&amp;wohnflaeche=0&amp;grundstueck=0&amp;ausstattung=&amp;s=mieten+++palma-de-mallorca-altstadt,palma-umgebung++++++\" target=\"_blank\" rel=\"noopener\">Inselhauptstadt Palma de Mallorca<\/a> ist das ganze Jahr \u00fcber lebhaft. Neben den kulturellen Highlights bietet Palma ausgezeichnete Einkaufsm\u00f6glichkeiten und erstklassige Restaurants. Ein Spaziergang entlang der beeindruckenden Kathedrale La Seu und durch die engen Gassen der Altstadt ist im Winter besonders reizvoll.<\/li>\n<li><strong>Alcudia<\/strong>: Mit seiner gut erhaltenen Altstadt und seinen wundersch\u00f6nen Str\u00e4nden ist Alc\u00fadia ein beliebtes Ziel f\u00fcr Winterurlauber. Die historische Stadtmauer und das mittelalterliche Flair sind faszinierend.<\/li>\n<li><strong>Sineu<\/strong>: Dieses charmante Dorf in der Inselmitte ist ein Geheimtipp f\u00fcr Ruhesuchende und bietet eine authentische mallorquinische Atmosph\u00e4re. Erkunden Sie den Wochenmarkt und die historische Altstadt.<\/li>\n<li><strong>Santa Ponsa<\/strong>: Dieser Ort an der S\u00fcdwestk\u00fcste ist lebhaft und bietet eine Vielzahl von Freizeitaktivit\u00e4ten. Die Strandpromenade und das angenehme Klima machen Santa Ponsa besonders attraktiv.<\/li>\n<li><strong>Port Andratx:<\/strong> Ein malerischer Hafenort im S\u00fcdwesten von Mallorca, der im Winter eine ruhige, aber dennoch reizvolle Atmosph\u00e4re bietet. Die umliegende K\u00fcstenlandschaft l\u00e4dt zu Spazierg\u00e4ngen ein.<\/li>\n<li><strong>Andere Orte zum \u00dcberwintern<\/strong>: Mallorca hat viele weitere Orte, die auch im Winter ein lebhaftes Gemeinschaftsleben bieten. Dazu geh\u00f6ren Pollenca, Soller, Llucmajor, Campos und mehr. Jeder Ort hat seinen eigenen einzigartigen Charme und ist einen Besuch wert.<\/li>\n<\/ul>\n<h2>Die Vielfalt der Mietm\u00f6glichkeiten: Langzeitmiete, Saisonmiete oder Ferienvermietung<\/h2>\n<p>Mallorca bietet verschiedene Arten von Mietvertr\u00e4gen, um Ihren Winteraufenthalt zu gestalten.<\/p>\n<h3>Ferienvermietung<\/h3>\n<p>\u00dcber 6000 Ferienh\u00e4user und Ferienwohnungen bei <a href=\"https:\/\/www.portaholiday.de\/\" target=\"_blank\" rel=\"noopener\">Porta Holiday<\/a> in der Ferienvermietung sind ideal f\u00fcr den Aufenthalt von unter einem Monat. Diese Option bietet maximale Flexibilit\u00e4t und Komfort f\u00fcr Ihre <a href=\"https:\/\/www.portaholiday.de\/mallorca\/ueberwintern\/\">\u00dcberwinterung im Ferienhaus auf Mallorca<\/a>.<\/p>\n<h3>Saisonmiete<\/h3>\n<p>Ab einem Monat ist die Saisonmiete eine hervorragende Option, wenn Sie Mallorca \u00fcber einen begrenzten Zeitraum, beispielsweise f\u00fcr einige Monate, besuchen m\u00f6chten. Bei dieser besonderen Form des Mietvertrags ist es ratsam, den Zweck der Anmietung, wie beispielsweise einen Studienaufenthalt oder andere Gr\u00fcnde, im <a href=\"https:\/\/www.porta-mallorquina.de\/blog\/mallorca-immobilien-richtig-vermieten\/\" target=\"_blank\" rel=\"noopener\">Mietvertrag deutlich zu dokumentieren<\/a>. Dies gew\u00e4hrleistet, dass die Bedingungen und Erwartungen beider Parteien klar und im Einvernehmen festgehalten werden.<\/p>\n<h3>Langzeitmiete<\/h3>\n<p>Wenn Sie planen, unbestimmte Zeit auf Mallorca zu verbringen, macht ein Langzeitmietvertrag Sinn. Dies ist auch die perfekte Option, die Insel gut kennenzulernen, wenn Sie \u00fcber den Kauf einer Immobilie nachdenken.<\/p>\n<h3>Mietkauf<\/h3>\n<p>Einige wenige Immobilien erm\u00f6glichen eine Mietkaufvereinbarung, welche den sp\u00e4teren Kauf der gemieteten Immobilie erm\u00f6glichen.<\/p>\n<h2>Ausgew\u00e4hlte Mietobjekte und Ferienh\u00e4user auf Mallorca<\/h2>\n<div id=\"attachment_6659\" class=\"wp-caption aligncenter\" style=\"width: 600px\"><a href=\"https:\/\/www.porta-mallorquina.de\/immobilien\/cala-vinyas-wohnung-118960.html\"><img loading=\"lazy\" decoding=\"async\" class=\"wp-image-6659\" src=\"https:\/\/www.porta-mallorquina.de\/blog\/mallorca\/745b68d3-8e94-4c58-bbaa-eb678daa04a2_original.jpg\" alt=\"Erdgeschosswohnung mit Gemeinschaftspool in erster Meereslinie in Cala Vinyas\" width=\"600\" height=\"400\" srcset=\"https:\/\/www.porta-mallorquina.de\/blog\/mallorca\/745b68d3-8e94-4c58-bbaa-eb678daa04a2_original.jpg 1920w, https:\/\/www.porta-mallorquina.de\/blog\/mallorca\/745b68d3-8e94-4c58-bbaa-eb678daa04a2_original-768x512.jpg 768w, https:\/\/www.porta-mallorquina.de\/blog\/mallorca\/745b68d3-8e94-4c58-bbaa-eb678daa04a2_original-1536x1024.jpg 1536w\" sizes=\"auto, (max-width: 600px) 100vw, 600px\" \/><\/a><p class=\"wp-caption-text\">Erdgeschosswohnung mit Gemeinschaftspool in erster Meereslinie in Cala Vinyas<\/p><\/div>\n<div id=\"attachment_6492\" class=\"wp-caption aligncenter\" style=\"width: 600px\"><a href=\"https:\/\/www.porta-mallorquina.de\/immobilien\/arta-finca-121852.html\"><img loading=\"lazy\" decoding=\"async\" class=\"wp-image-6492\" src=\"https:\/\/www.porta-mallorquina.de\/blog\/mallorca\/121852.jpg\" alt=\"Tolle mediterrane Finca mit viel Privatsph\u00e4re f\u00fcr die Wintermonate ab November\" width=\"600\" height=\"400\" srcset=\"https:\/\/www.porta-mallorquina.de\/blog\/mallorca\/121852.jpg 1920w, https:\/\/www.porta-mallorquina.de\/blog\/mallorca\/121852-768x512.jpg 768w, https:\/\/www.porta-mallorquina.de\/blog\/mallorca\/121852-1536x1024.jpg 1536w\" sizes=\"auto, (max-width: 600px) 100vw, 600px\" \/><\/a><p class=\"wp-caption-text\">Tolle mediterrane Finca mit viel Privatsph\u00e4re f\u00fcr die Wintermonate ab November<\/p><\/div>\n<div id=\"attachment_6493\" class=\"wp-caption aligncenter\" style=\"width: 600px\"><a href=\"https:\/\/www.porta-mallorquina.de\/immobilien\/son-macia-finca-121737.html\"><img loading=\"lazy\" decoding=\"async\" class=\"wp-image-6493\" src=\"https:\/\/www.porta-mallorquina.de\/blog\/mallorca\/121737.jpg\" alt=\"Finca mit atemberaubendem Panoramablick und Infinity Pool in Son Macia - ab Nov. bis M\u00e4rz\" width=\"600\" height=\"400\" srcset=\"https:\/\/www.porta-mallorquina.de\/blog\/mallorca\/121737.jpg 1920w, https:\/\/www.porta-mallorquina.de\/blog\/mallorca\/121737-768x512.jpg 768w, https:\/\/www.porta-mallorquina.de\/blog\/mallorca\/121737-1536x1024.jpg 1536w\" sizes=\"auto, (max-width: 600px) 100vw, 600px\" \/><\/a><p class=\"wp-caption-text\">Finca mit atemberaubendem Panoramablick und Infinity Pool in Son Macia &#8211; ab Nov. bis M\u00e4rz<\/p><\/div>\n<p>&nbsp;<\/p>\n<p>Wenn Sie sich entscheiden, die Baleareninsel dauerhaft zu Ihrem Zuhause zu machen, kann der <strong><a href=\"https:\/\/www.porta-mallorquina.de\/\" target=\"_blank\" rel=\"noopener\">Kauf einer Immobilie auf Mallorca<\/a> <\/strong>sicherlich eine attraktive Option sein. Dieser Schritt er\u00f6ffnet Ihnen die M\u00f6glichkeit, das Leben auf der Insel in vollen Z\u00fcgen zu genie\u00dfen und stellt gleichzeitig eine attraktive Renditem\u00f6glichkeit dar.<\/p>\n<h2>Villa mit Meerblick, Finca mit Mietwagen oder Apartment in Palma: <span id=\"villa-finca-oder-apartment-auf-mallorca-mieten-finden-sie-ihre-traumunterkunft-auf-der-insel\">Finden Sie Ihre Unterkunft zum Langzeiturlaub auf Mallorca<\/span><\/h2>\n<p>Bei der <a href=\"https:\/\/www.porta-mallorquina.de\/immobilien\/mieten\/\" target=\"_blank\" rel=\"noopener\"><strong>Langzeitmiete auf Mallorca<\/strong><\/a> k\u00f6nnen Sie zwischen verschiedenen Arten von Immobilien w\u00e4hlen: Viele tr\u00e4umen davon auf Mallorca eine der bezaubernden <strong>Fincas<\/strong> auf dem Land zu mieten. Aber auch komfortable <strong>H\u00e4user<\/strong> und <strong><a href=\"https:\/\/www.porta-mallorquina.de\/immobilien\/mieten\/villen\/\">Villen zur Langzeitvermietung<\/a><\/strong> in den St\u00e4dten, sind aufgrund ihrer guten Anbindung besonders gefragt. Eine kosteng\u00fcnstigere Option sind <strong>Reihenh\u00e4user<\/strong>. Wer eine Langzeitmiete f\u00fcr unter 1000 EUR pro Monat sucht, wird wahrscheinlich eher in einem <strong>Apartment<\/strong> f\u00fcndig, das eine erschwingliche Alternative darstellt.<\/p>\n<p>Unser Team der Langzeitmiete empfiehlt:<\/p>\n<blockquote><p>\u201cAchten Sie bei der Auswahl des Objektes, auf jeden Fall auch auf die richtige Ausstattung. Eine Heizung ist trotz der vielen Sonnenstunden im Winter absolut wichtig, wenn man deutschen Komfort und W\u00e4rme gewohnt ist. Ebenso sollten Sie auf eine gut ausgestattete K\u00fcche und ausreichenden Stauraum achten, um Ihren Aufenthalt so angenehm wie m\u00f6glich zu gestalten&#8220;<\/p><\/blockquote>\n<h2>Auf Mallorca \u00fcberwintern: Der Anfang eines neuen Abenteuers<\/h2>\n<p>Das \u00dcberwintern auf Mallorca kann der erste Schritt zu einem aufregenden neuen Kapitel in Ihrem Leben sein. Viele Menschen, die die Insel im Winter besuchen, verlieben sich so sehr in sie, dass sie beschlie\u00dfen, hier dauerhaft zu leben. Mallorca zieht nicht nur Urlauber an, sondern auch Rentner und Auswanderer, die hier ein neues Leben beginnen. Wenn Sie sich also fragen, wie es w\u00e4re, auf Mallorca zu leben, beginnen Sie doch einfach mit einem Winteraufenthalt und entdecken Sie die Sch\u00f6nheit dieser Insel. Wer wei\u00df, vielleicht wird Mallorca Ihr neues Zuhause!<\/p>\n<p>&nbsp;<\/p>\n","protected":false},"excerpt":{"rendered":"<p>Warum ist Mallorca im Winter ideal? Die Gr\u00fcnde zum \u00dcberwintern auf Mallorca sind so vielf\u00e4ltig wie die Farben der Mittelmeerinsel selbst. W\u00e4hrend Deutschland in den Wintermonaten oft von grauem Himmel und eisiger K\u00e4lte gepr\u00e4gt ist, begr\u00fc\u00dft Mallorca seine Besucher mit warmen Sonnenstrahlen, milden Temperaturen und einsamen Str\u00e4nden. Einige Gr\u00fcnde, warum das winterliche Mallorca eine Oase [&hellip;]<\/p>\n","protected":false},"author":11,"featured_media":6268,"comment_status":"open","ping_status":"open","sticky":false,"template":"","format":"standard","meta":{"footnotes":""},"categories":[44,16,3],"tags":[],"class_list":["post-6255","post","type-post","status-publish","format-standard","has-post-thumbnail","hentry","category-ferienvermietung","category-langzeitvermietung","category-mallorca"],"yoast_head":"<!-- This site is optimized with the Yoast SEO plugin v27.2 - https:\/\/yoast.com\/product\/yoast-seo-wordpress\/ -->\n<title>\u00dcberwintern auf Mallorca: Mildes Klima perfekt zum Langzeiturlaub<\/title>\n<meta name=\"description\" content=\"\u00dcberwintern auf Mallorca \u27a4 Tipps zu Langzeitmiete \u2713 Saisonmiete \u2713 Ferienvermietung \u2713 Mietkauf \u2713 Alles \u00fcber die besten Orte im Winter \u27a4 Jetzt informieren.\" \/>\n<meta name=\"robots\" content=\"index, follow, max-snippet:-1, max-image-preview:large, max-video-preview:-1\" \/>\n<link rel=\"canonical\" href=\"https:\/\/www.porta-mallorquina.de\/blog\/ueberwintern-auf-mallorca\/\" \/>\n<meta property=\"og:locale\" content=\"de_DE\" \/>\n<meta property=\"og:type\" content=\"article\" \/>\n<meta property=\"og:title\" content=\"\u00dcberwintern auf Mallorca: Mildes Klima perfekt zum Langzeiturlaub\" \/>\n<meta property=\"og:description\" content=\"\u00dcberwintern auf Mallorca \u27a4 Tipps zu Langzeitmiete \u2713 Saisonmiete \u2713 Ferienvermietung \u2713 Mietkauf \u2713 Alles \u00fcber die besten Orte im Winter \u27a4 Jetzt informieren.\" \/>\n<meta property=\"og:url\" content=\"https:\/\/www.porta-mallorquina.de\/blog\/ueberwintern-auf-mallorca\/\" \/>\n<meta property=\"og:site_name\" content=\"Porta Mallorquina Blog\" \/>\n<meta property=\"article:published_time\" content=\"2025-12-01T12:13:46+00:00\" \/>\n<meta property=\"article:modified_time\" content=\"2026-02-06T13:04:43+00:00\" \/>\n<meta property=\"og:image\" content=\"https:\/\/www.porta-mallorquina.de\/blog\/mallorca\/Mallorca-Ueberwintern-1.jpg\" \/>\n\t<meta property=\"og:image:width\" content=\"1500\" \/>\n\t<meta property=\"og:image:height\" content=\"827\" \/>\n\t<meta property=\"og:image:type\" content=\"image\/jpeg\" \/>\n<meta name=\"author\" content=\"Porta Mallorquina\" \/>\n<meta name=\"twitter:card\" content=\"summary_large_image\" \/>\n<meta name=\"twitter:label1\" content=\"Verfasst von\" \/>\n\t<meta name=\"twitter:data1\" content=\"Porta Mallorquina\" \/>\n\t<meta name=\"twitter:label2\" content=\"Gesch\u00e4tzte Lesezeit\" \/>\n\t<meta name=\"twitter:data2\" content=\"7\u00a0Minuten\" \/>\n<script type=\"application\/ld+json\" class=\"yoast-schema-graph\">{\"@context\":\"https:\/\/schema.org\",\"@graph\":[{\"@type\":\"Article\",\"@id\":\"https:\/\/www.porta-mallorquina.de\/blog\/ueberwintern-auf-mallorca\/#article\",\"isPartOf\":{\"@id\":\"https:\/\/www.porta-mallorquina.de\/blog\/ueberwintern-auf-mallorca\/\"},\"author\":{\"name\":\"Porta Mallorquina\",\"@id\":\"https:\/\/www.porta-mallorquina.de\/blog\/#\/schema\/person\/1b146226cf8eccf9d7d382a5d9519bed\"},\"headline\":\"\u00dcberwintern auf Mallorca: Mildes Klima und Meeresbrise sind perfekt zum Langzeiturlaub\",\"datePublished\":\"2025-12-01T12:13:46+00:00\",\"dateModified\":\"2026-02-06T13:04:43+00:00\",\"mainEntityOfPage\":{\"@id\":\"https:\/\/www.porta-mallorquina.de\/blog\/ueberwintern-auf-mallorca\/\"},\"wordCount\":1185,\"commentCount\":0,\"publisher\":{\"@id\":\"https:\/\/www.porta-mallorquina.de\/blog\/#organization\"},\"image\":{\"@id\":\"https:\/\/www.porta-mallorquina.de\/blog\/ueberwintern-auf-mallorca\/#primaryimage\"},\"thumbnailUrl\":\"https:\/\/www.porta-mallorquina.de\/blog\/mallorca\/Mallorca-Ueberwintern-1.jpg\",\"articleSection\":[\"Ferienvermietung\",\"Langzeitvermietung\",\"Mallorca\"],\"inLanguage\":\"de\",\"potentialAction\":[{\"@type\":\"CommentAction\",\"name\":\"Comment\",\"target\":[\"https:\/\/www.porta-mallorquina.de\/blog\/ueberwintern-auf-mallorca\/#respond\"]}]},{\"@type\":\"WebPage\",\"@id\":\"https:\/\/www.porta-mallorquina.de\/blog\/ueberwintern-auf-mallorca\/\",\"url\":\"https:\/\/www.porta-mallorquina.de\/blog\/ueberwintern-auf-mallorca\/\",\"name\":\"\u00dcberwintern auf Mallorca: Mildes Klima perfekt zum Langzeiturlaub\",\"isPartOf\":{\"@id\":\"https:\/\/www.porta-mallorquina.de\/blog\/#website\"},\"primaryImageOfPage\":{\"@id\":\"https:\/\/www.porta-mallorquina.de\/blog\/ueberwintern-auf-mallorca\/#primaryimage\"},\"image\":{\"@id\":\"https:\/\/www.porta-mallorquina.de\/blog\/ueberwintern-auf-mallorca\/#primaryimage\"},\"thumbnailUrl\":\"https:\/\/www.porta-mallorquina.de\/blog\/mallorca\/Mallorca-Ueberwintern-1.jpg\",\"datePublished\":\"2025-12-01T12:13:46+00:00\",\"dateModified\":\"2026-02-06T13:04:43+00:00\",\"description\":\"\u00dcberwintern auf Mallorca \u27a4 Tipps zu Langzeitmiete \u2713 Saisonmiete \u2713 Ferienvermietung \u2713 Mietkauf \u2713 Alles \u00fcber die besten Orte im Winter \u27a4 Jetzt informieren.\",\"breadcrumb\":{\"@id\":\"https:\/\/www.porta-mallorquina.de\/blog\/ueberwintern-auf-mallorca\/#breadcrumb\"},\"inLanguage\":\"de\",\"potentialAction\":[{\"@type\":\"ReadAction\",\"target\":[\"https:\/\/www.porta-mallorquina.de\/blog\/ueberwintern-auf-mallorca\/\"]}]},{\"@type\":\"ImageObject\",\"inLanguage\":\"de\",\"@id\":\"https:\/\/www.porta-mallorquina.de\/blog\/ueberwintern-auf-mallorca\/#primaryimage\",\"url\":\"https:\/\/www.porta-mallorquina.de\/blog\/mallorca\/Mallorca-Ueberwintern-1.jpg\",\"contentUrl\":\"https:\/\/www.porta-mallorquina.de\/blog\/mallorca\/Mallorca-Ueberwintern-1.jpg\",\"width\":1500,\"height\":827,\"caption\":\"Mallorca im Winter erleben - Langzeitmiete mit Porta Mallorquina\"},{\"@type\":\"BreadcrumbList\",\"@id\":\"https:\/\/www.porta-mallorquina.de\/blog\/ueberwintern-auf-mallorca\/#breadcrumb\",\"itemListElement\":[{\"@type\":\"ListItem\",\"position\":1,\"name\":\"Startseite\",\"item\":\"https:\/\/www.porta-mallorquina.de\/blog\/\"},{\"@type\":\"ListItem\",\"position\":2,\"name\":\"\u00dcberwintern auf Mallorca: Mildes Klima und Meeresbrise sind perfekt zum Langzeiturlaub\"}]},{\"@type\":\"WebSite\",\"@id\":\"https:\/\/www.porta-mallorquina.de\/blog\/#website\",\"url\":\"https:\/\/www.porta-mallorquina.de\/blog\/\",\"name\":\"Porta Mallorquina Blog\",\"description\":\"Mehr als Mallorca Immobilien\",\"publisher\":{\"@id\":\"https:\/\/www.porta-mallorquina.de\/blog\/#organization\"},\"potentialAction\":[{\"@type\":\"SearchAction\",\"target\":{\"@type\":\"EntryPoint\",\"urlTemplate\":\"https:\/\/www.porta-mallorquina.de\/blog\/?s={search_term_string}\"},\"query-input\":{\"@type\":\"PropertyValueSpecification\",\"valueRequired\":true,\"valueName\":\"search_term_string\"}}],\"inLanguage\":\"de\"},{\"@type\":\"Organization\",\"@id\":\"https:\/\/www.porta-mallorquina.de\/blog\/#organization\",\"name\":\"Porta Mallorquina Blog\",\"url\":\"https:\/\/www.porta-mallorquina.de\/blog\/\",\"logo\":{\"@type\":\"ImageObject\",\"inLanguage\":\"de\",\"@id\":\"https:\/\/www.porta-mallorquina.de\/blog\/#\/schema\/logo\/image\/\",\"url\":\"https:\/\/www.porta-mallorquina.de\/blog\/mallorca\/porta-mallorquina-real-estate-mallorca-logo.png\",\"contentUrl\":\"https:\/\/www.porta-mallorquina.de\/blog\/mallorca\/porta-mallorquina-real-estate-mallorca-logo.png\",\"width\":570,\"height\":400,\"caption\":\"Porta Mallorquina Blog\"},\"image\":{\"@id\":\"https:\/\/www.porta-mallorquina.de\/blog\/#\/schema\/logo\/image\/\"}},{\"@type\":\"Person\",\"@id\":\"https:\/\/www.porta-mallorquina.de\/blog\/#\/schema\/person\/1b146226cf8eccf9d7d382a5d9519bed\",\"name\":\"Porta Mallorquina\",\"url\":\"https:\/\/www.porta-mallorquina.de\/blog\/author\/sonja-meyne\/\"}]}<\/script>\n<!-- \/ Yoast SEO plugin. -->","yoast_head_json":{"title":"\u00dcberwintern auf Mallorca: Mildes Klima perfekt zum Langzeiturlaub","description":"\u00dcberwintern auf Mallorca \u27a4 Tipps zu Langzeitmiete \u2713 Saisonmiete \u2713 Ferienvermietung \u2713 Mietkauf \u2713 Alles \u00fcber die besten Orte im Winter \u27a4 Jetzt informieren.","robots":{"index":"index","follow":"follow","max-snippet":"max-snippet:-1","max-image-preview":"max-image-preview:large","max-video-preview":"max-video-preview:-1"},"canonical":"https:\/\/www.porta-mallorquina.de\/blog\/ueberwintern-auf-mallorca\/","og_locale":"de_DE","og_type":"article","og_title":"\u00dcberwintern auf Mallorca: Mildes Klima perfekt zum Langzeiturlaub","og_description":"\u00dcberwintern auf Mallorca \u27a4 Tipps zu Langzeitmiete \u2713 Saisonmiete \u2713 Ferienvermietung \u2713 Mietkauf \u2713 Alles \u00fcber die besten Orte im Winter \u27a4 Jetzt informieren.","og_url":"https:\/\/www.porta-mallorquina.de\/blog\/ueberwintern-auf-mallorca\/","og_site_name":"Porta Mallorquina Blog","article_published_time":"2025-12-01T12:13:46+00:00","article_modified_time":"2026-02-06T13:04:43+00:00","og_image":[{"width":1500,"height":827,"url":"https:\/\/www.porta-mallorquina.de\/blog\/mallorca\/Mallorca-Ueberwintern-1.jpg","type":"image\/jpeg"}],"author":"Porta Mallorquina","twitter_card":"summary_large_image","twitter_misc":{"Verfasst von":"Porta Mallorquina","Gesch\u00e4tzte Lesezeit":"7\u00a0Minuten"},"schema":{"@context":"https:\/\/schema.org","@graph":[{"@type":"Article","@id":"https:\/\/www.porta-mallorquina.de\/blog\/ueberwintern-auf-mallorca\/#article","isPartOf":{"@id":"https:\/\/www.porta-mallorquina.de\/blog\/ueberwintern-auf-mallorca\/"},"author":{"name":"Porta Mallorquina","@id":"https:\/\/www.porta-mallorquina.de\/blog\/#\/schema\/person\/1b146226cf8eccf9d7d382a5d9519bed"},"headline":"\u00dcberwintern auf Mallorca: Mildes Klima und Meeresbrise sind perfekt zum Langzeiturlaub","datePublished":"2025-12-01T12:13:46+00:00","dateModified":"2026-02-06T13:04:43+00:00","mainEntityOfPage":{"@id":"https:\/\/www.porta-mallorquina.de\/blog\/ueberwintern-auf-mallorca\/"},"wordCount":1185,"commentCount":0,"publisher":{"@id":"https:\/\/www.porta-mallorquina.de\/blog\/#organization"},"image":{"@id":"https:\/\/www.porta-mallorquina.de\/blog\/ueberwintern-auf-mallorca\/#primaryimage"},"thumbnailUrl":"https:\/\/www.porta-mallorquina.de\/blog\/mallorca\/Mallorca-Ueberwintern-1.jpg","articleSection":["Ferienvermietung","Langzeitvermietung","Mallorca"],"inLanguage":"de","potentialAction":[{"@type":"CommentAction","name":"Comment","target":["https:\/\/www.porta-mallorquina.de\/blog\/ueberwintern-auf-mallorca\/#respond"]}]},{"@type":"WebPage","@id":"https:\/\/www.porta-mallorquina.de\/blog\/ueberwintern-auf-mallorca\/","url":"https:\/\/www.porta-mallorquina.de\/blog\/ueberwintern-auf-mallorca\/","name":"\u00dcberwintern auf Mallorca: Mildes Klima perfekt zum Langzeiturlaub","isPartOf":{"@id":"https:\/\/www.porta-mallorquina.de\/blog\/#website"},"primaryImageOfPage":{"@id":"https:\/\/www.porta-mallorquina.de\/blog\/ueberwintern-auf-mallorca\/#primaryimage"},"image":{"@id":"https:\/\/www.porta-mallorquina.de\/blog\/ueberwintern-auf-mallorca\/#primaryimage"},"thumbnailUrl":"https:\/\/www.porta-mallorquina.de\/blog\/mallorca\/Mallorca-Ueberwintern-1.jpg","datePublished":"2025-12-01T12:13:46+00:00","dateModified":"2026-02-06T13:04:43+00:00","description":"\u00dcberwintern auf Mallorca \u27a4 Tipps zu Langzeitmiete \u2713 Saisonmiete \u2713 Ferienvermietung \u2713 Mietkauf \u2713 Alles \u00fcber die besten Orte im Winter \u27a4 Jetzt informieren.","breadcrumb":{"@id":"https:\/\/www.porta-mallorquina.de\/blog\/ueberwintern-auf-mallorca\/#breadcrumb"},"inLanguage":"de","potentialAction":[{"@type":"ReadAction","target":["https:\/\/www.porta-mallorquina.de\/blog\/ueberwintern-auf-mallorca\/"]}]},{"@type":"ImageObject","inLanguage":"de","@id":"https:\/\/www.porta-mallorquina.de\/blog\/ueberwintern-auf-mallorca\/#primaryimage","url":"https:\/\/www.porta-mallorquina.de\/blog\/mallorca\/Mallorca-Ueberwintern-1.jpg","contentUrl":"https:\/\/www.porta-mallorquina.de\/blog\/mallorca\/Mallorca-Ueberwintern-1.jpg","width":1500,"height":827,"caption":"Mallorca im Winter erleben - Langzeitmiete mit Porta Mallorquina"},{"@type":"BreadcrumbList","@id":"https:\/\/www.porta-mallorquina.de\/blog\/ueberwintern-auf-mallorca\/#breadcrumb","itemListElement":[{"@type":"ListItem","position":1,"name":"Startseite","item":"https:\/\/www.porta-mallorquina.de\/blog\/"},{"@type":"ListItem","position":2,"name":"\u00dcberwintern auf Mallorca: Mildes Klima und Meeresbrise sind perfekt zum Langzeiturlaub"}]},{"@type":"WebSite","@id":"https:\/\/www.porta-mallorquina.de\/blog\/#website","url":"https:\/\/www.porta-mallorquina.de\/blog\/","name":"Porta Mallorquina Blog","description":"Mehr als Mallorca Immobilien","publisher":{"@id":"https:\/\/www.porta-mallorquina.de\/blog\/#organization"},"potentialAction":[{"@type":"SearchAction","target":{"@type":"EntryPoint","urlTemplate":"https:\/\/www.porta-mallorquina.de\/blog\/?s={search_term_string}"},"query-input":{"@type":"PropertyValueSpecification","valueRequired":true,"valueName":"search_term_string"}}],"inLanguage":"de"},{"@type":"Organization","@id":"https:\/\/www.porta-mallorquina.de\/blog\/#organization","name":"Porta Mallorquina Blog","url":"https:\/\/www.porta-mallorquina.de\/blog\/","logo":{"@type":"ImageObject","inLanguage":"de","@id":"https:\/\/www.porta-mallorquina.de\/blog\/#\/schema\/logo\/image\/","url":"https:\/\/www.porta-mallorquina.de\/blog\/mallorca\/porta-mallorquina-real-estate-mallorca-logo.png","contentUrl":"https:\/\/www.porta-mallorquina.de\/blog\/mallorca\/porta-mallorquina-real-estate-mallorca-logo.png","width":570,"height":400,"caption":"Porta Mallorquina Blog"},"image":{"@id":"https:\/\/www.porta-mallorquina.de\/blog\/#\/schema\/logo\/image\/"}},{"@type":"Person","@id":"https:\/\/www.porta-mallorquina.de\/blog\/#\/schema\/person\/1b146226cf8eccf9d7d382a5d9519bed","name":"Porta Mallorquina","url":"https:\/\/www.porta-mallorquina.de\/blog\/author\/sonja-meyne\/"}]}},"_links":{"self":[{"href":"https:\/\/www.porta-mallorquina.de\/blog\/wp-json\/wp\/v2\/posts\/6255","targetHints":{"allow":["GET"]}}],"collection":[{"href":"https:\/\/www.porta-mallorquina.de\/blog\/wp-json\/wp\/v2\/posts"}],"about":[{"href":"https:\/\/www.porta-mallorquina.de\/blog\/wp-json\/wp\/v2\/types\/post"}],"author":[{"embeddable":true,"href":"https:\/\/www.porta-mallorquina.de\/blog\/wp-json\/wp\/v2\/users\/11"}],"replies":[{"embeddable":true,"href":"https:\/\/www.porta-mallorquina.de\/blog\/wp-json\/wp\/v2\/comments?post=6255"}],"version-history":[{"count":36,"href":"https:\/\/www.porta-mallorquina.de\/blog\/wp-json\/wp\/v2\/posts\/6255\/revisions"}],"predecessor-version":[{"id":6490,"href":"https:\/\/www.porta-mallorquina.de\/blog\/wp-json\/wp\/v2\/posts\/6255\/revisions\/6490"}],"wp:featuredmedia":[{"embeddable":true,"href":"https:\/\/www.porta-mallorquina.de\/blog\/wp-json\/wp\/v2\/media\/6268"}],"wp:attachment":[{"href":"https:\/\/www.porta-mallorquina.de\/blog\/wp-json\/wp\/v2\/media?parent=6255"}],"wp:term":[{"taxonomy":"category","embeddable":true,"href":"https:\/\/www.porta-mallorquina.de\/blog\/wp-json\/wp\/v2\/categories?post=6255"},{"taxonomy":"post_tag","embeddable":true,"href":"https:\/\/www.porta-mallorquina.de\/blog\/wp-json\/wp\/v2\/tags?post=6255"}],"curies":[{"name":"wp","href":"https:\/\/api.w.org\/{rel}","templated":true}]}}